{"id":10097,"date":"2010-08-18T17:06:00","date_gmt":"2010-08-18T16:06:00","guid":{"rendered":"http:\/\/www.kunstwerkstatt.at\/wp\/?p=10097"},"modified":"2020-11-01T11:10:06","modified_gmt":"2020-11-01T10:10:06","slug":"bernhard-osanna","status":"publish","type":"post","link":"https:\/\/www.kunstwerkstatt.at\/wp\/?p=10097","title":{"rendered":"BERNHARD OSANNA"},"content":{"rendered":"\n<figure class=\"wp-block-image alignfull size-full is-style-default\"><img loading=\"lazy\" decoding=\"async\" width=\"2480\" height=\"1654\" src=\"https:\/\/www.kunstwerkstatt.at\/wp\/wp-content\/uploads\/2020\/10\/0FDBBA27-8429-4451-A367-E4597E9BA2F1-1.jpg\" alt=\"\" class=\"wp-image-10102\" srcset=\"https:\/\/www.kunstwerkstatt.at\/wp\/wp-content\/uploads\/2020\/10\/0FDBBA27-8429-4451-A367-E4597E9BA2F1-1.jpg 2480w, https:\/\/www.kunstwerkstatt.at\/wp\/wp-content\/uploads\/2020\/10\/0FDBBA27-8429-4451-A367-E4597E9BA2F1-1-300x200.jpg 300w, https:\/\/www.kunstwerkstatt.at\/wp\/wp-content\/uploads\/2020\/10\/0FDBBA27-8429-4451-A367-E4597E9BA2F1-1-450x300.jpg 450w, https:\/\/www.kunstwerkstatt.at\/wp\/wp-content\/uploads\/2020\/10\/0FDBBA27-8429-4451-A367-E4597E9BA2F1-1-768x512.jpg 768w, https:\/\/www.kunstwerkstatt.at\/wp\/wp-content\/uploads\/2020\/10\/0FDBBA27-8429-4451-A367-E4597E9BA2F1-1-1536x1024.jpg 1536w, https:\/\/www.kunstwerkstatt.at\/wp\/wp-content\/uploads\/2020\/10\/0FDBBA27-8429-4451-A367-E4597E9BA2F1-1-2048x1366.jpg 2048w, https:\/\/www.kunstwerkstatt.at\/wp\/wp-content\/uploads\/2020\/10\/0FDBBA27-8429-4451-A367-E4597E9BA2F1-1-1600x1067.jpg 1600w\" sizes=\"auto, (max-width: 2480px) 100vw, 2480px\" \/><\/figure>\n\n\n\n<div style=\"height:10px\" aria-hidden=\"true\" class=\"wp-block-spacer\"><\/div>\n\n\n\n<h4 class=\"wp-block-heading\"><strong>CD \u2013 Pr\u00e4sentation \u201eOn The Walk\u201c<br><\/strong>Sonntag 01.November 2020<br>Beginn: 17:00<br>Eintritt: 15\u20ac &#8211; Nur mit <a href=\"#reservierung\">Reservierung<\/a>! Ausgebucht! <\/h4>\n\n\n\n<h4 class=\"has-text-align-right wp-block-heading\">keine Karten mehr erh\u00e4ltlich!<\/h4>\n\n\n\n<div class=\"wp-block-buttons is-layout-flex wp-block-buttons-is-layout-flex\">\n<div class=\"wp-block-button is-style-outline is-style-outline--1\"><a class=\"wp-block-button__link\" href=\"https:\/\/www.kunstwerkstatt.at\/wp\/?p=9024\">Infos Corona-Ma\u00dfnahmen im KWT-Betrieb<\/a><\/div>\n<\/div>\n\n\n\n<div style=\"height:40px\" aria-hidden=\"true\" class=\"wp-block-spacer\"><\/div>\n\n\n\n<p>Auf die Frage, ob er seine St\u00fccke aufnimmt, oder sie in der n\u00e4chstbesten Schublade verschwinden l\u00e4sst, hat sich der Jazzbassist die Antwort selbst gegeben: Jetzt oder nie! So entstand gemeinsam mit f\u00fcnf phantastischen MusikerInnen das Deb\u00fctalbum \u201eOn The Walk\u201c. Bernhard Osanna bleibt zwar hinter seinem Bass, tritt jedoch als Komponist aus dem Hintergrund hervor. Stilvielfalt, wechselnde Besetzungen und die Live-Atmosph\u00e4re der Aufnahme sind die hervorzuhebenden Merkmale dieser CD.<\/p>\n\n\n\n<p>\u201eBeebock\u201c z. B. erinnert durch den energetischen Bl\u00e4sersatz und das Vibraphon an die Swing \u00c4ra. Fast kammermusikalisch erklingen Klarinette, Vibraphon und Kontrabass in \u201eWinter in Venice\u201c. Bei \u201eConversation\u201c und \u201eBirdy\u201c spielt die Rhythm Section eine Mischung aus Jazzrock und Funk.<\/p>\n\n\n\n<p>Egal ob Solo, Begleitung oder im Zusammenspiel, die InstrumentalistInnen auf diesem Tondokument leisten Musikalit\u00e4t und Virtuosit\u00e4t auf h\u00f6chstem Niveau! Ein facettenreiches Album mit bunten Klangfarben, dynamischen Grooves und kraftvollen Riffs, das ist \u201eOn The Walk\u201c &#8211; die Reise kann beginnen!<\/p>\n\n\n\n<div style=\"height:41px\" aria-hidden=\"true\" class=\"wp-block-spacer\"><\/div>\n\n\n\n<h3 class=\"wp-block-heading\">Die Musiker<\/h3>\n\n\n\n<p><strong>Bernhard Osanna<\/strong> Kontrabass &amp; E \u2013 Bass<br><strong>Christian Stolz<\/strong> Schlagzeug &amp; Shaker<br><strong>Ilse Riedler<\/strong> Saxophone &amp; Klarinette<br><strong>Markus Gaudriot <\/strong>Klavier &amp; E &#8211; Piano<br><strong>Markus Pechmann<\/strong> Fl\u00fcgelhorn &amp; Trompete<br><strong>Michael Kahlig<\/strong> Vibraphon<\/p>\n\n\n\n<div style=\"height:41px\" aria-hidden=\"true\" class=\"wp-block-spacer\"><\/div>\n\n\n\n<h3 class=\"wp-block-heading\" id=\"reservierung\">Reservierung<\/h3>\n\n\n\n<ul class=\"wp-block-list\"><li>Reservierung unter <a href=\"mailto:office@kunstwerkstatt.at\">office@kunstwerkstatt.at<\/a><\/li><li>Bitte angeben: Name und Anzahl der Karten<\/li><li>Bezahlung an der Abendkassa, mit zugewiesenen Sitzpl\u00e4tzen<\/li><li>Achtung, limitierte Kapazit\u00e4t: Max. 60 Karten!<\/li><\/ul>\n\n\n\n<p><\/p>\n","protected":false},"excerpt":{"rendered":"<p>CD \u2013 Pr\u00e4sentation \u201eOn The Walk\u201cSonntag 01.November 2020Beginn: 17:00Eintritt: 15\u20ac &#8211; Nur mit Reservierung! Ausgebucht! keine Karten mehr erh\u00e4ltlich! Auf&hellip;<\/p>\n","protected":false},"author":4,"featured_media":0,"comment_status":"closed","ping_status":"closed","sticky":false,"template":"","format":"standard","meta":{"ngg_post_thumbnail":0,"footnotes":""},"categories":[1],"tags":[],"class_list":["post-10097","post","type-post","status-publish","format-standard","hentry","category-uncategorized"],"_links":{"self":[{"href":"https:\/\/www.kunstwerkstatt.at\/wp\/index.php?rest_route=\/wp\/v2\/posts\/10097","targetHints":{"allow":["GET"]}}],"collection":[{"href":"https:\/\/www.kunstwerkstatt.at\/wp\/index.php?rest_route=\/wp\/v2\/posts"}],"about":[{"href":"https:\/\/www.kunstwerkstatt.at\/wp\/index.php?rest_route=\/wp\/v2\/types\/post"}],"author":[{"embeddable":true,"href":"https:\/\/www.kunstwerkstatt.at\/wp\/index.php?rest_route=\/wp\/v2\/users\/4"}],"replies":[{"embeddable":true,"href":"https:\/\/www.kunstwerkstatt.at\/wp\/index.php?rest_route=%2Fwp%2Fv2%2Fcomments&post=10097"}],"version-history":[{"count":11,"href":"https:\/\/www.kunstwerkstatt.at\/wp\/index.php?rest_route=\/wp\/v2\/posts\/10097\/revisions"}],"predecessor-version":[{"id":10216,"href":"https:\/\/www.kunstwerkstatt.at\/wp\/index.php?rest_route=\/wp\/v2\/posts\/10097\/revisions\/10216"}],"wp:attachment":[{"href":"https:\/\/www.kunstwerkstatt.at\/wp\/index.php?rest_route=%2Fwp%2Fv2%2Fmedia&parent=10097"}],"wp:term":[{"taxonomy":"category","embeddable":true,"href":"https:\/\/www.kunstwerkstatt.at\/wp\/index.php?rest_route=%2Fwp%2Fv2%2Fcategories&post=10097"},{"taxonomy":"post_tag","embeddable":true,"href":"https:\/\/www.kunstwerkstatt.at\/wp\/index.php?rest_route=%2Fwp%2Fv2%2Ftags&post=10097"}],"curies":[{"name":"wp","href":"https:\/\/api.w.org\/{rel}","templated":true}]}}