{"id":10692,"date":"2010-10-01T17:18:00","date_gmt":"2010-10-01T16:18:00","guid":{"rendered":"http:\/\/www.kunstwerkstatt.at\/wp\/?p=10692"},"modified":"2021-08-10T10:32:26","modified_gmt":"2021-08-10T09:32:26","slug":"oh-oesterreich","status":"publish","type":"post","link":"https:\/\/www.kunstwerkstatt.at\/wp\/?p=10692","title":{"rendered":"Oh \u00d6sterreich"},"content":{"rendered":"\n<p><strong>K\u00fcnstlerische Recherche, \u00a0performative Ausstellung<\/strong> <strong>\u00fcber die\u00a0\u201eIdentit\u00e4t\u201c \u00d6sterreichs und den Begriff \u201eHome\u201c (Heimat, zu Hause, Haus).<br><\/strong><\/p>\n\n\n\n<p><strong>Von und mit <a href=\"https:\/\/juliavandehof.com\/theater-spinnerei\/\">Lucid Dreams Theater<\/a> und Kunstlabor<br>So 15. August, 18:00 Uhr<br>Freie Spende<\/strong><br><strong>Detaillierte Termin-Infos zeitnah auf der Website <a href=\"http:\/\/www.juliavandehof.com\">www.juliavandehof.com<\/a><\/strong> <br><strong>Eine Veranstaltung im Rahmen des<\/strong> <strong><a href=\"https:\/\/www.viertelfestival-noe.at\/\">Viertelfestivals N\u00d6 2021<\/a><\/strong><\/p>\n\n\n\n<p><\/p>\n\n\n\n<figure class=\"wp-block-pullquote has-border-color has-quaternary-border-color has-primary-color has-text-color\"><blockquote><p>Heimat bedeutet im weitesten Sinne in sich selbst zu Hause sein.<strong><br><\/strong><\/p><\/blockquote><\/figure>\n\n\n\n<div style=\"height:9px\" aria-hidden=\"true\" class=\"wp-block-spacer\"><\/div>\n\n\n\n<p>Was zeichnet \u00d6sterreich aus? Was macht es zu meinem Zuhause? Und was bedeutet dieser gern verwendete Heimat-Begriff wirklich? Ist Heimat in meinem gro\u00dfen Zeh zu finden? Im Geruch der Blumenwiese, wenn ich mein Schlafzimmerfenster \u00f6ffne? Wie klingt zu Hause? Und ob sich eine Schnecke wohl immer zu Hause f\u00fchlt?&nbsp;<\/p>\n\n\n\n<p>Diesen und anderen Fragen &nbsp;rund um den Begriff HOME n\u00e4hern sich&nbsp;<em>K\u00fcnstler<\/em><em>*<\/em>innen aus verschiedenen Disziplinen in einem viert\u00e4gigen Workshop gemeinsam an und entwickeln vielf\u00e4ltige&nbsp; Positionen und individuelle&nbsp;Ideen von Heimatgef\u00fchl abseits von populistischen Kampfansagen, daf\u00fcr&nbsp;mit Augenzwinkern&nbsp;und Tiefgang.<\/p>\n\n\n\n<p>F\u00fcr eine abschlie\u00dfende Pr\u00e4sentation in Form einer\u00a0performativen, interdisziplin\u00e4ren Ausstellung mit Theater, Bildender Kunst, Live-Musik und Poesie\u00a0wird Publikum eingeladen, um den unterschiedlichen Entw\u00fcrfen zu begegnen.\u00a0<\/p>\n\n\n\n<p><\/p>\n\n\n\n<p><\/p>\n\n\n\n<h4 class=\"wp-block-heading\"><strong>Von und mit:\u00a0<\/strong><\/h4>\n\n\n\n<p>Theresa Willerstorfer<br>Daya V\u00e1rkonyi<br>Julia Vandehof<br>Gerit Scholz<br>Ulli <meta charset=\"utf-8\">L\u00f6ffler <br>Melissa L\u00f6ffler<br>Norbert Kienbeck<br>Petra Hochrieder<br>Theresa Fellinger<br>Boti Benedek<\/p>\n\n\n\n<p><strong>Technik:<\/strong>&nbsp;Leroy Werner<\/p>\n\n\n\n<p><strong>Marketing, Social Media:<\/strong>&nbsp;Helene Sorger<\/p>\n\n\n\n<p><strong>Assistenz Produktion \/ Organisation:<\/strong>&nbsp;Sara Schmiedl<\/p>\n\n\n\n<p><strong>Konzept und Projektleitung:<\/strong>\u00a0Julia Vandehof ist Theatermacherin und Performerin, lebt zwischen Zwentendorf und Berlin, liebt es ferne L\u00e4nder zu bereisen und andere Kulturen kennen zu lernen. Der Research entfaltet sich f\u00fcr sie zwischen Nostalgie und kritischem Blick. Vor allem besch\u00e4ftigt sie die Frage, wo Heimat in uns selbst zu finden ist.<\/p>\n\n\n\n<div style=\"height:2px\" aria-hidden=\"true\" class=\"wp-block-spacer\"><\/div>\n\n\n\n<div class=\"wp-block-buttons is-layout-flex wp-block-buttons-is-layout-flex\">\n<div class=\"wp-block-button is-style-outline is-style-outline--1\"><a class=\"wp-block-button__link\" href=\"https:\/\/www.instagram.com\/lucid_dreams_theater\/\">Lucis Dreams Theater auf Instagram!<\/a><\/div>\n<\/div>\n\n\n\n<div class=\"wp-block-buttons is-layout-flex wp-block-buttons-is-layout-flex\">\n<div class=\"wp-block-button is-style-outline is-style-outline--2\"><a class=\"wp-block-button__link\" href=\"https:\/\/www.instagram.com\/ohoesterreich_lucid_dreams\/\">Oh \u00d6sterreich auf Instagram!<\/a><\/div>\n<\/div>\n\n\n\n<p class=\"has-primary-color has-text-color\">Mit freundlicher Unterst\u00fctzung von Land N\u00d6, BMKOES, \u00a0EVN, Intertreuhand Prachner, Stadt Tulln, Gemeinde Zwentendorf, Kulturkontakt Austria\u00a0<\/p>\n\n\n\n<div class=\"wp-block-image\"><figure class=\"alignleft size-large\"><img loading=\"lazy\" decoding=\"async\" width=\"450\" height=\"338\" src=\"https:\/\/www.kunstwerkstatt.at\/wp\/wp-content\/uploads\/2021\/06\/VFNO\u0308_cViertelfestival-NO\u0308-450x338.jpg\" alt=\"\" class=\"wp-image-10678\" srcset=\"https:\/\/www.kunstwerkstatt.at\/wp\/wp-content\/uploads\/2021\/06\/VFNO\u0308_cViertelfestival-NO\u0308-450x338.jpg 450w, https:\/\/www.kunstwerkstatt.at\/wp\/wp-content\/uploads\/2021\/06\/VFNO\u0308_cViertelfestival-NO\u0308-300x225.jpg 300w, https:\/\/www.kunstwerkstatt.at\/wp\/wp-content\/uploads\/2021\/06\/VFNO\u0308_cViertelfestival-NO\u0308-768x576.jpg 768w, https:\/\/www.kunstwerkstatt.at\/wp\/wp-content\/uploads\/2021\/06\/VFNO\u0308_cViertelfestival-NO\u0308-1536x1152.jpg 1536w, https:\/\/www.kunstwerkstatt.at\/wp\/wp-content\/uploads\/2021\/06\/VFNO\u0308_cViertelfestival-NO\u0308-2048x1536.jpg 2048w, https:\/\/www.kunstwerkstatt.at\/wp\/wp-content\/uploads\/2021\/06\/VFNO\u0308_cViertelfestival-NO\u0308-1600x1200.jpg 1600w\" sizes=\"auto, (max-width: 450px) 100vw, 450px\" \/><\/figure><\/div>\n\n\n\n<h3 class=\"wp-block-heading\">Viertelfestival N\u00d6 &#8211; Mostviertel 2021<\/h3>\n\n\n\n<p>Das Viertelfestival Nieder\u00f6sterreich pr\u00e4sentiert die aufregende Vielfalt der nieder\u00f6sterreichischen Regionalkultur. Kunst- und Kulturprojekte von Kunstschaffenden aus der Region, kreative Ideen von Vereinen, K\u00fcnstlerinnen und K\u00fcnstlern, Kulturinitiativen und auch Schulprojekte werden vor Ort umgesetzt und ziehen ein breites Publikum an.<\/p>\n\n\n\n<figure class=\"wp-block-image alignfull size-large\"><a href=\"https:\/\/www.viertelfestival-noe.at\/\"><img loading=\"lazy\" decoding=\"async\" width=\"450\" height=\"193\" src=\"https:\/\/www.kunstwerkstatt.at\/wp\/wp-content\/uploads\/2021\/06\/VFNOE_Logo_2021_Im_Rahmen_des_rot-450x193.png\" alt=\"\" class=\"wp-image-10700\" srcset=\"https:\/\/www.kunstwerkstatt.at\/wp\/wp-content\/uploads\/2021\/06\/VFNOE_Logo_2021_Im_Rahmen_des_rot-450x193.png 450w, https:\/\/www.kunstwerkstatt.at\/wp\/wp-content\/uploads\/2021\/06\/VFNOE_Logo_2021_Im_Rahmen_des_rot-300x129.png 300w, https:\/\/www.kunstwerkstatt.at\/wp\/wp-content\/uploads\/2021\/06\/VFNOE_Logo_2021_Im_Rahmen_des_rot-768x329.png 768w, https:\/\/www.kunstwerkstatt.at\/wp\/wp-content\/uploads\/2021\/06\/VFNOE_Logo_2021_Im_Rahmen_des_rot-1536x659.png 1536w, https:\/\/www.kunstwerkstatt.at\/wp\/wp-content\/uploads\/2021\/06\/VFNOE_Logo_2021_Im_Rahmen_des_rot-2048x878.png 2048w, https:\/\/www.kunstwerkstatt.at\/wp\/wp-content\/uploads\/2021\/06\/VFNOE_Logo_2021_Im_Rahmen_des_rot-1600x686.png 1600w\" sizes=\"auto, (max-width: 450px) 100vw, 450px\" \/><\/a><\/figure>\n","protected":false},"excerpt":{"rendered":"<p>K\u00fcnstlerische Recherche, \u00a0performative Ausstellung \u00fcber die\u00a0\u201eIdentit\u00e4t\u201c \u00d6sterreichs und den Begriff \u201eHome\u201c (Heimat, zu Hause, Haus). Von und mit Lucid Dreams&hellip;<\/p>\n","protected":false},"author":4,"featured_media":10789,"comment_status":"closed","ping_status":"closed","sticky":false,"template":"","format":"standard","meta":{"ngg_post_thumbnail":0,"footnotes":""},"categories":[1],"tags":[],"class_list":["post-10692","post","type-post","status-publish","format-standard","has-post-thumbnail","hentry","category-uncategorized"],"_links":{"self":[{"href":"https:\/\/www.kunstwerkstatt.at\/wp\/index.php?rest_route=\/wp\/v2\/posts\/10692","targetHints":{"allow":["GET"]}}],"collection":[{"href":"https:\/\/www.kunstwerkstatt.at\/wp\/index.php?rest_route=\/wp\/v2\/posts"}],"about":[{"href":"https:\/\/www.kunstwerkstatt.at\/wp\/index.php?rest_route=\/wp\/v2\/types\/post"}],"author":[{"embeddable":true,"href":"https:\/\/www.kunstwerkstatt.at\/wp\/index.php?rest_route=\/wp\/v2\/users\/4"}],"replies":[{"embeddable":true,"href":"https:\/\/www.kunstwerkstatt.at\/wp\/index.php?rest_route=%2Fwp%2Fv2%2Fcomments&post=10692"}],"version-history":[{"count":13,"href":"https:\/\/www.kunstwerkstatt.at\/wp\/index.php?rest_route=\/wp\/v2\/posts\/10692\/revisions"}],"predecessor-version":[{"id":10797,"href":"https:\/\/www.kunstwerkstatt.at\/wp\/index.php?rest_route=\/wp\/v2\/posts\/10692\/revisions\/10797"}],"wp:featuredmedia":[{"embeddable":true,"href":"https:\/\/www.kunstwerkstatt.at\/wp\/index.php?rest_route=\/wp\/v2\/media\/10789"}],"wp:attachment":[{"href":"https:\/\/www.kunstwerkstatt.at\/wp\/index.php?rest_route=%2Fwp%2Fv2%2Fmedia&parent=10692"}],"wp:term":[{"taxonomy":"category","embeddable":true,"href":"https:\/\/www.kunstwerkstatt.at\/wp\/index.php?rest_route=%2Fwp%2Fv2%2Fcategories&post=10692"},{"taxonomy":"post_tag","embeddable":true,"href":"https:\/\/www.kunstwerkstatt.at\/wp\/index.php?rest_route=%2Fwp%2Fv2%2Ftags&post=10692"}],"curies":[{"name":"wp","href":"https:\/\/api.w.org\/{rel}","templated":true}]}}