{"id":10713,"date":"2010-10-01T18:14:00","date_gmt":"2010-10-01T17:14:00","guid":{"rendered":"http:\/\/www.kunstwerkstatt.at\/wp\/?p=10713"},"modified":"2021-06-01T18:16:12","modified_gmt":"2021-06-01T17:16:12","slug":"donaudichten-poetry-slam","status":"publish","type":"post","link":"https:\/\/www.kunstwerkstatt.at\/wp\/?p=10713","title":{"rendered":"Donaudichten &#8211; Poetry Slam"},"content":{"rendered":"\n<p><strong>Beste Wortkunst aus Stadt, Land und Donau.<\/strong><br><strong>10. September 2021<br>Beginn 20:00 (Einlass ab 19:30)<br>Eintritt: 11\u20ac (8\u20ac erm\u00e4\u00dfigt)<\/strong><\/p>\n\n\n\n<p><strong>Organisiert von<a href=\"https:\/\/fomp.eu\/\"> FOMP &#8211; B\u00fchnenkultur in Wien und Nieder\u00f6sterreich<\/a><\/strong><\/p>\n\n\n\n<div style=\"height:1px\" aria-hidden=\"true\" class=\"wp-block-spacer\"><\/div>\n\n\n\n<p>Poetry Slam ist moderne Poesie und Performance. Ob zum Lachen oder Tr\u00e4umen, zum Genie\u00dfen oder Ausrasten. F\u00fcnf Minuten B\u00fchnenzeit f\u00fcr selbst verfasste Texte. Alle Textsorten sind willkommen, der Art des Vortrags keine Grenzen gesetzt. Requisiten gibt\u2019s keine. Das Publikum ist die Jury. Ihr seid das Publikum \u2013 herzlich willkommen!<\/p>\n\n\n\n<p><strong>Mitmachen:<\/strong><br>Donaudichten ist ein Poetry Slam mit geladenen Slammerinnen und Slammern aus dem gesamten deutschsprachigen Raum. Und gerne mit dir. Wenn du mit deinem Text an das Mikro willst, dann wollen wir das auch.<\/p>\n\n\n\n<p><strong>Workshop:<\/strong><br>Am Nachmittag des Veranstaltungstages bieten wir einen kostenlosen Workshop an. Zum kreativen Austausch, zum Schreiben, zum Feilen an Texten, zum Kennenlernen. Geleitet vom Tullner Stammmoderator und \u00d6sterreichischen Poetry Slam Meister&nbsp;<a href=\"https:\/\/www.facebook.com\/scheinerjonas\/\" target=\"_blank\" rel=\"noreferrer noopener\">Jonas Scheiner<\/a>.<\/p>\n\n\n\n<p><strong>Wann und wo?<br><\/strong>Der Workshop findet am 10. September von 16:00 &#8211; 18:00 in der Kunstwerkstatt statt. Du m\u00f6chtest am Slam und\/oder am Workshop teilnehmen? Du hast Fragen? Dann melde dich! Anmeldung f\u00fcr Slam\/Workshop bitte bis einen Tag vor der Veranstaltung. Mail an <a href=\"mailto:contact@fomp.eu\">contact@fomp.eu<\/a><\/p>\n\n\n\n<p><br><\/p>\n","protected":false},"excerpt":{"rendered":"<p>Beste Wortkunst aus Stadt, Land und Donau.10. September 2021Beginn 20:00 (Einlass ab 19:30)Eintritt: 11\u20ac (8\u20ac erm\u00e4\u00dfigt) Organisiert von FOMP &#8211;&hellip;<\/p>\n","protected":false},"author":4,"featured_media":10715,"comment_status":"closed","ping_status":"closed","sticky":false,"template":"","format":"standard","meta":{"ngg_post_thumbnail":0,"footnotes":""},"categories":[1],"tags":[],"class_list":["post-10713","post","type-post","status-publish","format-standard","has-post-thumbnail","hentry","category-uncategorized"],"_links":{"self":[{"href":"https:\/\/www.kunstwerkstatt.at\/wp\/index.php?rest_route=\/wp\/v2\/posts\/10713","targetHints":{"allow":["GET"]}}],"collection":[{"href":"https:\/\/www.kunstwerkstatt.at\/wp\/index.php?rest_route=\/wp\/v2\/posts"}],"about":[{"href":"https:\/\/www.kunstwerkstatt.at\/wp\/index.php?rest_route=\/wp\/v2\/types\/post"}],"author":[{"embeddable":true,"href":"https:\/\/www.kunstwerkstatt.at\/wp\/index.php?rest_route=\/wp\/v2\/users\/4"}],"replies":[{"embeddable":true,"href":"https:\/\/www.kunstwerkstatt.at\/wp\/index.php?rest_route=%2Fwp%2Fv2%2Fcomments&post=10713"}],"version-history":[{"count":2,"href":"https:\/\/www.kunstwerkstatt.at\/wp\/index.php?rest_route=\/wp\/v2\/posts\/10713\/revisions"}],"predecessor-version":[{"id":10716,"href":"https:\/\/www.kunstwerkstatt.at\/wp\/index.php?rest_route=\/wp\/v2\/posts\/10713\/revisions\/10716"}],"wp:featuredmedia":[{"embeddable":true,"href":"https:\/\/www.kunstwerkstatt.at\/wp\/index.php?rest_route=\/wp\/v2\/media\/10715"}],"wp:attachment":[{"href":"https:\/\/www.kunstwerkstatt.at\/wp\/index.php?rest_route=%2Fwp%2Fv2%2Fmedia&parent=10713"}],"wp:term":[{"taxonomy":"category","embeddable":true,"href":"https:\/\/www.kunstwerkstatt.at\/wp\/index.php?rest_route=%2Fwp%2Fv2%2Fcategories&post=10713"},{"taxonomy":"post_tag","embeddable":true,"href":"https:\/\/www.kunstwerkstatt.at\/wp\/index.php?rest_route=%2Fwp%2Fv2%2Ftags&post=10713"}],"curies":[{"name":"wp","href":"https:\/\/api.w.org\/{rel}","templated":true}]}}