{"id":10750,"date":"2010-10-10T10:44:00","date_gmt":"2010-10-10T09:44:00","guid":{"rendered":"http:\/\/www.kunstwerkstatt.at\/wp\/?p=10750"},"modified":"2021-06-24T13:28:37","modified_gmt":"2021-06-24T12:28:37","slug":"take-care-a-rabbit-hole","status":"publish","type":"post","link":"https:\/\/www.kunstwerkstatt.at\/wp\/?p=10750","title":{"rendered":"Take care! A rabbit hole!"},"content":{"rendered":"\n<p><strong>Performance mit Ainhoa Hevia Uria , Julia Vandehof<\/strong> (<meta charset=\"utf-8\"><strong>Technik: Leroy Werner<\/strong>)<br><strong>2. Juli 2021, 21:00 &#8211; Freie Spende<\/strong><\/p>\n\n\n\n<p><\/p>\n\n\n\n<p><em>Um Anmeldung und Kartenreservierung wird gebeten unter\u00a0<a href=\"mailto:lucid_dreams@gmx.at\">lucid_dreams@gmx.at<\/a><\/em><\/p>\n\n\n\n<h6 class=\"has-secondary-color has-text-color wp-block-heading\">ACHTUNG: F\u00fcr die Veranstaltung gilt die 3G-Regel. Beim Einlass muss nachgewiesen werden, dass die betretende Person geimpft, getestet oder genesen ist. Es gelten die aktuellen Covid19-Bestimmungen am Tage der Veranstaltung.<\/h6>\n\n\n\n<div style=\"height:7px\" aria-hidden=\"true\" class=\"wp-block-spacer\"><\/div>\n\n\n\n<blockquote class=\"wp-block-quote is-layout-flow wp-block-quote-is-layout-flow\"><p>&#8222;Wer mit Ungeheuern k\u00e4mpft, mag zusehn, da\u00df er nicht dabei zum Ungeheuer wird. Und wenn du lange in einen Abgrund blickst, blickt der Abgrund auch in dich hinein.&#8220;<\/p><cite><em>Nietzsche&nbsp;<\/em><\/cite><\/blockquote>\n\n\n\n<p>&#8222;Was&nbsp; hast du so w\u00e4hrend dem Lockdown \u2013 \u00e4h den Lockdowns so gemacht? Die Sonne genossen? B\u00fccher gelesen? Warst spazieren? Netflix gestreamt? Meditiert? Wir sind&nbsp; gesprungen, hinein in das Rabbit Hole. Tief hinunter. Sind geschrumpft und gewachsen, beinahe ertrunken, haben die Schatten gesehen, tiefer gegraben und irgendwann bemerkt, dass wir schon wieder aufgetaucht waren. Und pl\u00f6tzlich ist Fr\u00fchling.&#8220;&nbsp;<\/p>\n\n\n\n<p>Take care! A Rabbit Hole! ist eine interdisziplin\u00e4re Performance, ein poetisches Bilder-Gedicht, physisches Theater. Schr\u00e4g. Witzig. D\u00fcster. Chaotisch.&nbsp;<\/p>\n\n\n\n<p>Die B\u00fchne wird zum Abgrund, in dem skurrile Monster erwachen, Schatten ihr Unwesen treiben und groteske Momente zum Lachen bringen. Vor allem entl\u00e4sst die Performance ihre Zuseher*innen mit dem Gef\u00fchl, dass nach jedem Winter doch immer wieder der Fr\u00fchling kommt.&nbsp;<\/p>\n\n\n\n<p>Ainhoa und Julia haben diese Performance aus k\u00fcnstlerischem Material entwickelt, das im Rahmen einer Recherche entstand \u00fcber jenen Moment im Zyklus der literarischen Heldenreise, in dem der Protagonist konfrontiert ist mit seinem eigenen \u201eAbgrund\u201c, mit Tod und Wiedergeburt, dem Abstieg in die G\u00e4rten der Unterwelt und der Begegnung mit seinen eigenen Schatten. Im Falle dieser Performance: die ProtagonistINNEN.&nbsp; Denn es sind die Mythen und Geschichten von Innana, Alice und Persephone, die als Inspirationsquellen zur spielerischen Erforschung jenes unsagbaren Stadiums herangezogen wurden.&nbsp;<\/p>\n\n\n\n<p>In den Researchprozess waren Angharad Matthews und Michelle Madson involviert. In der Performance sind sie via Audio und Videomaterial pr\u00e4sent.&nbsp;<\/p>\n\n\n\n<div class=\"wp-block-buttons is-layout-flex wp-block-buttons-is-layout-flex\">\n<div class=\"wp-block-button is-style-outline is-style-outline--1\"><a class=\"wp-block-button__link\" href=\"https:\/\/www.instagram.com\/julia_vandehof\/\">Julia Vandehof auf Instagram!<\/a><\/div>\n<\/div>\n\n\n\n<div class=\"wp-block-buttons is-layout-flex wp-block-buttons-is-layout-flex\">\n<div class=\"wp-block-button is-style-outline is-style-outline--2\"><a class=\"wp-block-button__link\" href=\"https:\/\/www.instagram.com\/lucid_dreams_theater\/\"><meta charset=\"utf-8\">Lucis Dreams Theater auf Instagram!<\/a><\/div>\n<\/div>\n","protected":false},"excerpt":{"rendered":"<p>Performance mit Ainhoa Hevia Uria , Julia Vandehof (Technik: Leroy Werner)2. Juli 2021, 21:00 &#8211; Freie Spende Um Anmeldung und&hellip;<\/p>\n","protected":false},"author":4,"featured_media":10763,"comment_status":"closed","ping_status":"closed","sticky":false,"template":"","format":"standard","meta":{"ngg_post_thumbnail":0,"footnotes":""},"categories":[1],"tags":[],"class_list":["post-10750","post","type-post","status-publish","format-standard","has-post-thumbnail","hentry","category-uncategorized"],"_links":{"self":[{"href":"https:\/\/www.kunstwerkstatt.at\/wp\/index.php?rest_route=\/wp\/v2\/posts\/10750","targetHints":{"allow":["GET"]}}],"collection":[{"href":"https:\/\/www.kunstwerkstatt.at\/wp\/index.php?rest_route=\/wp\/v2\/posts"}],"about":[{"href":"https:\/\/www.kunstwerkstatt.at\/wp\/index.php?rest_route=\/wp\/v2\/types\/post"}],"author":[{"embeddable":true,"href":"https:\/\/www.kunstwerkstatt.at\/wp\/index.php?rest_route=\/wp\/v2\/users\/4"}],"replies":[{"embeddable":true,"href":"https:\/\/www.kunstwerkstatt.at\/wp\/index.php?rest_route=%2Fwp%2Fv2%2Fcomments&post=10750"}],"version-history":[{"count":9,"href":"https:\/\/www.kunstwerkstatt.at\/wp\/index.php?rest_route=\/wp\/v2\/posts\/10750\/revisions"}],"predecessor-version":[{"id":10780,"href":"https:\/\/www.kunstwerkstatt.at\/wp\/index.php?rest_route=\/wp\/v2\/posts\/10750\/revisions\/10780"}],"wp:featuredmedia":[{"embeddable":true,"href":"https:\/\/www.kunstwerkstatt.at\/wp\/index.php?rest_route=\/wp\/v2\/media\/10763"}],"wp:attachment":[{"href":"https:\/\/www.kunstwerkstatt.at\/wp\/index.php?rest_route=%2Fwp%2Fv2%2Fmedia&parent=10750"}],"wp:term":[{"taxonomy":"category","embeddable":true,"href":"https:\/\/www.kunstwerkstatt.at\/wp\/index.php?rest_route=%2Fwp%2Fv2%2Fcategories&post=10750"},{"taxonomy":"post_tag","embeddable":true,"href":"https:\/\/www.kunstwerkstatt.at\/wp\/index.php?rest_route=%2Fwp%2Fv2%2Ftags&post=10750"}],"curies":[{"name":"wp","href":"https:\/\/api.w.org\/{rel}","templated":true}]}}