{"id":11046,"date":"2016-09-30T21:41:00","date_gmt":"2016-09-30T20:41:00","guid":{"rendered":"http:\/\/www.kunstwerkstatt.at\/wp\/?p=11046"},"modified":"2021-10-25T09:12:42","modified_gmt":"2021-10-25T08:12:42","slug":"donaudichten","status":"publish","type":"post","link":"https:\/\/www.kunstwerkstatt.at\/wp\/?p=11046","title":{"rendered":"DONAUDICHTEN"},"content":{"rendered":"\n<h5 class=\"wp-block-heading\"><meta charset=\"utf-8\"><strong>Poetry Slam by <a href=\"https:\/\/fomp.eu\/\">FOMP<\/a><\/strong><br>So 31.Oktober um 20:00<br>Mit Workshop davor!<\/h5>\n\n\n\n<div class=\"wp-block-buttons is-layout-flex wp-block-buttons-is-layout-flex\">\n<div class=\"wp-block-button is-style-outline is-style-outline--1\"><a class=\"wp-block-button__link\" href=\"https:\/\/www.kunstwerkstatt.at\/wp\/?p=9024\">Zu unseren Corona Ma\u00dfnahmen<\/a><\/div>\n<\/div>\n\n\n\n<p>Beste Wortkunst aus Stadt, Land und Donau! Poetry Slam ist moderne Poesie und Performance. Ob zum Lachen oder Tr\u00e4umen, zum Genie\u00dfen oder Ausrasten. F\u00fcnf Minuten B\u00fchnenzeit f\u00fcr selbst verfasste Texte. Alle Textsorten sind willkommen, der Art des Vortrags keine Grenzen gesetzt. Requisiten gibt\u2019s keine. Das Publikum ist die Jury. Ihr seid das Publikum \u2013 herzlich willkommen!<\/p>\n\n\n\n<p>Workshop: 16:00-18:00 im Jugendzentrum Tulln, Franz-Zant-Allee 1<br>Poetry Slam: Einlass 19:30, Beginn 20:00<br>Abendkassa (Poetry Slam): 11\u20ac bzw. 8\u20ac erm\u00e4\u00dfigt<\/p>\n\n\n\n<p>\u2022\u2022\u2022\u2022\u2022\u2022\u2022\u2022\u2022\u2022\u2022\u2022\u2022\u2022\u2022\u2022\u2022\u2022\u2022\u2022\u2022\u2022\u2022\u2022\u2022\u2022\u2022\u2022\u2022\u2022\u2022\u2022\u2022\u2022\u2022\u2022\u2022\u2022\u2022\u2022\u2022\u2022\u2022\u2022\u2022\u2022\u2022\u2022\u2022\u2022\u2022\u2022\u2022\u2022\u2022\u2022<\/p>\n\n\n\n<p><strong>Mitmachen:<br><\/strong>Donaudichten ist ein Poetry Slam mit geladenen Slammerinnen und Slammern aus dem gesamten deutschsprachigen Raum. Und gerne mit dir. Wenn du mit deinem Text an das Mikro willst, dann wollen wir das auch.<\/p>\n\n\n\n<p><strong>Workshop:<br><\/strong>Am Nachmittag des Veranstaltungstages bieten wir einen kostenlosen Workshop an. Zum kreativen Austausch, zum Schreiben, zum Feilen an Texten, zum Kennenlernen. Geleitet vom Tullner Stammmoderator und \u00d6sterreichischen Poetry Slam Meister Jonas Scheiner.<\/p>\n\n\n\n<p><meta charset=\"utf-8\">\u2022\u2022\u2022\u2022\u2022\u2022\u2022\u2022\u2022\u2022\u2022\u2022\u2022\u2022\u2022\u2022\u2022\u2022\u2022\u2022\u2022\u2022\u2022\u2022\u2022\u2022\u2022\u2022\u2022\u2022\u2022\u2022\u2022\u2022\u2022\u2022\u2022\u2022\u2022\u2022\u2022\u2022\u2022\u2022\u2022\u2022\u2022\u2022\u2022\u2022\u2022\u2022\u2022\u2022\u2022\u2022<\/p>\n\n\n\n<p>Du m\u00f6chtest am Slam und\/oder am Workshop teilnehmen? Du hast Fragen? Dann melde dich! Anmeldung f\u00fcr Slam\/Workshop bitte bis einen Tag vor der Veranstaltung.<br>Mail an contact@fomp.eu<\/p>\n\n\n\n<p>proudly presented by<br>FOMP<\/p>\n\n\n\n<p>made possible by<br>you<\/p>\n","protected":false},"excerpt":{"rendered":"<p>Poetry Slam by FOMPSo 31.Oktober um 20:00Mit Workshop davor! Beste Wortkunst aus Stadt, Land und Donau! Poetry Slam ist moderne&hellip;<\/p>\n","protected":false},"author":4,"featured_media":10715,"comment_status":"closed","ping_status":"closed","sticky":false,"template":"","format":"standard","meta":{"ngg_post_thumbnail":0,"footnotes":""},"categories":[1],"tags":[],"class_list":["post-11046","post","type-post","status-publish","format-standard","has-post-thumbnail","hentry","category-uncategorized"],"_links":{"self":[{"href":"https:\/\/www.kunstwerkstatt.at\/wp\/index.php?rest_route=\/wp\/v2\/posts\/11046","targetHints":{"allow":["GET"]}}],"collection":[{"href":"https:\/\/www.kunstwerkstatt.at\/wp\/index.php?rest_route=\/wp\/v2\/posts"}],"about":[{"href":"https:\/\/www.kunstwerkstatt.at\/wp\/index.php?rest_route=\/wp\/v2\/types\/post"}],"author":[{"embeddable":true,"href":"https:\/\/www.kunstwerkstatt.at\/wp\/index.php?rest_route=\/wp\/v2\/users\/4"}],"replies":[{"embeddable":true,"href":"https:\/\/www.kunstwerkstatt.at\/wp\/index.php?rest_route=%2Fwp%2Fv2%2Fcomments&post=11046"}],"version-history":[{"count":4,"href":"https:\/\/www.kunstwerkstatt.at\/wp\/index.php?rest_route=\/wp\/v2\/posts\/11046\/revisions"}],"predecessor-version":[{"id":11173,"href":"https:\/\/www.kunstwerkstatt.at\/wp\/index.php?rest_route=\/wp\/v2\/posts\/11046\/revisions\/11173"}],"wp:featuredmedia":[{"embeddable":true,"href":"https:\/\/www.kunstwerkstatt.at\/wp\/index.php?rest_route=\/wp\/v2\/media\/10715"}],"wp:attachment":[{"href":"https:\/\/www.kunstwerkstatt.at\/wp\/index.php?rest_route=%2Fwp%2Fv2%2Fmedia&parent=11046"}],"wp:term":[{"taxonomy":"category","embeddable":true,"href":"https:\/\/www.kunstwerkstatt.at\/wp\/index.php?rest_route=%2Fwp%2Fv2%2Fcategories&post=11046"},{"taxonomy":"post_tag","embeddable":true,"href":"https:\/\/www.kunstwerkstatt.at\/wp\/index.php?rest_route=%2Fwp%2Fv2%2Ftags&post=11046"}],"curies":[{"name":"wp","href":"https:\/\/api.w.org\/{rel}","templated":true}]}}