{"id":11052,"date":"2016-09-30T21:53:00","date_gmt":"2016-09-30T20:53:00","guid":{"rendered":"http:\/\/www.kunstwerkstatt.at\/wp\/?p=11052"},"modified":"2021-10-13T13:59:49","modified_gmt":"2021-10-13T12:59:49","slug":"manfred-distel-lesung","status":"publish","type":"post","link":"https:\/\/www.kunstwerkstatt.at\/wp\/?p=11052","title":{"rendered":"HC, Breitensee und Weanaschm\u00e4h&#8216;"},"content":{"rendered":"\n<h5 class=\"wp-block-heading\"><meta charset=\"utf-8\"><\/h5>\n\n\n\n<h4 class=\"wp-block-heading\"><strong>Lesung mit Manfred A. Distel und Walter Orleth<\/strong><br>Fr 05.November um 19:30<br><strong>VVK \u20ac 14.-, AK \u20ac 16.-,<\/strong> <strong>KWT Mitglieder \u20ac 12.- <\/strong><\/h4>\n\n\n\n<p><\/p>\n\n\n\n<p><\/p>\n\n\n\n<p><strong>Kartenverkauf &#8211; so funktioniert`s:<\/strong><\/p>\n\n\n\n<ul class=\"wp-block-list\"><li>Sie bestellen per Email unter office@kunstwerkstatt.at die entsprechende Kartenzahl f\u00fcr sich oder eine zusammengeh\u00f6rige Gruppe f\u00fcr den gew\u00fcnschten Tag.- Betreff: Lesung 5.nov21<\/li><li>Den Preis f\u00fcr die gew\u00fcnschten Karten \u00fcberweisen Sie auf das Konto der Kunstwerkstatt bei der Bank Austria: IBAN: AT20 1200 0004 6762 4300<\/li><li>Sie bekommen eine Antwortmail mit den Nummern Ihrer Z\u00e4hlkarten<\/li><li>An der Abendkassa werden dann die entsprechenden Platzkarten \u00fcberreicht. Es gilt voraussichtlich die 3G-Regel<\/li><li><strong>Wenn eine Bestellung per Mail nicht m\u00f6glich ist: Whatsapp 0676-93 82 805<\/strong><\/li><\/ul>\n\n\n\n<figure class=\"wp-block-image size-full\"><img loading=\"lazy\" decoding=\"async\" width=\"1653\" height=\"2338\" src=\"https:\/\/www.kunstwerkstatt.at\/wp\/wp-content\/uploads\/2021\/10\/Plakat-Artmann-2.jpg\" alt=\"\" class=\"wp-image-11158\" srcset=\"https:\/\/www.kunstwerkstatt.at\/wp\/wp-content\/uploads\/2021\/10\/Plakat-Artmann-2.jpg 1653w, https:\/\/www.kunstwerkstatt.at\/wp\/wp-content\/uploads\/2021\/10\/Plakat-Artmann-2-212x300.jpg 212w, https:\/\/www.kunstwerkstatt.at\/wp\/wp-content\/uploads\/2021\/10\/Plakat-Artmann-2-450x636.jpg 450w, https:\/\/www.kunstwerkstatt.at\/wp\/wp-content\/uploads\/2021\/10\/Plakat-Artmann-2-768x1086.jpg 768w, https:\/\/www.kunstwerkstatt.at\/wp\/wp-content\/uploads\/2021\/10\/Plakat-Artmann-2-1086x1536.jpg 1086w, https:\/\/www.kunstwerkstatt.at\/wp\/wp-content\/uploads\/2021\/10\/Plakat-Artmann-2-1448x2048.jpg 1448w, https:\/\/www.kunstwerkstatt.at\/wp\/wp-content\/uploads\/2021\/10\/Plakat-Artmann-2-1600x2263.jpg 1600w\" sizes=\"auto, (max-width: 1653px) 100vw, 1653px\" \/><\/figure>\n","protected":false},"excerpt":{"rendered":"<p>Lesung mit Manfred A. Distel und Walter OrlethFr 05.November um 19:30VVK \u20ac 14.-, AK \u20ac 16.-, KWT Mitglieder \u20ac 12.-&hellip;<\/p>\n","protected":false},"author":4,"featured_media":11160,"comment_status":"closed","ping_status":"closed","sticky":false,"template":"","format":"standard","meta":{"ngg_post_thumbnail":0,"footnotes":""},"categories":[9],"tags":[],"class_list":["post-11052","post","type-post","status-publish","format-standard","has-post-thumbnail","hentry","category-lesung"],"_links":{"self":[{"href":"https:\/\/www.kunstwerkstatt.at\/wp\/index.php?rest_route=\/wp\/v2\/posts\/11052","targetHints":{"allow":["GET"]}}],"collection":[{"href":"https:\/\/www.kunstwerkstatt.at\/wp\/index.php?rest_route=\/wp\/v2\/posts"}],"about":[{"href":"https:\/\/www.kunstwerkstatt.at\/wp\/index.php?rest_route=\/wp\/v2\/types\/post"}],"author":[{"embeddable":true,"href":"https:\/\/www.kunstwerkstatt.at\/wp\/index.php?rest_route=\/wp\/v2\/users\/4"}],"replies":[{"embeddable":true,"href":"https:\/\/www.kunstwerkstatt.at\/wp\/index.php?rest_route=%2Fwp%2Fv2%2Fcomments&post=11052"}],"version-history":[{"count":3,"href":"https:\/\/www.kunstwerkstatt.at\/wp\/index.php?rest_route=\/wp\/v2\/posts\/11052\/revisions"}],"predecessor-version":[{"id":11159,"href":"https:\/\/www.kunstwerkstatt.at\/wp\/index.php?rest_route=\/wp\/v2\/posts\/11052\/revisions\/11159"}],"wp:featuredmedia":[{"embeddable":true,"href":"https:\/\/www.kunstwerkstatt.at\/wp\/index.php?rest_route=\/wp\/v2\/media\/11160"}],"wp:attachment":[{"href":"https:\/\/www.kunstwerkstatt.at\/wp\/index.php?rest_route=%2Fwp%2Fv2%2Fmedia&parent=11052"}],"wp:term":[{"taxonomy":"category","embeddable":true,"href":"https:\/\/www.kunstwerkstatt.at\/wp\/index.php?rest_route=%2Fwp%2Fv2%2Fcategories&post=11052"},{"taxonomy":"post_tag","embeddable":true,"href":"https:\/\/www.kunstwerkstatt.at\/wp\/index.php?rest_route=%2Fwp%2Fv2%2Ftags&post=11052"}],"curies":[{"name":"wp","href":"https:\/\/api.w.org\/{rel}","templated":true}]}}