{"id":11059,"date":"2016-09-30T21:58:00","date_gmt":"2016-09-30T20:58:00","guid":{"rendered":"http:\/\/www.kunstwerkstatt.at\/wp\/?p=11059"},"modified":"2022-02-24T15:26:33","modified_gmt":"2022-02-24T14:26:33","slug":"klangsicht","status":"publish","type":"post","link":"https:\/\/www.kunstwerkstatt.at\/wp\/?p=11059","title":{"rendered":"KLANGSICHT"},"content":{"rendered":"\n<h5 class=\"wp-block-heading\" id=\"gruppenausstellungvernissage-fr-12-november-19-00offnungszeiten-sa-so-14-18-00ausstellungsdauer-bis-28-november\"><meta charset=\"utf-8\"><strong>Gruppenausstellung<\/strong><br><meta charset=\"utf-8\">Vernissage: Fr 12. November, 19:00<br>\u00d6ffnungszeiten: Sa\/So 14-18:00<br>Ausstellungsdauer bis 28. November<\/h5>\n\n\n\n<div style=\"height:32px\" aria-hidden=\"true\" class=\"wp-block-spacer\"><\/div>\n\n\n\n<h5 class=\"wp-block-heading\" id=\"bildende-kunst-musikalisch-interpretiert\">Bildende Kunst musikalisch interpretiert<\/h5>\n\n\n\n<p><\/p>\n\n\n\n<p><em><strong><a class=\"\"><\/a><\/strong><\/em>Sieben bildende K\u00fcnstler*innen gestalten mit jeweils einem oder mehreren Bildern bzw. Objekten und Skulpturen eine Ausstellung in der Kunstwerkstatt (<meta charset=\"utf-8\">Malerei, Graphik, Objekt und Skulptur):<\/p>\n\n\n\n<h4 class=\"wp-block-heading\" id=\"silvia-m-grossmannalfred-hruschkabrigitte-sasshoferandrea-schnellreinhard-sussrobert-svoboda-gerlinde-thuma\"><a href=\"https:\/\/www.silvia-grossmann.at\/\">Silvia M. Grossmann<br><\/a><a href=\"https:\/\/www.alfredhruschka.at\/\">Alfred Hruschka<br><\/a><a href=\"http:\/\/www.denkraum.at\/sasshofer\/bio_sasshofer.htm\">Brigitte Sasshofer<br><\/a><a href=\"http:\/\/www.andrea-schnell.at\/\">Andrea Schnell<br><\/a><a href=\"http:\/\/www.reinhardsuess.at\/\">Reinhard S\u00fcss<br><\/a><a href=\"http:\/\/www.artprint.at\/svoboda.php\">Robert Svoboda <br><\/a><a href=\"http:\/\/www.gerlindethuma.at\/\">Gerlinde Thuma <\/a><\/h4>\n\n\n\n<p><br>Ein Quartett bestehend aus Klarinette, Violine, Violoncello und E-Piano \u201ewandert\u201c von einem ausgestellten Werk zum n\u00e4chsten und musiziert dort die jeweilige Komposition von Reinhard S\u00fcss (\u00e1 5 bis 10 Minuten), die eines oder mehrere der\u00a0Werke\u00a0interpretiert.<br><br><a href=\"http:\/\/www.musikschule-staatz.at\/de\/pages\/products_detail.aspx?id=26&amp;pg=2&amp;kat=2&amp;page=0\">Theresa Hajny<\/a>: Klarinette<br>Alenka Brecelj: Violine<br>Tanja S\u00fcss: Violoncello<br><a href=\"http:\/\/www.reinhardsuess.at\/werke\/\">Reinhard S\u00fcss<\/a>: E-Piano<\/p>\n\n\n\n<div style=\"height:28px\" aria-hidden=\"true\" class=\"wp-block-spacer\"><\/div>\n\n\n\n<h3 class=\"has-text-align-center wp-block-heading\" id=\"bildergalerie-von-ausstellung-und-vernissage\">Bildergalerie von Ausstellung und Vernissage<\/h3>\n\n\n\n<p class=\"has-text-align-center\">Fotos von Katrin Werzinger<\/p>\n\n\n\nngg_shortcode_0_placeholder\n\n\n\nngg_shortcode_1_placeholder\n\n\n\n<div style=\"height:48px\" aria-hidden=\"true\" class=\"wp-block-spacer\"><\/div>\n\n\n\n<div class=\"wp-block-image\"><figure class=\"aligncenter\"><a href=\"https:\/\/www.kunstwerkstatt.at\/wp\/?page_id=8609\"><img loading=\"lazy\" decoding=\"async\" width=\"275\" height=\"121\" src=\"https:\/\/www.kunstwerkstatt.at\/wp\/wp-content\/uploads\/2020\/05\/KWT-Galerie.jpg\" alt=\"\" class=\"wp-image-8533\"\/><\/a><figcaption>Eine Ausstellung der KWT-Galerie<\/figcaption><\/figure><\/div>\n","protected":false},"excerpt":{"rendered":"<p>GruppenausstellungVernissage: Fr 12. November, 19:00\u00d6ffnungszeiten: Sa\/So 14-18:00Ausstellungsdauer bis 28. November Bildende Kunst musikalisch interpretiert Sieben bildende K\u00fcnstler*innen gestalten mit jeweils&hellip;<\/p>\n","protected":false},"author":4,"featured_media":10937,"comment_status":"closed","ping_status":"closed","sticky":false,"template":"","format":"standard","meta":{"ngg_post_thumbnail":0,"footnotes":""},"categories":[1],"tags":[],"class_list":["post-11059","post","type-post","status-publish","format-standard","has-post-thumbnail","hentry","category-uncategorized"],"_links":{"self":[{"href":"https:\/\/www.kunstwerkstatt.at\/wp\/index.php?rest_route=\/wp\/v2\/posts\/11059","targetHints":{"allow":["GET"]}}],"collection":[{"href":"https:\/\/www.kunstwerkstatt.at\/wp\/index.php?rest_route=\/wp\/v2\/posts"}],"about":[{"href":"https:\/\/www.kunstwerkstatt.at\/wp\/index.php?rest_route=\/wp\/v2\/types\/post"}],"author":[{"embeddable":true,"href":"https:\/\/www.kunstwerkstatt.at\/wp\/index.php?rest_route=\/wp\/v2\/users\/4"}],"replies":[{"embeddable":true,"href":"https:\/\/www.kunstwerkstatt.at\/wp\/index.php?rest_route=%2Fwp%2Fv2%2Fcomments&post=11059"}],"version-history":[{"count":10,"href":"https:\/\/www.kunstwerkstatt.at\/wp\/index.php?rest_route=\/wp\/v2\/posts\/11059\/revisions"}],"predecessor-version":[{"id":11446,"href":"https:\/\/www.kunstwerkstatt.at\/wp\/index.php?rest_route=\/wp\/v2\/posts\/11059\/revisions\/11446"}],"wp:featuredmedia":[{"embeddable":true,"href":"https:\/\/www.kunstwerkstatt.at\/wp\/index.php?rest_route=\/wp\/v2\/media\/10937"}],"wp:attachment":[{"href":"https:\/\/www.kunstwerkstatt.at\/wp\/index.php?rest_route=%2Fwp%2Fv2%2Fmedia&parent=11059"}],"wp:term":[{"taxonomy":"category","embeddable":true,"href":"https:\/\/www.kunstwerkstatt.at\/wp\/index.php?rest_route=%2Fwp%2Fv2%2Fcategories&post=11059"},{"taxonomy":"post_tag","embeddable":true,"href":"https:\/\/www.kunstwerkstatt.at\/wp\/index.php?rest_route=%2Fwp%2Fv2%2Ftags&post=11059"}],"curies":[{"name":"wp","href":"https:\/\/api.w.org\/{rel}","templated":true}]}}