{"id":11629,"date":"2022-05-21T09:21:51","date_gmt":"2022-05-21T08:21:51","guid":{"rendered":"http:\/\/www.kunstwerkstatt.at\/wp\/?p=11629"},"modified":"2022-08-03T22:36:24","modified_gmt":"2022-08-03T21:36:24","slug":"kistlreich-roadshow","status":"publish","type":"post","link":"https:\/\/www.kunstwerkstatt.at\/wp\/?p=11629","title":{"rendered":"Kistlreich Roadshow"},"content":{"rendered":"\n<p><\/p>\n\n\n\n<h5 class=\"wp-block-heading\">Autonomie f\u00fcr das Weinviertel!<br>SA 2. Juli 2022<br>Einlass ab 18:30, Beginn um 19:30<br>Mit der K\u00fcnstlergruppe Zweitwinkel<br>Ein Projekt im Rahmen des <a href=\"https:\/\/www.viertelfestival-noe.at\/\">N\u00d6 Viertelfestivals 2022 <\/a><\/h5>\n\n\n\n<p><\/p>\n\n\n\n<p>Das Weinviertel als autonomes Bundesland \u201eKistlreich\u201c, benannt nach seinen geradezu ikonischen Holzkisten, wird zur Vision einer sparten\u00fcbergreifenden Road-Show. Wie das Weinviertel ist und wie es war, wird im ersten Teil des Programms unter die Lupe genommen. Mit audiovisuellen Pr\u00e4sentationen, Bildern, Fotos, Liedern und Texten aus dem und f\u00fcr das Weinviertel erweitern wir in vier Bezirken den Blick auf das zuk\u00fcnftige 10. Bundesland.<\/p>\n\n\n\n<p>Wir meinen: Das Weinviertel ist super. Diese Hochleistungsregion muss aufgewertet werden. Mit Kistelbach als Hauptstadt, dem Heiligen Chistophorus als Landesheiligen und einem eigenen Musikstil, dem Country &amp; Northeastern \u2026<\/p>\n\n\n\n<p>In den anschlie\u00dfenden multimedialen B\u00fchnenshows fordern, erkl\u00e4ren und illustrieren wir die Aufwertung der Region als eigenes Bundesland. Augenzwinkernd und wertsch\u00e4tzend. Ein Weitwinkel im Denken, was alles m\u00f6glich w\u00e4re!<\/p>\n\n\n\n<p>K\u00fcnstlerische Gestaltung:<strong><br>Beerenwerte Gesellschaft<\/strong> (Weinviertler Folk)<br><strong>Rainer Friedl <\/strong>(Fotografie)<br><strong>Karl Heinz Vinkov<\/strong> (Autor)<br><strong>Hannes Vogler<\/strong> (Bildende Kunst)<\/p>\n\n\n\n<div style=\"height:20px\" aria-hidden=\"true\" class=\"wp-block-spacer\"><\/div>\n\n\n\n<blockquote class=\"wp-block-quote is-layout-flow wp-block-quote-is-layout-flow\"><p><em>Das wird ein Spa\u00df: F\u00fcnf Auff\u00fchrungen im Rahmen des Viertelfestivals 2022. Mit neuen Erkenntnissen, neuen Ideen und jeder Menge guter Musik. Da heisst es jetzt schon: Karten sichern! <\/em>&nbsp;Wir freuen uns auf Sie!<\/p><cite><em>Die Kistl-K\u00fcnstler<\/em><\/cite><\/blockquote>\n\n\n\n<div style=\"height:38px\" aria-hidden=\"true\" class=\"wp-block-spacer\"><\/div>\n\n\n\n<p><a href=\"https:\/\/kistlreich.com\/\" data-type=\"URL\" data-id=\"https:\/\/kistlreich.com\/\">Zur Projektseite!<\/a><\/p>\n","protected":false},"excerpt":{"rendered":"<p>Wir meinen: Das Weinviertel ist super. Diese Hochleistungsregion muss aufgewertet werden. Mit Kistelbach als Hauptstadt, dem Heiligen Chistophorus als Landesheiligen und einem eigenen Musikstil, dem Country &#038; Northeastern \u2026<\/p>\n","protected":false},"author":4,"featured_media":11630,"comment_status":"closed","ping_status":"closed","sticky":false,"template":"","format":"standard","meta":{"ngg_post_thumbnail":0,"footnotes":""},"categories":[3,6],"tags":[],"class_list":["post-11629","post","type-post","status-publish","format-standard","has-post-thumbnail","hentry","category-ausstellung","category-kabarett"],"_links":{"self":[{"href":"https:\/\/www.kunstwerkstatt.at\/wp\/index.php?rest_route=\/wp\/v2\/posts\/11629","targetHints":{"allow":["GET"]}}],"collection":[{"href":"https:\/\/www.kunstwerkstatt.at\/wp\/index.php?rest_route=\/wp\/v2\/posts"}],"about":[{"href":"https:\/\/www.kunstwerkstatt.at\/wp\/index.php?rest_route=\/wp\/v2\/types\/post"}],"author":[{"embeddable":true,"href":"https:\/\/www.kunstwerkstatt.at\/wp\/index.php?rest_route=\/wp\/v2\/users\/4"}],"replies":[{"embeddable":true,"href":"https:\/\/www.kunstwerkstatt.at\/wp\/index.php?rest_route=%2Fwp%2Fv2%2Fcomments&post=11629"}],"version-history":[{"count":10,"href":"https:\/\/www.kunstwerkstatt.at\/wp\/index.php?rest_route=\/wp\/v2\/posts\/11629\/revisions"}],"predecessor-version":[{"id":11646,"href":"https:\/\/www.kunstwerkstatt.at\/wp\/index.php?rest_route=\/wp\/v2\/posts\/11629\/revisions\/11646"}],"wp:featuredmedia":[{"embeddable":true,"href":"https:\/\/www.kunstwerkstatt.at\/wp\/index.php?rest_route=\/wp\/v2\/media\/11630"}],"wp:attachment":[{"href":"https:\/\/www.kunstwerkstatt.at\/wp\/index.php?rest_route=%2Fwp%2Fv2%2Fmedia&parent=11629"}],"wp:term":[{"taxonomy":"category","embeddable":true,"href":"https:\/\/www.kunstwerkstatt.at\/wp\/index.php?rest_route=%2Fwp%2Fv2%2Fcategories&post=11629"},{"taxonomy":"post_tag","embeddable":true,"href":"https:\/\/www.kunstwerkstatt.at\/wp\/index.php?rest_route=%2Fwp%2Fv2%2Ftags&post=11629"}],"curies":[{"name":"wp","href":"https:\/\/api.w.org\/{rel}","templated":true}]}}