{"id":11723,"date":"2022-05-30T12:46:21","date_gmt":"2022-05-30T11:46:21","guid":{"rendered":"http:\/\/www.kunstwerkstatt.at\/wp\/?p=11723"},"modified":"2022-08-03T22:35:50","modified_gmt":"2022-08-03T21:35:50","slug":"jazztulln-2022-seminar","status":"publish","type":"post","link":"https:\/\/www.kunstwerkstatt.at\/wp\/?p=11723","title":{"rendered":"JazzTulln 2022 &#8211; Seminar"},"content":{"rendered":"\n<h5 class=\"wp-block-heading\"><strong>22.07. bis 29.07.2022<\/strong> in der KWT und der Musikschule Tulln<br>Detail-Infos zum Seminar findest Du auf der <a href=\"https:\/\/jazztulln.wordpress.com\/\">JazzTulln Homepage<\/a>!<\/h5>\n\n\n\n<p><\/p>\n\n\n\n<div style=\"height:60px\" aria-hidden=\"true\" class=\"wp-block-spacer\"><\/div>\n\n\n\n<blockquote class=\"wp-block-quote is-layout-flow wp-block-quote-is-layout-flow\"><p><strong>NEU: DER<\/strong><strong>&nbsp;W<\/strong><strong>OR<\/strong><strong>KSHOP WIRD AUF EUREN WUNSCH UM EINEN TAG VERL\u00c4NGERT!<\/strong><\/p><p><strong>Au\u00dferdem wird es ab 2022 die M\u00f6glichkeit geben, Einzelstunden in B\u00fchnenperformance\/B\u00fchnenpr\u00e4senz<\/strong>&nbsp;<strong>bei Julia zu belegen.<\/strong><\/p><\/blockquote>\n\n\n\n<div style=\"height:35px\" aria-hidden=\"true\" class=\"wp-block-spacer\"><\/div>\n\n\n\n<h4 class=\"wp-block-heading\">Info f\u00fcrs\u00a0<strong>Einchecken<\/strong>:<\/h4>\n\n\n\n<p>Datum:\u00a0<strong>22.07.2022 (16:00-18:00 Uhr)<\/strong> &#8211; Das Einchecken findet im Sekretariat der Musikschule Tulln bei Julia statt (Hauptplatz 16\/Kapuzinerkloster, Tulln).<br>Der\u00a0<em><strong>Stundenplan<\/strong>\u00a0<\/em>wird vor Ort ausgeteilt.<\/p>\n\n\n\n<p><\/p>\n\n\n\n<p><\/p>\n\n\n\n<p><strong>ACHTUNG:<\/strong>&nbsp;am ersten Kurstag finden Einchecken, Kennenlernen\/B\u00fchnenwerkstatt und eine Session-Betreuung statt (Start: ca. 18:15 Uhr im gro\u00dfen Saal).<\/p>\n\n\n\n<p>Am Abend ist die erste offizielle\u00a0<strong>Session\u00a0<\/strong>in der Kunstwerkstatt Tulln ab 20:30 Uhr geplant, davor werden wir gemeinsam Essen. T\u00e4glich finden Sessions der Teilnehmenden und Referent*innen statt: siehe \u201cKonzerte\u201d<\/p>\n\n\n\n<div style=\"height:49px\" aria-hidden=\"true\" class=\"wp-block-spacer\"><\/div>\n\n\n\n<h4 class=\"wp-block-heading\"><strong>Kursadresse<\/strong>n:<\/h4>\n\n\n\n<p><strong><em>Kunstwerkstatt Tulln<\/em><\/strong><br>Albrechtsgasse 18, 3430 Tulln<\/p>\n\n\n\n<p><strong><em>Musikschule Tulln<\/em><\/strong><br>Hauptplatz 16\/Kapuzinerkloster, 3430 Tulln<\/p>\n\n\n\n<p><\/p>\n\n\n\n<p><\/p>\n\n\n\n<p>Bei Fragen k\u00f6nnt ihr euch gerne bei uns melden:<br><a href=\"mailto:jazztulln@wortklang.at\">jazztulln@wortklang.at<\/a><\/p>\n\n\n\n<p><\/p>\n\n\n\n<p><strong>Die Jazzwoche in Tulln wird unterst\u00fctzt von Land N\u00d6, Stadtgemeinde Tulln, Musikschule Tulln sowie der Raiffeisenbank Tullnerfeld.<\/strong><\/p>\n","protected":false},"excerpt":{"rendered":"<p>Das JazzTulln Seminar findet von 22. bis 29. Juli 2022 statt. Alle Infos dazu findest du auf der JazzTulln Homepage!<\/p>\n","protected":false},"author":4,"featured_media":11724,"comment_status":"closed","ping_status":"closed","sticky":false,"template":"","format":"standard","meta":{"ngg_post_thumbnail":0,"footnotes":""},"categories":[15],"tags":[],"class_list":["post-11723","post","type-post","status-publish","format-standard","has-post-thumbnail","hentry","category-workshop"],"_links":{"self":[{"href":"https:\/\/www.kunstwerkstatt.at\/wp\/index.php?rest_route=\/wp\/v2\/posts\/11723","targetHints":{"allow":["GET"]}}],"collection":[{"href":"https:\/\/www.kunstwerkstatt.at\/wp\/index.php?rest_route=\/wp\/v2\/posts"}],"about":[{"href":"https:\/\/www.kunstwerkstatt.at\/wp\/index.php?rest_route=\/wp\/v2\/types\/post"}],"author":[{"embeddable":true,"href":"https:\/\/www.kunstwerkstatt.at\/wp\/index.php?rest_route=\/wp\/v2\/users\/4"}],"replies":[{"embeddable":true,"href":"https:\/\/www.kunstwerkstatt.at\/wp\/index.php?rest_route=%2Fwp%2Fv2%2Fcomments&post=11723"}],"version-history":[{"count":8,"href":"https:\/\/www.kunstwerkstatt.at\/wp\/index.php?rest_route=\/wp\/v2\/posts\/11723\/revisions"}],"predecessor-version":[{"id":11867,"href":"https:\/\/www.kunstwerkstatt.at\/wp\/index.php?rest_route=\/wp\/v2\/posts\/11723\/revisions\/11867"}],"wp:featuredmedia":[{"embeddable":true,"href":"https:\/\/www.kunstwerkstatt.at\/wp\/index.php?rest_route=\/wp\/v2\/media\/11724"}],"wp:attachment":[{"href":"https:\/\/www.kunstwerkstatt.at\/wp\/index.php?rest_route=%2Fwp%2Fv2%2Fmedia&parent=11723"}],"wp:term":[{"taxonomy":"category","embeddable":true,"href":"https:\/\/www.kunstwerkstatt.at\/wp\/index.php?rest_route=%2Fwp%2Fv2%2Fcategories&post=11723"},{"taxonomy":"post_tag","embeddable":true,"href":"https:\/\/www.kunstwerkstatt.at\/wp\/index.php?rest_route=%2Fwp%2Fv2%2Ftags&post=11723"}],"curies":[{"name":"wp","href":"https:\/\/api.w.org\/{rel}","templated":true}]}}