{"id":11915,"date":"2022-08-03T22:46:30","date_gmt":"2022-08-03T21:46:30","guid":{"rendered":"http:\/\/www.kunstwerkstatt.at\/wp\/?p=11915"},"modified":"2022-09-13T10:32:02","modified_gmt":"2022-09-13T09:32:02","slug":"wir-kwt-ohne-titel","status":"publish","type":"post","link":"https:\/\/www.kunstwerkstatt.at\/wp\/?p=11915","title":{"rendered":"WIR:KWT &#8222;Ohne Titel&#8220;"},"content":{"rendered":"\n<h5 class=\"wp-block-heading\">KWT-Galerie Gruppenausstellung<\/h5>\n\n\n\n<h5 class=\"wp-block-heading\">Ohne Titel &#8211; Wie sprachlos ist die Kunst?<\/h5>\n\n\n\n<h5 class=\"wp-block-heading\">26.8.2022 bis 11.9.2022 (siehe Programm)<\/h5>\n\n\n\n<h5 class=\"wp-block-heading\">Mit Vernissage, Performance, Workshops und Diskussion<br><\/h5>\n\n\n\n<p><\/p>\n\n\n\n<div style=\"height:45px\" aria-hidden=\"true\" class=\"wp-block-spacer\"><\/div>\n\n\n\n<h4 class=\"wp-block-heading\"><strong>Vernissage<\/strong><\/h4>\n\n\n\n<p>Einf\u00fchrende Worte: <a href=\"https:\/\/thespell.eu\/about\/\">Wolfgang Giegler<\/a><br>Vorstellung der K\u00fcnstler:innen durch die Kuratorinnen<br>Performance: <a href=\"http:\/\/www.tanz-raum.at\/joo\/\">Magarete Spornberger<\/a> und <a href=\"http:\/\/www.papp-tanz.at\/\">Annemarie Papp<\/a><br>Weinverkostung mit Weingut <a href=\"https:\/\/www.josefhummel.at\/\">Josef Hummel<\/a><\/p>\n\n\n\n<p><\/p>\n\n\n\n<h4 class=\"wp-block-heading\"><strong>Die Sprache der Kunst<\/strong><\/h4>\n\n\n\n<p>Was die Kunst zu sagen hat, bleibt ihr selbst \u00fcberlassen. Manchmal laut, manchmal leise, manchmal vielstimmig, manchmal verstummt setzen K\u00fcnstler:innen Akzente, entdecken und lassen Neues entdecken.<\/p>\n\n\n\n<p>Die diesj\u00e4hrige Ausstellung WIR KWT der Kunstwerkstatt Tulln ist den vielf\u00e4ltigen, k\u00fcnstlerischen Stimmen gewidmet: ohne Worte oder wortkunstreich, in Bewegung, in T\u00f6nen, geformt, verformt, kommunikativ oder verinnerlicht \u2013 sprachlos oder vielsprachig.<\/p>\n\n\n\n<h4 class=\"wp-block-heading\"><strong>Kunst spricht mit uns!<\/strong><\/h4>\n\n\n\n<p>Die ausgestellten Werke sollen das ganze Spektrum der in der KWT vertretenen k\u00fcnstlerischen Techniken, Methoden und Herangehensweisen beinhalten.<\/p>\n\n\n\n<h4 class=\"wp-block-heading\"><strong>Beteiligte bildenden K\u00fcnstler:innen<\/strong><\/h4>\n\n\n\n<p><a href=\"https:\/\/www.kunstwerkstatt.at\/wp\/?p=11993\" target=\"_blank\" rel=\"noreferrer noopener\">Anne Maria Ambrozy<\/a>, <a href=\"http:\/\/www.ambrozya.com\/ambrozy\" target=\"_blank\" rel=\"noreferrer noopener\">homepage <\/a> <br><a rel=\"noreferrer noopener\" href=\"https:\/\/www.kunstwerkstatt.at\/wp\/?p=11982\" target=\"_blank\">Margit Bene\u0161-Oeller<\/a><br><a rel=\"noreferrer noopener\" href=\"https:\/\/www.kunstwerkstatt.at\/wp\/?p=11986\" target=\"_blank\">Reinhart Buchegger &amp; Jochen Sengseis<\/a><br><a rel=\"noreferrer noopener\" href=\"https:\/\/www.kunstwerkstatt.at\/wp\/?p=11976\" target=\"_blank\">Katya Dimova<\/a>, <a rel=\"noreferrer noopener\" href=\"http:\/\/www.katyadimova.com\/\" target=\"_blank\">homepage<\/a><br><a rel=\"noreferrer noopener\" href=\"https:\/\/www.kunstwerkstatt.at\/wp\/?p=12045\" target=\"_blank\">Friedrich Erhart<\/a>, <a rel=\"noreferrer noopener\" href=\"https:\/\/www.friedrich-erhart.com\/\" target=\"_blank\">homepage<\/a><br><a rel=\"noreferrer noopener\" href=\"https:\/\/www.kunstwerkstatt.at\/wp\/?p=11973\" target=\"_blank\">Anna Doppler-Kun\u010di\u0107<\/a>, <a rel=\"noreferrer noopener\" href=\"https:\/\/www.instagram.com\/anmalen\/?hl=en\" target=\"_blank\">instagram<\/a><br><a rel=\"noreferrer noopener\" href=\"https:\/\/www.kunstwerkstatt.at\/wp\/?p=12020\" target=\"_blank\">\u0160ime Doppler-Kun\u010di\u0107<\/a>, <a rel=\"noreferrer noopener\" href=\"https:\/\/sime-doppler-kuncic.jimdosite.com\/\" target=\"_blank\">homepage<\/a><br><a rel=\"noreferrer noopener\" href=\"https:\/\/www.kunstwerkstatt.at\/wp\/?p=12053\" target=\"_blank\">Veronika Gruber<\/a>, <a rel=\"noreferrer noopener\" href=\"http:\/\/www.veronikagruber.at\/\" target=\"_blank\">Homepage<\/a><br><a href=\"https:\/\/www.kunstwerkstatt.at\/wp\/?p=6310\">Norbert Kienbeck<\/a><br><a rel=\"noreferrer noopener\" href=\"https:\/\/www.kunstwerkstatt.at\/wp\/?p=11981\" target=\"_blank\">Daniela Prokopetz<\/a>, <a rel=\"noreferrer noopener\" href=\"https:\/\/www.danielaprokopetz.com\/\" target=\"_blank\">homepage<\/a><br><a rel=\"noreferrer noopener\" href=\"https:\/\/www.kunstwerkstatt.at\/wp\/?p=12041\" target=\"_blank\">Gisela Reimer<\/a>, <a rel=\"noreferrer noopener\" href=\"http:\/\/www.gisela-reimer.at\/\" target=\"_blank\">homepage<\/a><br><a rel=\"noreferrer noopener\" href=\"https:\/\/www.kunstwerkstatt.at\/wp\/?p=11969\" target=\"_blank\">Bettina Reitner<\/a>, <a rel=\"noreferrer noopener\" href=\"http:\/\/www.bettinareitner.at\/\" target=\"_blank\">homepage<\/a><br><a rel=\"noreferrer noopener\" href=\"https:\/\/www.kunstwerkstatt.at\/wp\/?p=12034\" target=\"_blank\">Helena Vadlejch<\/a><br><a rel=\"noreferrer noopener\" href=\"https:\/\/www.kunstwerkstatt.at\/wp\/?p=11964\" target=\"_blank\">Katrin Werzinger<\/a><br><a rel=\"noreferrer noopener\" href=\"https:\/\/www.kunstwerkstatt.at\/wp\/?p=12026\" target=\"_blank\">Lucian Wetter<\/a><\/p>\n\n\n\n<h4 class=\"wp-block-heading\"><strong>Programm&nbsp;<\/strong><\/h4>\n\n\n\n<p><\/p>\n\n\n\n<figure class=\"wp-block-table has-small-font-size\"><table><tbody><tr><td><strong>SA 27.8. <\/strong><br><br><\/td><td>16-20h<br>19-20h<\/td><td>Galeriebetrieb<br>Konzert mit <a href=\"https:\/\/soundcloud.com\/cherem-chuzpe\">Cherem et Chuzpe<\/a><\/td><\/tr><tr><td><strong>SO 28.8.<\/strong><\/td><td>16-19h<\/td><td>Aquarell Experiment Workshop mit <a href=\"https:\/\/www.instagram.com\/anmalen\/?hl=en\">Anna Doppler-Kun\u010di\u0107<\/a><\/td><\/tr><tr><td><strong>SA 3.9.<\/strong><\/td><td>16-20h<\/td><td>Galeriebetrieb<\/td><\/tr><tr><td><strong>SO 4.9.<\/strong><\/td><td>16-19h<\/td><td>Workshop zu intuitiven Zufallstechniken mit <a href=\"https:\/\/www.danielaprokopetz.com\/\">Daniela Prokopetz<\/a><\/td><\/tr><tr><td><strong>FR 9.9.<\/strong><br><br><br><\/td><td>19-20h<br><br><br><\/td><td>Publikumsdiskussion: Die Sprache der Kunst<br>Positionierung der KWT in der N\u00d6 Kunst-Kulturlandschaft<br>Kurzfilmvorf\u00fchrung: Portrait der KWT<\/td><\/tr><tr><td><strong>SA 10.9. <\/strong><\/td><td>16-20h<\/td><td>Galeriebetrieb<\/td><\/tr><tr><td><strong>SO 11.9.<\/strong><\/td><td>16-19h<\/td><td>Pflanzenfarben-Workshop mit <a href=\"http:\/\/www.katyadimova.com\/about\/\">Katya Dimova<\/a><\/td><\/tr><\/tbody><\/table><\/figure>\n\n\n\n<p><\/p>\n","protected":false},"excerpt":{"rendered":"<p>26.8. bis 11.9. KWT-Galerie Gruppenausstellung: Ohne Titel &#8211; Wie sprachlos ist die Kunst? Vernissage, Performances, Workshops und Publikumsdiskussion!<\/p>\n","protected":false},"author":2,"featured_media":12099,"comment_status":"closed","ping_status":"closed","sticky":false,"template":"","format":"standard","meta":{"ngg_post_thumbnail":0,"footnotes":""},"categories":[3,8,12,33,14,15],"tags":[],"class_list":["post-11915","post","type-post","status-publish","format-standard","has-post-thumbnail","hentry","category-ausstellung","category-konzert","category-performances","category-tanz","category-videos","category-workshop"],"_links":{"self":[{"href":"https:\/\/www.kunstwerkstatt.at\/wp\/index.php?rest_route=\/wp\/v2\/posts\/11915","targetHints":{"allow":["GET"]}}],"collection":[{"href":"https:\/\/www.kunstwerkstatt.at\/wp\/index.php?rest_route=\/wp\/v2\/posts"}],"about":[{"href":"https:\/\/www.kunstwerkstatt.at\/wp\/index.php?rest_route=\/wp\/v2\/types\/post"}],"author":[{"embeddable":true,"href":"https:\/\/www.kunstwerkstatt.at\/wp\/index.php?rest_route=\/wp\/v2\/users\/2"}],"replies":[{"embeddable":true,"href":"https:\/\/www.kunstwerkstatt.at\/wp\/index.php?rest_route=%2Fwp%2Fv2%2Fcomments&post=11915"}],"version-history":[{"count":28,"href":"https:\/\/www.kunstwerkstatt.at\/wp\/index.php?rest_route=\/wp\/v2\/posts\/11915\/revisions"}],"predecessor-version":[{"id":12280,"href":"https:\/\/www.kunstwerkstatt.at\/wp\/index.php?rest_route=\/wp\/v2\/posts\/11915\/revisions\/12280"}],"wp:featuredmedia":[{"embeddable":true,"href":"https:\/\/www.kunstwerkstatt.at\/wp\/index.php?rest_route=\/wp\/v2\/media\/12099"}],"wp:attachment":[{"href":"https:\/\/www.kunstwerkstatt.at\/wp\/index.php?rest_route=%2Fwp%2Fv2%2Fmedia&parent=11915"}],"wp:term":[{"taxonomy":"category","embeddable":true,"href":"https:\/\/www.kunstwerkstatt.at\/wp\/index.php?rest_route=%2Fwp%2Fv2%2Fcategories&post=11915"},{"taxonomy":"post_tag","embeddable":true,"href":"https:\/\/www.kunstwerkstatt.at\/wp\/index.php?rest_route=%2Fwp%2Fv2%2Ftags&post=11915"}],"curies":[{"name":"wp","href":"https:\/\/api.w.org\/{rel}","templated":true}]}}