{"id":11982,"date":"2000-01-03T21:12:00","date_gmt":"2000-01-03T20:12:00","guid":{"rendered":"http:\/\/www.kunstwerkstatt.at\/wp\/?p=11982"},"modified":"2023-03-04T12:45:39","modified_gmt":"2023-03-04T11:45:39","slug":"margit-benes-oeller","status":"publish","type":"post","link":"https:\/\/www.kunstwerkstatt.at\/wp\/?p=11982","title":{"rendered":"Margit Benes\u030c-Oeller"},"content":{"rendered":"<div class=\"wp-block-image\">\n<figure class=\"aligncenter size-large\"><img loading=\"lazy\" decoding=\"async\" width=\"450\" height=\"184\" src=\"https:\/\/www.kunstwerkstatt.at\/wp\/wp-content\/uploads\/2022\/08\/Plakatblu\u0308ten_Benes\u030c-Oeller-450x184.jpg\" alt=\"\" class=\"wp-image-12004\" srcset=\"https:\/\/www.kunstwerkstatt.at\/wp\/wp-content\/uploads\/2022\/08\/Plakatblu\u0308ten_Benes\u030c-Oeller-450x184.jpg 450w, https:\/\/www.kunstwerkstatt.at\/wp\/wp-content\/uploads\/2022\/08\/Plakatblu\u0308ten_Benes\u030c-Oeller-300x123.jpg 300w, https:\/\/www.kunstwerkstatt.at\/wp\/wp-content\/uploads\/2022\/08\/Plakatblu\u0308ten_Benes\u030c-Oeller-768x315.jpg 768w, https:\/\/www.kunstwerkstatt.at\/wp\/wp-content\/uploads\/2022\/08\/Plakatblu\u0308ten_Benes\u030c-Oeller-1536x629.jpg 1536w, https:\/\/www.kunstwerkstatt.at\/wp\/wp-content\/uploads\/2022\/08\/Plakatblu\u0308ten_Benes\u030c-Oeller-2048x839.jpg 2048w, https:\/\/www.kunstwerkstatt.at\/wp\/wp-content\/uploads\/2022\/08\/Plakatblu\u0308ten_Benes\u030c-Oeller-1600x655.jpg 1600w\" sizes=\"auto, (max-width: 450px) 100vw, 450px\" \/><figcaption class=\"wp-element-caption\">Plakatbl\u00fcten<\/figcaption><\/figure>\n<\/div>\n\n<div class=\"wp-block-image\">\n<figure class=\"aligncenter size-large\"><img loading=\"lazy\" decoding=\"async\" width=\"450\" height=\"224\" src=\"https:\/\/www.kunstwerkstatt.at\/wp\/wp-content\/uploads\/2022\/08\/vom-verschwinden-nebuloser-gestalten_Benes\u030c-Oeller-450x224.jpg\" alt=\"\" class=\"wp-image-12005\" srcset=\"https:\/\/www.kunstwerkstatt.at\/wp\/wp-content\/uploads\/2022\/08\/vom-verschwinden-nebuloser-gestalten_Benes\u030c-Oeller-450x224.jpg 450w, https:\/\/www.kunstwerkstatt.at\/wp\/wp-content\/uploads\/2022\/08\/vom-verschwinden-nebuloser-gestalten_Benes\u030c-Oeller-300x149.jpg 300w, https:\/\/www.kunstwerkstatt.at\/wp\/wp-content\/uploads\/2022\/08\/vom-verschwinden-nebuloser-gestalten_Benes\u030c-Oeller-768x383.jpg 768w, https:\/\/www.kunstwerkstatt.at\/wp\/wp-content\/uploads\/2022\/08\/vom-verschwinden-nebuloser-gestalten_Benes\u030c-Oeller-1536x765.jpg 1536w, https:\/\/www.kunstwerkstatt.at\/wp\/wp-content\/uploads\/2022\/08\/vom-verschwinden-nebuloser-gestalten_Benes\u030c-Oeller-2048x1020.jpg 2048w, https:\/\/www.kunstwerkstatt.at\/wp\/wp-content\/uploads\/2022\/08\/vom-verschwinden-nebuloser-gestalten_Benes\u030c-Oeller-1600x797.jpg 1600w\" sizes=\"auto, (max-width: 450px) 100vw, 450px\" \/><figcaption class=\"wp-element-caption\">vom verschwinden nebuloser gestalten<\/figcaption><\/figure>\n<\/div>\n\n\n<div class=\"wp-block-media-text alignwide is-stacked-on-mobile\"><figure class=\"wp-block-media-text__media\"><img loading=\"lazy\" decoding=\"async\" width=\"450\" height=\"674\" src=\"https:\/\/www.kunstwerkstatt.at\/wp\/wp-content\/uploads\/2022\/08\/0-margit-benes-oeller-Rita-Newmann-450x674.jpg\" alt=\"\" class=\"wp-image-12006 size-full\" srcset=\"https:\/\/www.kunstwerkstatt.at\/wp\/wp-content\/uploads\/2022\/08\/0-margit-benes-oeller-Rita-Newmann-450x674.jpg 450w, https:\/\/www.kunstwerkstatt.at\/wp\/wp-content\/uploads\/2022\/08\/0-margit-benes-oeller-Rita-Newmann-200x300.jpg 200w, https:\/\/www.kunstwerkstatt.at\/wp\/wp-content\/uploads\/2022\/08\/0-margit-benes-oeller-Rita-Newmann.jpg 534w\" sizes=\"auto, (max-width: 450px) 100vw, 450px\" \/><\/figure><div class=\"wp-block-media-text__content\">\n<p>Die Landschaftsplanerin DI Margit Bene\u0161-Oeller, BEd ist seit fr\u00fchester Kindheit Hobbyg\u00e4rtnerin. Sobald sie (*1965) lesen konnte, stand die Lekt\u00fcre von Sach- und Fachb\u00fcchern auf dem Programm.<br>Nach dem Besuch der HTL f\u00fcr Bautechnik, begleitet von Auslandpraktika in Schweden, folgte das Studium der Landschaftsplanung auf der Universit\u00e4t f\u00fcr Bodenkultur Wien, wo sie Tutorin war. Nach Arbeitsjahren in den Architekturb\u00fcros von Edgar G\u00f6th und Maria Aub\u00f6ck ist Margit Bene\u0161-Oeller seit den 1990ern in wechselnder H\u00e4ufigkeit Chefredakteurin von bzw. Autorin in Gartenzeitschriften und Sachb\u00fcchern. Daneben ist sie Vortragende u. a. auf der GARTEN TULLN und an der Donauuni Krems etwa zum Thema Gartengeschichte. Bei \u201eNatur im Garten\u201c ist sie f\u00fcr \u201eGestaltung und Genuss\u201c zust\u00e4ndig. Ihr besonderes Interesse gilt der F\u00f6rderung der Vielfalt von Leben, der kreativen Gartengestaltung und der Nutzung von Pflanzen. &nbsp;Dabei liegt besonders die Verg\u00e4nglichkeit von Materialien und die Eroberung neuer Lebensr\u00e4ume in ihrem (Foto)Fokus. Auch der Umgang mit Sprache reizt sie. Seit 2022 betreibt sie zu ihren Projekten ein kleines Atelier in Wien Floridsdorf.<\/p>\n\n\n\n<p>acanthus@gmx.at<\/p>\n\n\n\n<p>Foto: Rita Newmann<\/p>\n<\/div><\/div>\n","protected":false},"excerpt":{"rendered":"<p>Die Landschaftsplanerin DI Margit Bene\u0161-Oeller, BEd ist seit fr\u00fchester Kindheit Hobbyg\u00e4rtnerin. Sobald sie (*1965) lesen konnte, stand die Lekt\u00fcre von&hellip;<\/p>\n","protected":false},"author":2,"featured_media":0,"comment_status":"closed","ping_status":"closed","sticky":false,"template":"","format":"standard","meta":{"ngg_post_thumbnail":0,"footnotes":""},"categories":[3,81],"tags":[],"class_list":["post-11982","post","type-post","status-publish","format-standard","hentry","category-ausstellung","category-bildende-kunst"],"_links":{"self":[{"href":"https:\/\/www.kunstwerkstatt.at\/wp\/index.php?rest_route=\/wp\/v2\/posts\/11982","targetHints":{"allow":["GET"]}}],"collection":[{"href":"https:\/\/www.kunstwerkstatt.at\/wp\/index.php?rest_route=\/wp\/v2\/posts"}],"about":[{"href":"https:\/\/www.kunstwerkstatt.at\/wp\/index.php?rest_route=\/wp\/v2\/types\/post"}],"author":[{"embeddable":true,"href":"https:\/\/www.kunstwerkstatt.at\/wp\/index.php?rest_route=\/wp\/v2\/users\/2"}],"replies":[{"embeddable":true,"href":"https:\/\/www.kunstwerkstatt.at\/wp\/index.php?rest_route=%2Fwp%2Fv2%2Fcomments&post=11982"}],"version-history":[{"count":3,"href":"https:\/\/www.kunstwerkstatt.at\/wp\/index.php?rest_route=\/wp\/v2\/posts\/11982\/revisions"}],"predecessor-version":[{"id":12082,"href":"https:\/\/www.kunstwerkstatt.at\/wp\/index.php?rest_route=\/wp\/v2\/posts\/11982\/revisions\/12082"}],"wp:attachment":[{"href":"https:\/\/www.kunstwerkstatt.at\/wp\/index.php?rest_route=%2Fwp%2Fv2%2Fmedia&parent=11982"}],"wp:term":[{"taxonomy":"category","embeddable":true,"href":"https:\/\/www.kunstwerkstatt.at\/wp\/index.php?rest_route=%2Fwp%2Fv2%2Fcategories&post=11982"},{"taxonomy":"post_tag","embeddable":true,"href":"https:\/\/www.kunstwerkstatt.at\/wp\/index.php?rest_route=%2Fwp%2Fv2%2Ftags&post=11982"}],"curies":[{"name":"wp","href":"https:\/\/api.w.org\/{rel}","templated":true}]}}