{"id":11986,"date":"2001-01-18T23:16:00","date_gmt":"2001-01-18T22:16:00","guid":{"rendered":"http:\/\/www.kunstwerkstatt.at\/wp\/?p=11986"},"modified":"2025-08-17T21:21:23","modified_gmt":"2025-08-17T20:21:23","slug":"reinhart-buchegger-und-jochen-sengseis","status":"publish","type":"post","link":"https:\/\/www.kunstwerkstatt.at\/wp\/?p=11986","title":{"rendered":"Reinhart Buchegger und Jochen Sengseis -CoopHeArt"},"content":{"rendered":"\n<p class=\"has-medium-font-size\"><strong>WIR:KWT 2025 &#8222;Vom gl\u00fccklichen Zufall&#8220;<\/strong><\/p>\n\n\n\n<p>Auf einem von den K\u00fcnstlern gemeinsam angelegten farbigen Malgrund aus hand-<br>gesch\u00f6pftem B\u00fcttenpapier sollen zwei gro\u00dfformatige Arbeiten entstehen. Diese werden nach der Grundierung jeweils in der H\u00e4lfte gefaltet, wobei jeder K\u00fcnslter eine davon nach seinen Vorstellungen und M\u00f6glichkeiten gestaltet, bevor diese verdeckt und ausgetauscht werden. Danach erfolgt die Bearbeitung der jeweiligen freien Fl\u00e4chen &#8211; damit sich \u00fcber die ganze Oberfl\u00e4che f\u00fchrende Strukturen bilden k\u00f6nnen, werden vor dem Austausch jene Bereiche gekennzeichnet, die wichtige Anschlussstellen bilden.<br>Zur Vernissage sollen die beiden Arbeiten im Beisein der erschienenen G\u00e4ste enth\u00fcllt werden.<br>Dem Thema `Vom gl\u00fccklichen Zufall\u00b4 wird nicht nur durch die verdeckte Vorgangsweise, sondern auch durch die intuitive Bearbeitung der strukturierten Materialoberfl\u00e4che Rechnung getragen.<\/p>\n\n\n\n<div class=\"wp-block-media-text alignwide is-stacked-on-mobile\" style=\"grid-template-columns:42% auto\"><figure class=\"wp-block-media-text__media\"><img loading=\"lazy\" decoding=\"async\" width=\"450\" height=\"438\" src=\"https:\/\/www.kunstwerkstatt.at\/wp\/wp-content\/uploads\/2022\/08\/Reinhart-450x438.jpeg\" alt=\"\" class=\"wp-image-11991 size-full\" srcset=\"https:\/\/www.kunstwerkstatt.at\/wp\/wp-content\/uploads\/2022\/08\/Reinhart-450x438.jpeg 450w, https:\/\/www.kunstwerkstatt.at\/wp\/wp-content\/uploads\/2022\/08\/Reinhart-300x292.jpeg 300w, https:\/\/www.kunstwerkstatt.at\/wp\/wp-content\/uploads\/2022\/08\/Reinhart-768x747.jpeg 768w, https:\/\/www.kunstwerkstatt.at\/wp\/wp-content\/uploads\/2022\/08\/Reinhart.jpeg 1284w\" sizes=\"auto, (max-width: 450px) 100vw, 450px\" \/><\/figure><div class=\"wp-block-media-text__content\">\n<p><strong>Reinhart-Wolfgang Buchegger<\/strong><\/p>\n\n\n\n<p>1958 W\u00f6rschach\/Stmk<\/p>\n\n\n\n<p>1986 Diplom Malerei, Lehramt Kunsterziehung &#8211; Akademie der bildenden K\u00fcnste, Wien<\/p>\n\n\n\n<p>1989, 1993, 2005, 2010 Einzelausstellungen<\/p>\n\n\n\n<p>1986 bis 2021 Austellungsbeteiligungen<\/p>\n\n\n\n<p>1986 &#8211; 2012 Lehrt\u00e4tigkeit am Gymnasium Tulln, bis zum Ruhestand 2023 Lehrer_innenaussbildung an der PH-Wien<\/p>\n\n\n\n<p>1998\/99 und 2005\/06 Yoga-Studienaufenthalte in Indien<\/p>\n\n\n\n<p>2000 Gr\u00fcndung des RainbowTrust &#8211; Gemeinschaft f\u00fcr multikulturelle Entwicklung und humanit\u00e4re Hilfe<\/p>\n<\/div><\/div>\n\n\n\n<div style=\"height:37px\" aria-hidden=\"true\" class=\"wp-block-spacer\"><\/div>\n\n\n\n<div class=\"wp-block-media-text alignwide is-stacked-on-mobile\" style=\"grid-template-columns:43% auto\"><figure class=\"wp-block-media-text__media\"><img loading=\"lazy\" decoding=\"async\" width=\"450\" height=\"800\" src=\"https:\/\/www.kunstwerkstatt.at\/wp\/wp-content\/uploads\/2022\/08\/jochen-450x800.jpg\" alt=\"\" class=\"wp-image-11990 size-full\" srcset=\"https:\/\/www.kunstwerkstatt.at\/wp\/wp-content\/uploads\/2022\/08\/jochen-450x800.jpg 450w, https:\/\/www.kunstwerkstatt.at\/wp\/wp-content\/uploads\/2022\/08\/jochen-169x300.jpg 169w, https:\/\/www.kunstwerkstatt.at\/wp\/wp-content\/uploads\/2022\/08\/jochen.jpg 763w\" sizes=\"auto, (max-width: 450px) 100vw, 450px\" \/><\/figure><div class=\"wp-block-media-text__content\">\n<p><strong>Mag. art. Jochen Sengseis <\/strong>geb. 1968 in Krems<\/p>\n\n\n\n<p>K\u00fcnstler, Kunst- und Kulturvermittler<\/p>\n\n\n\n<p>Ausbildung:<br>Architektur-und p\u00e4dagogische Studien Studien<br>1994-2000 Universit\u00e4t f\u00fcr angewandte Kunst in Wien, Meisterklasse f\u00fcr Gestaltungslehre<br>Kunsterzieher am BRG Kremszeile in Krems und Vortragender an der KPH Krems<br>Ausstellungen im In- und Ausland<br>Teilnahme an verschiedenen Festivals<br>Mitarbeit bei der Gestaltung des Welterbeinformationssystems in Krems Bei meinen Arbeiten verwende ich verschiedene Medien welche am besten meine Idee transportieren von Foto, Porzellan, Malerei, usw., in diesem Fall eine Collaboration mit Reinhart im grafischen Druckbereich.<\/p>\n<\/div><\/div>\n\n\n\n<div style=\"height:100px\" aria-hidden=\"true\" class=\"wp-block-spacer\"><\/div>\n\n\n\n<p class=\"has-medium-font-size\"><strong>WIR-KWT 2024 GEM]EINSAM[<\/strong><\/p>\n\n\n\n<p class=\"has-medium-font-size\"><strong>`Al One Some\u00b4<\/strong><\/p>\n\n\n\n<figure class=\"wp-block-image size-large is-resized\"><img loading=\"lazy\" decoding=\"async\" width=\"450\" height=\"421\" src=\"https:\/\/www.kunstwerkstatt.at\/wp\/wp-content\/uploads\/2024\/08\/8464e745-b8df-4d74-9a88-69bfa567ecd5-450x421.jpg\" alt=\"\" class=\"wp-image-14480\" style=\"width:640px;height:auto\" srcset=\"https:\/\/www.kunstwerkstatt.at\/wp\/wp-content\/uploads\/2024\/08\/8464e745-b8df-4d74-9a88-69bfa567ecd5-450x421.jpg 450w, https:\/\/www.kunstwerkstatt.at\/wp\/wp-content\/uploads\/2024\/08\/8464e745-b8df-4d74-9a88-69bfa567ecd5-300x281.jpg 300w, https:\/\/www.kunstwerkstatt.at\/wp\/wp-content\/uploads\/2024\/08\/8464e745-b8df-4d74-9a88-69bfa567ecd5-768x718.jpg 768w, https:\/\/www.kunstwerkstatt.at\/wp\/wp-content\/uploads\/2024\/08\/8464e745-b8df-4d74-9a88-69bfa567ecd5-1536x1436.jpg 1536w, https:\/\/www.kunstwerkstatt.at\/wp\/wp-content\/uploads\/2024\/08\/8464e745-b8df-4d74-9a88-69bfa567ecd5.jpg 1600w\" sizes=\"auto, (max-width: 450px) 100vw, 450px\" \/><\/figure>\n\n\n\n<p><strong>Reinhart Buchegger &amp; Jochen Sengseis &#8211; CoopHEArt 2024 &#8211; Masken<\/strong><br>Es ist ein hei\u00dfer Sommertag. Ich sehe die Menschen auf der Stra\u00dfe &#8211; Kinder, Frauen, M\u00e4nner, Familien- \u00f6ffne den Rucksack und w\u00e4hle eine Maske. Wie werden die Passanten reagieren wenn sie mich sehen? Falte die Maske auseinander und setze sie auf, sie reicht weit \u00fcber das Kinn. Mein Fotograf steht in einiger Entfernung, aber ich sehe ihn jetzt nicht.<br>Mir wird w\u00e4rmer und das Atmen f\u00e4llt schwerer und von meiner Au\u00dfenwelt sehe ich nur Ausschnitte durch die Sehschlitze &#8211; Passanten die am Handy spielend vorbeiziehen und einige Blicke werden mir auch zugeworfen, ab und zu l\u00e4chelt jemand in meine Richtung, gilt das mir?<br>Die Maske besch\u00fctzt mich, ich gehe ein paar Schritte weiter.<br>Jochen Sengseis<\/p>\n\n\n\n<div style=\"height:32px\" aria-hidden=\"true\" class=\"wp-block-spacer\"><\/div>\n\n\n\n<p class=\"has-medium-font-size\"><strong>WIR:KWT Gruppenausstellung<\/strong> 08\/2023<br>&#8222;wenn jemand eine Reise tut &#8230;&#8220;<\/p>\n\n\n\n<p>&#8222;RundUm \u00d6sterreich&#8220;<\/p>\n\n\n\n<p>die K\u00fcnstler zeigen Eindr\u00fccke, Erinnerungsst\u00fccke, Zeichnungen, Postkarten , Souvenire, Schnappsch\u00fcsse der gemeinsamen im Juli get\u00e4tigten Reise.<\/p>\n\n\n\n<figure class=\"wp-block-image size-large is-resized\"><img loading=\"lazy\" decoding=\"async\" width=\"450\" height=\"338\" src=\"https:\/\/www.kunstwerkstatt.at\/wp\/wp-content\/uploads\/2023\/08\/IMG_9797-450x338.jpeg\" alt=\"\" class=\"wp-image-13658\" style=\"width:641px;height:481px\" srcset=\"https:\/\/www.kunstwerkstatt.at\/wp\/wp-content\/uploads\/2023\/08\/IMG_9797-450x338.jpeg 450w, https:\/\/www.kunstwerkstatt.at\/wp\/wp-content\/uploads\/2023\/08\/IMG_9797-300x225.jpeg 300w, https:\/\/www.kunstwerkstatt.at\/wp\/wp-content\/uploads\/2023\/08\/IMG_9797-768x576.jpeg 768w, https:\/\/www.kunstwerkstatt.at\/wp\/wp-content\/uploads\/2023\/08\/IMG_9797-rotated.jpeg 1280w\" sizes=\"auto, (max-width: 450px) 100vw, 450px\" \/><\/figure>\n\n\n\n<p>Coop HeArt \u2013 Reinhart Buchegger und Jochen Sengseis<\/p>\n\n\n\n<p>Aus einer Arbeitsbeziehung &#8211; Jochen wurde von Reinhart w\u00e4hrend seines ersten Dienstjahrs als Kunsterzieher p\u00e4dagogisch begleitet \u2013 hat sich seit der Jahrtausendwende neben Freundschaft auch manches gemeinsame k\u00fcnstlerische Projekt entwickelt.&nbsp; So etwa Beitr\u00e4ge zu den allj\u00e4hrlich stattfindenden Mitglieder-Ausstellungen WIR-KWT oder die Arbeit an einem Gesellschaftsspiel mit dem Titel `The Isle of Hope\u00b4.<br>Der Schwerpunkt der k\u00fcnstlerischen Kooperation ruht dabei neben der Verwirklichung von miteinander entwickelten Projektideen auf einer Verst\u00e4ndigung der Herzen.<br>`RundUmA\u00b4, das aktuelle Projekt des Kollektivs, widerspiegelt als medien\u00fcbergreifende Assemblage die j\u00fcngst unternommene Reise durch die \u00f6stlichen und n\u00f6rdlichen Nachbarl\u00e4nder \u00d6sterreichs.&nbsp; Dabei wurden in Bezug auf das diesj\u00e4hrige Thema der WIR-KWT, `Wenn jemand eine Reise tut\u2026.\u00b4,&nbsp; nicht nur Eindr\u00fccke, sondern auch Postkarten, Prospekte und sonstige Erinnerungsst\u00fccke&nbsp; gesammelt, um den Reiseverlauf sp\u00e4ter dokumentieren und an die Betrachter m\u00f6glichst anschaulich vermitteln zu k\u00f6nnen. Im Mittelpunkt des Ausstellungsbeitrags steht ein zuf\u00e4llig aufgefundener alter Reisekoffer, um den herum sich eine `wahre\u00b4 Geschichte entspinnt\u2026&nbsp;<\/p>\n\n\n\n<div style=\"height:67px\" aria-hidden=\"true\" class=\"wp-block-spacer\"><\/div>\n\n\n\n<hr class=\"wp-block-separator has-alpha-channel-opacity\"\/>\n\n\n\n<div style=\"height:89px\" aria-hidden=\"true\" class=\"wp-block-spacer\"><\/div>\n\n\n\n<p><strong>WIR:KWT Gruppenausstellung<\/strong> 08\/2022<br>Wie sprachlos ist die Kunst<\/p>\n\n\n\n<figure class=\"wp-block-gallery has-nested-images columns-default is-cropped wp-block-gallery-1 is-layout-flex wp-block-gallery-is-layout-flex\">\n<figure class=\"wp-block-image size-large\"><img loading=\"lazy\" decoding=\"async\" width=\"450\" height=\"338\" data-id=\"11989\" src=\"https:\/\/www.kunstwerkstatt.at\/wp\/wp-content\/uploads\/2022\/08\/P6100997-450x338.jpg\" alt=\"\" class=\"wp-image-11989\" srcset=\"https:\/\/www.kunstwerkstatt.at\/wp\/wp-content\/uploads\/2022\/08\/P6100997-450x338.jpg 450w, https:\/\/www.kunstwerkstatt.at\/wp\/wp-content\/uploads\/2022\/08\/P6100997-300x225.jpg 300w, https:\/\/www.kunstwerkstatt.at\/wp\/wp-content\/uploads\/2022\/08\/P6100997-768x576.jpg 768w, https:\/\/www.kunstwerkstatt.at\/wp\/wp-content\/uploads\/2022\/08\/P6100997.jpg 1280w\" sizes=\"auto, (max-width: 450px) 100vw, 450px\" \/><figcaption class=\"wp-element-caption\">o.T.<\/figcaption><\/figure>\n\n\n\n<figure class=\"wp-block-image size-large\"><img loading=\"lazy\" decoding=\"async\" width=\"450\" height=\"600\" data-id=\"11988\" src=\"https:\/\/www.kunstwerkstatt.at\/wp\/wp-content\/uploads\/2022\/08\/P6101000-450x600.jpg\" alt=\"\" class=\"wp-image-11988\" srcset=\"https:\/\/www.kunstwerkstatt.at\/wp\/wp-content\/uploads\/2022\/08\/P6101000-450x600.jpg 450w, https:\/\/www.kunstwerkstatt.at\/wp\/wp-content\/uploads\/2022\/08\/P6101000-225x300.jpg 225w, https:\/\/www.kunstwerkstatt.at\/wp\/wp-content\/uploads\/2022\/08\/P6101000-768x1024.jpg 768w, https:\/\/www.kunstwerkstatt.at\/wp\/wp-content\/uploads\/2022\/08\/P6101000.jpg 960w\" sizes=\"auto, (max-width: 450px) 100vw, 450px\" \/><figcaption class=\"wp-element-caption\">o.T.<\/figcaption><\/figure>\n\n\n\n<figure class=\"wp-block-image size-large\"><img loading=\"lazy\" decoding=\"async\" width=\"450\" height=\"600\" data-id=\"11987\" src=\"https:\/\/www.kunstwerkstatt.at\/wp\/wp-content\/uploads\/2022\/08\/P6101002-450x600.jpg\" alt=\"\" class=\"wp-image-11987\" srcset=\"https:\/\/www.kunstwerkstatt.at\/wp\/wp-content\/uploads\/2022\/08\/P6101002-450x600.jpg 450w, https:\/\/www.kunstwerkstatt.at\/wp\/wp-content\/uploads\/2022\/08\/P6101002-225x300.jpg 225w, https:\/\/www.kunstwerkstatt.at\/wp\/wp-content\/uploads\/2022\/08\/P6101002-768x1024.jpg 768w, https:\/\/www.kunstwerkstatt.at\/wp\/wp-content\/uploads\/2022\/08\/P6101002.jpg 960w\" sizes=\"auto, (max-width: 450px) 100vw, 450px\" \/><figcaption class=\"wp-element-caption\">o.T.<\/figcaption><\/figure>\n<\/figure>\n","protected":false},"excerpt":{"rendered":"<p>WIR:KWT 2025 &#8222;Vom gl\u00fccklichen Zufall&#8220; Auf einem von den K\u00fcnstlern gemeinsam angelegten farbigen Malgrund aus hand-gesch\u00f6pftem B\u00fcttenpapier sollen zwei gro\u00dfformatige&hellip;<\/p>\n","protected":false},"author":2,"featured_media":0,"comment_status":"closed","ping_status":"closed","sticky":false,"template":"","format":"standard","meta":{"ngg_post_thumbnail":0,"footnotes":""},"categories":[3,81,5],"tags":[],"class_list":["post-11986","post","type-post","status-publish","format-standard","hentry","category-ausstellung","category-bildende-kunst","category-fotos"],"_links":{"self":[{"href":"https:\/\/www.kunstwerkstatt.at\/wp\/index.php?rest_route=\/wp\/v2\/posts\/11986","targetHints":{"allow":["GET"]}}],"collection":[{"href":"https:\/\/www.kunstwerkstatt.at\/wp\/index.php?rest_route=\/wp\/v2\/posts"}],"about":[{"href":"https:\/\/www.kunstwerkstatt.at\/wp\/index.php?rest_route=\/wp\/v2\/types\/post"}],"author":[{"embeddable":true,"href":"https:\/\/www.kunstwerkstatt.at\/wp\/index.php?rest_route=\/wp\/v2\/users\/2"}],"replies":[{"embeddable":true,"href":"https:\/\/www.kunstwerkstatt.at\/wp\/index.php?rest_route=%2Fwp%2Fv2%2Fcomments&post=11986"}],"version-history":[{"count":25,"href":"https:\/\/www.kunstwerkstatt.at\/wp\/index.php?rest_route=\/wp\/v2\/posts\/11986\/revisions"}],"predecessor-version":[{"id":15579,"href":"https:\/\/www.kunstwerkstatt.at\/wp\/index.php?rest_route=\/wp\/v2\/posts\/11986\/revisions\/15579"}],"wp:attachment":[{"href":"https:\/\/www.kunstwerkstatt.at\/wp\/index.php?rest_route=%2Fwp%2Fv2%2Fmedia&parent=11986"}],"wp:term":[{"taxonomy":"category","embeddable":true,"href":"https:\/\/www.kunstwerkstatt.at\/wp\/index.php?rest_route=%2Fwp%2Fv2%2Fcategories&post=11986"},{"taxonomy":"post_tag","embeddable":true,"href":"https:\/\/www.kunstwerkstatt.at\/wp\/index.php?rest_route=%2Fwp%2Fv2%2Ftags&post=11986"}],"curies":[{"name":"wp","href":"https:\/\/api.w.org\/{rel}","templated":true}]}}