{"id":12026,"date":"2001-01-24T14:34:00","date_gmt":"2001-01-24T13:34:00","guid":{"rendered":"http:\/\/www.kunstwerkstatt.at\/wp\/?p=12026"},"modified":"2025-07-20T14:04:07","modified_gmt":"2025-07-20T13:04:07","slug":"lucian-wetter","status":"publish","type":"post","link":"https:\/\/www.kunstwerkstatt.at\/wp\/?p=12026","title":{"rendered":"Lucian Wetter"},"content":{"rendered":"\n<p class=\"has-medium-font-size\"><strong>WIR:KWT 2025 &#8222;Vom gl\u00fccklichen Zufall&#8220;<\/strong><\/p>\n\n\n\n<figure class=\"wp-block-image size-large is-resized\"><img loading=\"lazy\" decoding=\"async\" width=\"450\" height=\"219\" src=\"https:\/\/www.kunstwerkstatt.at\/wp\/wp-content\/uploads\/2001\/01\/20250505_082022-450x219.jpg\" alt=\"\" class=\"wp-image-15405\" style=\"width:640px;height:auto\" srcset=\"https:\/\/www.kunstwerkstatt.at\/wp\/wp-content\/uploads\/2001\/01\/20250505_082022-450x219.jpg 450w, https:\/\/www.kunstwerkstatt.at\/wp\/wp-content\/uploads\/2001\/01\/20250505_082022-300x146.jpg 300w, https:\/\/www.kunstwerkstatt.at\/wp\/wp-content\/uploads\/2001\/01\/20250505_082022-768x373.jpg 768w, https:\/\/www.kunstwerkstatt.at\/wp\/wp-content\/uploads\/2001\/01\/20250505_082022-1536x747.jpg 1536w, https:\/\/www.kunstwerkstatt.at\/wp\/wp-content\/uploads\/2001\/01\/20250505_082022-2048x995.jpg 2048w, https:\/\/www.kunstwerkstatt.at\/wp\/wp-content\/uploads\/2001\/01\/20250505_082022-1600x778.jpg 1600w\" sizes=\"auto, (max-width: 450px) 100vw, 450px\" \/><\/figure>\n\n\n\n<p>Der Baum des Lebens 2024, Acryl auf Leinwand, 60&#215;120, Preis auf Anfrage <\/p>\n\n\n\n<p>Das Bild ist durch einen Zufall (Zitat von einem meiner Lehrer: &#8222;der Zufall ist die Stelle, da kommt die Absicht gar nicht hin&#8220; &#8211; Alfred Hansl) in den ersten Arbeitsphasen entstanden. Nach einer l\u00e4ngeren Trocknungszeit habe ich das Bild ins Querformat gedreht und einen Baum darin gesehen und diesen dann weiter bearbeitet. Der m\u00e4chtige Stamm mit seinen starken \u00c4sten symbolisiert die vielen Lebensjahrzehnte. In der gro\u00dfen Krone sind die vielen bunten Ereignisse des Lebens zu sehen, die sich ineinander f\u00fcgen und so ein stimmiges Erscheinungsbild ergeben. Auch wenn die \u00c4ste gro\u00df und schwer sind und von viel Erlebtem zeigen, ist der Baum des Lebens zufrieden, mit sich im Reinen und leuchtet den Betrachter an und erzeugt bei ihm hoffentlich eine positive Stimmung .<\/p>\n\n\n\n<div class=\"wp-block-media-text alignwide is-stacked-on-mobile\" style=\"grid-template-columns:45% auto\"><figure class=\"wp-block-media-text__media\"><img loading=\"lazy\" decoding=\"async\" width=\"432\" height=\"388\" src=\"https:\/\/www.kunstwerkstatt.at\/wp\/wp-content\/uploads\/2022\/08\/WetterPic.png\" alt=\"\" class=\"wp-image-12028 size-full\" srcset=\"https:\/\/www.kunstwerkstatt.at\/wp\/wp-content\/uploads\/2022\/08\/WetterPic.png 432w, https:\/\/www.kunstwerkstatt.at\/wp\/wp-content\/uploads\/2022\/08\/WetterPic-300x269.png 300w\" sizes=\"auto, (max-width: 432px) 100vw, 432px\" \/><\/figure><div class=\"wp-block-media-text__content\">\n<p>Lucian Wetter, Jahrgang 1961, <br>Ich bin Urtullner, male seit mehr als einem Jahrzehnt und bin bei einigen K\u00fcnstlern aus ganz \u00d6sterreich  in Kursen und Seminaren gewesen. Gerne besuche ich Ausstellungen im In- und Ausland. Angestellt bin bei ich einem Sozialversicherungstr\u00e4ger. Ich male meist abstrakte(gro\u00dfe) Bilder mit Acrylfarben, in letzter Zeit auch Landschaftsbilder. In meinen Bildern bin ich auch kritisch und m\u00f6chte auf Umst\u00e4nde und Entwicklungen hinwiesen, die ich f\u00fcr problematisch ansehe wie etwa Klima, Umwelt, Gesellschaft, Natur<br><\/p>\n<\/div><\/div>\n\n\n\n<div style=\"height:61px\" aria-hidden=\"true\" class=\"wp-block-spacer\"><\/div>\n\n\n\n<p class=\"has-medium-font-size\"><strong>WIR:KWT 2023  &#8222;wenn einer eine Reise tut&#8230;&#8220;<\/strong><\/p>\n\n\n\n<figure class=\"wp-block-image size-large\"><img loading=\"lazy\" decoding=\"async\" width=\"450\" height=\"565\" src=\"https:\/\/www.kunstwerkstatt.at\/wp\/wp-content\/uploads\/2022\/08\/Adlernebel-450x565.jpg\" alt=\"\" class=\"wp-image-12027\" srcset=\"https:\/\/www.kunstwerkstatt.at\/wp\/wp-content\/uploads\/2022\/08\/Adlernebel-450x565.jpg 450w, https:\/\/www.kunstwerkstatt.at\/wp\/wp-content\/uploads\/2022\/08\/Adlernebel-239x300.jpg 239w, https:\/\/www.kunstwerkstatt.at\/wp\/wp-content\/uploads\/2022\/08\/Adlernebel-768x964.jpg 768w, https:\/\/www.kunstwerkstatt.at\/wp\/wp-content\/uploads\/2022\/08\/Adlernebel-1223x1536.jpg 1223w, https:\/\/www.kunstwerkstatt.at\/wp\/wp-content\/uploads\/2022\/08\/Adlernebel-1631x2048.jpg 1631w, https:\/\/www.kunstwerkstatt.at\/wp\/wp-content\/uploads\/2022\/08\/Adlernebel-1600x2009.jpg 1600w, https:\/\/www.kunstwerkstatt.at\/wp\/wp-content\/uploads\/2022\/08\/Adlernebel-scaled.jpg 2039w\" sizes=\"auto, (max-width: 450px) 100vw, 450px\" \/><figcaption class=\"wp-element-caption\">Adlernebel, Acryl<\/figcaption><\/figure>\n","protected":false},"excerpt":{"rendered":"<p>WIR:KWT 2025 &#8222;Vom gl\u00fccklichen Zufall&#8220; Der Baum des Lebens 2024, Acryl auf Leinwand, 60&#215;120, Preis auf Anfrage Das Bild ist&hellip;<\/p>\n","protected":false},"author":2,"featured_media":0,"comment_status":"closed","ping_status":"closed","sticky":false,"template":"","format":"standard","meta":{"ngg_post_thumbnail":0,"footnotes":""},"categories":[3,81],"tags":[],"class_list":["post-12026","post","type-post","status-publish","format-standard","hentry","category-ausstellung","category-bildende-kunst"],"_links":{"self":[{"href":"https:\/\/www.kunstwerkstatt.at\/wp\/index.php?rest_route=\/wp\/v2\/posts\/12026","targetHints":{"allow":["GET"]}}],"collection":[{"href":"https:\/\/www.kunstwerkstatt.at\/wp\/index.php?rest_route=\/wp\/v2\/posts"}],"about":[{"href":"https:\/\/www.kunstwerkstatt.at\/wp\/index.php?rest_route=\/wp\/v2\/types\/post"}],"author":[{"embeddable":true,"href":"https:\/\/www.kunstwerkstatt.at\/wp\/index.php?rest_route=\/wp\/v2\/users\/2"}],"replies":[{"embeddable":true,"href":"https:\/\/www.kunstwerkstatt.at\/wp\/index.php?rest_route=%2Fwp%2Fv2%2Fcomments&post=12026"}],"version-history":[{"count":7,"href":"https:\/\/www.kunstwerkstatt.at\/wp\/index.php?rest_route=\/wp\/v2\/posts\/12026\/revisions"}],"predecessor-version":[{"id":15522,"href":"https:\/\/www.kunstwerkstatt.at\/wp\/index.php?rest_route=\/wp\/v2\/posts\/12026\/revisions\/15522"}],"wp:attachment":[{"href":"https:\/\/www.kunstwerkstatt.at\/wp\/index.php?rest_route=%2Fwp%2Fv2%2Fmedia&parent=12026"}],"wp:term":[{"taxonomy":"category","embeddable":true,"href":"https:\/\/www.kunstwerkstatt.at\/wp\/index.php?rest_route=%2Fwp%2Fv2%2Fcategories&post=12026"},{"taxonomy":"post_tag","embeddable":true,"href":"https:\/\/www.kunstwerkstatt.at\/wp\/index.php?rest_route=%2Fwp%2Fv2%2Ftags&post=12026"}],"curies":[{"name":"wp","href":"https:\/\/api.w.org\/{rel}","templated":true}]}}