{"id":12222,"date":"2022-09-09T07:55:51","date_gmt":"2022-09-09T06:55:51","guid":{"rendered":"http:\/\/www.kunstwerkstatt.at\/wp\/?p=12222"},"modified":"2023-02-11T23:23:47","modified_gmt":"2023-02-11T22:23:47","slug":"luzifer","status":"publish","type":"post","link":"https:\/\/www.kunstwerkstatt.at\/wp\/?p=12222","title":{"rendered":"LUZIFER"},"content":{"rendered":"\n<p><\/p>\n\n\n\n<h4 class=\"wp-block-heading\">Luzifer von Bernhard Aichner<br>Theatergruppe KWT<br>14.\/15.\/21.\/22. Oktober 20h (Einlass: 19h)<\/h4>\n\n\n\n<p><br>LUZIFER er\u00f6ffnet in Tulln sein \u201eTheater des B\u00f6sen\u201c. Als Ehrengast l\u00e4dt er seinen ehemaligen Freund und Weggef\u00e4hrten GOTT ein, um ihn davon zu \u00fcberzeugen, dass man ihm, dem Teufel, ein Leben lang Unrecht getan hat. Und dass Gut und B\u00f6se n\u00e4her beieinander liegen als man denkt.<\/p>\n\n\n\n<p><strong>Es spielen:<br><\/strong>Raouf Ajili, Lisa Bern, Floh Himmelbauer, Lilly Himmelbauer, Erna Uhlik-Ockerm\u00fcller, Susanne Raschbacher, Markus Rohringer, Thomas Schefcsik, Lisa Maria Schraick, Gavino Welser, Uli Werzinger.<\/p>\n\n\n\n<div style=\"height:30px\" aria-hidden=\"true\" class=\"wp-block-spacer\"><\/div>\n\n\n\n<div class=\"wp-block-buttons is-layout-flex wp-block-buttons-is-layout-flex\">\n<div class=\"wp-block-button is-style-outline is-style-outline--1\"><a class=\"wp-block-button__link wp-element-button\" href=\"https:\/\/flic.kr\/s\/aHBqjArJ2p\" target=\"_blank\" rel=\"noreferrer noopener\">Bilder der Generalprobe bei Flickr<\/a><\/div>\n<\/div>\n\n\n\n<div style=\"height:20px\" aria-hidden=\"true\" class=\"wp-block-spacer\"><\/div>\n\n\n\n<div class=\"wp-block-buttons is-layout-flex wp-block-buttons-is-layout-flex\">\n<div class=\"wp-block-button is-style-outline is-style-outline--2\"><a class=\"wp-block-button__link wp-element-button\" href=\"https:\/\/flic.kr\/s\/aHBqjArKfq\" target=\"_blank\" rel=\"noreferrer noopener\">Bilder der Premiere<\/a><\/div>\n<\/div>\n\n\n\n<div style=\"height:19px\" aria-hidden=\"true\" class=\"wp-block-spacer\"><\/div>\n","protected":false},"excerpt":{"rendered":"<p>Die Theatergruppe KWT spielt im Oktober wieder auf &#8211; der Kartenvorverkauf l\u00e4uft!<\/p>\n","protected":false},"author":2,"featured_media":12220,"comment_status":"closed","ping_status":"closed","sticky":false,"template":"","format":"standard","meta":{"ngg_post_thumbnail":0,"footnotes":""},"categories":[13],"tags":[],"class_list":["post-12222","post","type-post","status-publish","format-standard","has-post-thumbnail","hentry","category-theater"],"_links":{"self":[{"href":"https:\/\/www.kunstwerkstatt.at\/wp\/index.php?rest_route=\/wp\/v2\/posts\/12222","targetHints":{"allow":["GET"]}}],"collection":[{"href":"https:\/\/www.kunstwerkstatt.at\/wp\/index.php?rest_route=\/wp\/v2\/posts"}],"about":[{"href":"https:\/\/www.kunstwerkstatt.at\/wp\/index.php?rest_route=\/wp\/v2\/types\/post"}],"author":[{"embeddable":true,"href":"https:\/\/www.kunstwerkstatt.at\/wp\/index.php?rest_route=\/wp\/v2\/users\/2"}],"replies":[{"embeddable":true,"href":"https:\/\/www.kunstwerkstatt.at\/wp\/index.php?rest_route=%2Fwp%2Fv2%2Fcomments&post=12222"}],"version-history":[{"count":38,"href":"https:\/\/www.kunstwerkstatt.at\/wp\/index.php?rest_route=\/wp\/v2\/posts\/12222\/revisions"}],"predecessor-version":[{"id":12821,"href":"https:\/\/www.kunstwerkstatt.at\/wp\/index.php?rest_route=\/wp\/v2\/posts\/12222\/revisions\/12821"}],"wp:featuredmedia":[{"embeddable":true,"href":"https:\/\/www.kunstwerkstatt.at\/wp\/index.php?rest_route=\/wp\/v2\/media\/12220"}],"wp:attachment":[{"href":"https:\/\/www.kunstwerkstatt.at\/wp\/index.php?rest_route=%2Fwp%2Fv2%2Fmedia&parent=12222"}],"wp:term":[{"taxonomy":"category","embeddable":true,"href":"https:\/\/www.kunstwerkstatt.at\/wp\/index.php?rest_route=%2Fwp%2Fv2%2Fcategories&post=12222"},{"taxonomy":"post_tag","embeddable":true,"href":"https:\/\/www.kunstwerkstatt.at\/wp\/index.php?rest_route=%2Fwp%2Fv2%2Ftags&post=12222"}],"curies":[{"name":"wp","href":"https:\/\/api.w.org\/{rel}","templated":true}]}}