{"id":12233,"date":"2022-09-09T07:43:40","date_gmt":"2022-09-09T06:43:40","guid":{"rendered":"https:\/\/www.kunstwerkstatt.at\/wp\/?p=12233"},"modified":"2022-09-09T10:13:00","modified_gmt":"2022-09-09T09:13:00","slug":"wiener-brut-was-morgen-is","status":"publish","type":"post","link":"https:\/\/www.kunstwerkstatt.at\/wp\/?p=12233","title":{"rendered":"Wiener Brut \u201eWas morgen is\u201c"},"content":{"rendered":"\n<p><\/p>\n\n\n\n<h4 class=\"wp-block-heading\"><strong>Albumpr\u00e4sentation und Konzert<\/strong><br>29.10. um 20:00<br>Eintritt: 17\u20ac Abendkassa<\/h4>\n\n\n\n<p><\/p>\n\n\n\n<p>Mit \u201eWas morgen is\u201c legt die Wiener Brut im Oktober 2022 ihre viertes Album vor. In einer Zeit, in der kein Stein auf dem anderen bleibt, stellt sich die Wiener Brut den gro\u00dfen Fragen der Menschheit. Die Antworten verabreicht die inzwischen erwachsene Meschpoche wohldosiert in dreizehn neuen Liedern. Egal, wie wacklert sich uns die Welt auch darstellt, das neue Album l\u00e4dt mit seinen augenzwinkernd nachdenklichen Liedern zum mutigen Sprung ins Ungewisse. <\/p>\n\n\n\n<p>Die Wiener Brut besingt voller Lebenserfahrung das Kind in uns. Sie empfiehlt die Sterne vom Himmel zu holen, statt das Ende der Welt herbeizubeten. Sie l\u00e4dt ein, im Gras zu liegen, statt ins Gras zu beissen. Sie installiert sich einen Schrittz\u00e4hler, statt ung&#8217;sund auf den Schrittmacher zu warten. Als in die Jahre gekommene Yoko Ono von Erdberg hupft sie zur Friedensbewegung ins Bett, statt zuhause auf der Waage herumzustehen. <\/p>\n\n\n\n<p>Das neue Album der Wiener Brut ist eine Sammlung anr\u00fchrender und sch\u00f6ner Stimmungsbilder. Die Lieder wurden auf der B\u00fchne erprobt, in jedem Takt schwingen Spielwitz und Spiellust der Musikerfamilie der umtriebigen S\u00e4ngerin Katharina Hohenberger. In ihren Texten bejaht sie das Leben. Sie Reminiszenz und h\u00e4lt uns uneitel den Spiegel vor&#8217;s Gesicht. Die Wiener Brut ist erwachsen. Sie nimmt uns an der Hand und bittet zum Luftsprung. Ohne den Hauch einer Ahnung wohin die Reise geht und mit voller Zuversicht.<\/p>\n\n\n\n<p><strong>Die Wiener Brut<\/strong><\/p>\n\n\n\n<p>Katharina Hohenberger \u2013 <em>Gesang<\/em><br>Geige Johannes M\u00fcnzner \u2013 <em>Akkordeo<\/em><br>Bernhard Osanna \u2013 <em>Kontrabass<\/em><br>J\u00fcrgen Groiss \u2013 <em>Schlagzeug<\/em><\/p>\n\n\n\n<p><\/p>\n\n\n\n<p><\/p>\n\n\n\n<figure class=\"wp-block-image size-full\"><img loading=\"lazy\" decoding=\"async\" width=\"2560\" height=\"1707\" src=\"https:\/\/www.kunstwerkstatt.at\/wp\/wp-content\/uploads\/2022\/09\/Wiener-Brut-neu-5-scaled.jpg\" alt=\"\" class=\"wp-image-12236\" srcset=\"https:\/\/www.kunstwerkstatt.at\/wp\/wp-content\/uploads\/2022\/09\/Wiener-Brut-neu-5-scaled.jpg 2560w, https:\/\/www.kunstwerkstatt.at\/wp\/wp-content\/uploads\/2022\/09\/Wiener-Brut-neu-5-300x200.jpg 300w, https:\/\/www.kunstwerkstatt.at\/wp\/wp-content\/uploads\/2022\/09\/Wiener-Brut-neu-5-450x300.jpg 450w, https:\/\/www.kunstwerkstatt.at\/wp\/wp-content\/uploads\/2022\/09\/Wiener-Brut-neu-5-768x512.jpg 768w, https:\/\/www.kunstwerkstatt.at\/wp\/wp-content\/uploads\/2022\/09\/Wiener-Brut-neu-5-1536x1024.jpg 1536w, https:\/\/www.kunstwerkstatt.at\/wp\/wp-content\/uploads\/2022\/09\/Wiener-Brut-neu-5-2048x1365.jpg 2048w, https:\/\/www.kunstwerkstatt.at\/wp\/wp-content\/uploads\/2022\/09\/Wiener-Brut-neu-5-1600x1067.jpg 1600w\" sizes=\"auto, (max-width: 2560px) 100vw, 2560px\" \/><\/figure>\n\n\n\n<p><\/p>\n\n\n\n<p><em>Fotocredit, Bandfoto:&nbsp; Wiener Brut<br>Fotocredit Cover : Thomas Weinberger<\/em><\/p>\n","protected":false},"excerpt":{"rendered":"<p>Albumpr\u00e4sentation und Konzert am 29.10.!<\/p>\n","protected":false},"author":4,"featured_media":12255,"comment_status":"closed","ping_status":"closed","sticky":false,"template":"","format":"standard","meta":{"ngg_post_thumbnail":0,"footnotes":""},"categories":[8],"tags":[],"class_list":["post-12233","post","type-post","status-publish","format-standard","has-post-thumbnail","hentry","category-konzert"],"_links":{"self":[{"href":"https:\/\/www.kunstwerkstatt.at\/wp\/index.php?rest_route=\/wp\/v2\/posts\/12233","targetHints":{"allow":["GET"]}}],"collection":[{"href":"https:\/\/www.kunstwerkstatt.at\/wp\/index.php?rest_route=\/wp\/v2\/posts"}],"about":[{"href":"https:\/\/www.kunstwerkstatt.at\/wp\/index.php?rest_route=\/wp\/v2\/types\/post"}],"author":[{"embeddable":true,"href":"https:\/\/www.kunstwerkstatt.at\/wp\/index.php?rest_route=\/wp\/v2\/users\/4"}],"replies":[{"embeddable":true,"href":"https:\/\/www.kunstwerkstatt.at\/wp\/index.php?rest_route=%2Fwp%2Fv2%2Fcomments&post=12233"}],"version-history":[{"count":7,"href":"https:\/\/www.kunstwerkstatt.at\/wp\/index.php?rest_route=\/wp\/v2\/posts\/12233\/revisions"}],"predecessor-version":[{"id":12258,"href":"https:\/\/www.kunstwerkstatt.at\/wp\/index.php?rest_route=\/wp\/v2\/posts\/12233\/revisions\/12258"}],"wp:featuredmedia":[{"embeddable":true,"href":"https:\/\/www.kunstwerkstatt.at\/wp\/index.php?rest_route=\/wp\/v2\/media\/12255"}],"wp:attachment":[{"href":"https:\/\/www.kunstwerkstatt.at\/wp\/index.php?rest_route=%2Fwp%2Fv2%2Fmedia&parent=12233"}],"wp:term":[{"taxonomy":"category","embeddable":true,"href":"https:\/\/www.kunstwerkstatt.at\/wp\/index.php?rest_route=%2Fwp%2Fv2%2Fcategories&post=12233"},{"taxonomy":"post_tag","embeddable":true,"href":"https:\/\/www.kunstwerkstatt.at\/wp\/index.php?rest_route=%2Fwp%2Fv2%2Ftags&post=12233"}],"curies":[{"name":"wp","href":"https:\/\/api.w.org\/{rel}","templated":true}]}}