{"id":12295,"date":"2022-09-20T07:59:08","date_gmt":"2022-09-20T06:59:08","guid":{"rendered":"https:\/\/www.kunstwerkstatt.at\/wp\/?p=12295"},"modified":"2022-09-20T08:01:57","modified_gmt":"2022-09-20T07:01:57","slug":"trauernachricht","status":"publish","type":"post","link":"https:\/\/www.kunstwerkstatt.at\/wp\/?p=12295","title":{"rendered":"Trauernachricht"},"content":{"rendered":"\n<p>Wir m\u00fcssen uns von einem Gr\u00fcndungsmitglied des Vereins Kunstwerkstatt Tulln verabschieden. Sie hinterl\u00e4\u00dft eine gro\u00dfe L\u00fccke, war eine gro\u00dfartige K\u00fcnstlerin und wir vermissen sie schmerzlich.<\/p>\n","protected":false},"excerpt":{"rendered":"<p>Wir m\u00fcssen uns von einem Gr\u00fcndungsmitglied des Vereins Kunstwerkstatt Tulln verabschieden. Sie hinterl\u00e4\u00dft eine gro\u00dfe L\u00fccke, war eine gro\u00dfartige K\u00fcnstlerin und wir vermissen sie schmerzlich.<\/p>\n","protected":false},"author":4,"featured_media":12296,"comment_status":"closed","ping_status":"closed","sticky":false,"template":"","format":"standard","meta":{"ngg_post_thumbnail":0,"footnotes":""},"categories":[1],"tags":[],"class_list":["post-12295","post","type-post","status-publish","format-standard","has-post-thumbnail","hentry","category-uncategorized"],"_links":{"self":[{"href":"https:\/\/www.kunstwerkstatt.at\/wp\/index.php?rest_route=\/wp\/v2\/posts\/12295","targetHints":{"allow":["GET"]}}],"collection":[{"href":"https:\/\/www.kunstwerkstatt.at\/wp\/index.php?rest_route=\/wp\/v2\/posts"}],"about":[{"href":"https:\/\/www.kunstwerkstatt.at\/wp\/index.php?rest_route=\/wp\/v2\/types\/post"}],"author":[{"embeddable":true,"href":"https:\/\/www.kunstwerkstatt.at\/wp\/index.php?rest_route=\/wp\/v2\/users\/4"}],"replies":[{"embeddable":true,"href":"https:\/\/www.kunstwerkstatt.at\/wp\/index.php?rest_route=%2Fwp%2Fv2%2Fcomments&post=12295"}],"version-history":[{"count":2,"href":"https:\/\/www.kunstwerkstatt.at\/wp\/index.php?rest_route=\/wp\/v2\/posts\/12295\/revisions"}],"predecessor-version":[{"id":12300,"href":"https:\/\/www.kunstwerkstatt.at\/wp\/index.php?rest_route=\/wp\/v2\/posts\/12295\/revisions\/12300"}],"wp:featuredmedia":[{"embeddable":true,"href":"https:\/\/www.kunstwerkstatt.at\/wp\/index.php?rest_route=\/wp\/v2\/media\/12296"}],"wp:attachment":[{"href":"https:\/\/www.kunstwerkstatt.at\/wp\/index.php?rest_route=%2Fwp%2Fv2%2Fmedia&parent=12295"}],"wp:term":[{"taxonomy":"category","embeddable":true,"href":"https:\/\/www.kunstwerkstatt.at\/wp\/index.php?rest_route=%2Fwp%2Fv2%2Fcategories&post=12295"},{"taxonomy":"post_tag","embeddable":true,"href":"https:\/\/www.kunstwerkstatt.at\/wp\/index.php?rest_route=%2Fwp%2Fv2%2Ftags&post=12295"}],"curies":[{"name":"wp","href":"https:\/\/api.w.org\/{rel}","templated":true}]}}