{"id":12409,"date":"2022-11-16T00:58:34","date_gmt":"2022-11-15T23:58:34","guid":{"rendered":"http:\/\/www.kunstwerkstatt.at\/wp\/?p=12409"},"modified":"2022-12-12T09:14:18","modified_gmt":"2022-12-12T08:14:18","slug":"stratus-new-years-jazz-konzert","status":"publish","type":"post","link":"https:\/\/www.kunstwerkstatt.at\/wp\/?p=12409","title":{"rendered":"Stratus &#8211; New Years Jazz"},"content":{"rendered":"\n<h5 class=\"wp-block-heading\">Konzert<\/h5>\n\n\n\n<h5 class=\"wp-block-heading\">Robert Riegler, Max Tschida und Vitus Pirchner<\/h5>\n\n\n\n<h5 class=\"wp-block-heading\">7. J\u00e4nner 2023, 20h00<\/h5>\n\n\n\n<h5 class=\"wp-block-heading\">Eintritt: 12\u20ac Vorverkauf, 15\u20ac\u00a0Abendkassa<\/h5>\n\n\n\n<p><\/p>\n\n\n<p><script src=\"https:\/\/ntry.at\/iframe\/newyearsjazz.js?l=de\" type=\"text\/javascript\"><\/script><\/p>\n\n\n<h2 class=\"wp-block-heading has-text-align-left\"><strong>Stratus<\/strong><\/h2>\n\n\n\n<p class=\"has-text-align-left\">Drei au\u00dfergew\u00f6hnliche Musiker finden sich zusammen und schreiben eine neue Geschichte. Verzaubernd, leidenschaftlich, verf\u00fchrerisch, hypnotisierend, packend.<br>Besser kannst du das neue Jahr nicht beginnen.<\/p>\n\n\n\n<div style=\"height:22px\" aria-hidden=\"true\" class=\"wp-block-spacer\"><\/div>\n\n\n\n<div class=\"wp-block-media-text alignwide is-stacked-on-mobile is-vertically-aligned-top is-image-fill\" style=\"grid-template-columns:34% auto\"><figure class=\"wp-block-media-text__media\" style=\"background-image:url(https:\/\/www.kunstwerkstatt.at\/wp\/wp-content\/uploads\/2022\/11\/Robert-1.jpeg);background-position:50% 50%\"><img loading=\"lazy\" decoding=\"async\" width=\"291\" height=\"320\" src=\"https:\/\/www.kunstwerkstatt.at\/wp\/wp-content\/uploads\/2022\/11\/Robert-1.jpeg\" alt=\"\" class=\"wp-image-12434 size-full\" srcset=\"https:\/\/www.kunstwerkstatt.at\/wp\/wp-content\/uploads\/2022\/11\/Robert-1.jpeg 291w, https:\/\/www.kunstwerkstatt.at\/wp\/wp-content\/uploads\/2022\/11\/Robert-1-273x300.jpeg 273w\" sizes=\"auto, (max-width: 291px) 100vw, 291px\" \/><\/figure><div class=\"wp-block-media-text__content\">\n<h4 class=\"wp-block-heading\"><strong>Robert Riegler<\/strong><\/h4>\n\n\n\n<p>Ein herausragender E-Bassist mit internationalem Ruf. Die Liste der Musiker, mit denen er gemeinsam musizierte, wirkt wie ein Who-is-Who der Jazzgr\u00f6\u00dfen von \u00d6sterreich: Vienna Art Orchester, Karl \u201eBumi\u201c Fian, Werner Pirchner und Harry Pepl \u2026. Seit 2012 unterrichtet Robert Riegler an der Universit\u00e4t f\u00fcr Musik und darstellende Kunst Graz. 2018 gr\u00fcndete er seine neue Band RYGLA und erfand den Dialect Fusion Style, mit dem Ziel, den un\u00fcberbr\u00fcckbaren Kontrast zwischen improvisierter und nicht-improvisierter Musik zu \u00fcberwinden. <\/p>\n\n\n\n<p><em>Quelle: robertriegler.com<\/em><br><em>Foto \u00a9 Heike Linamayr<\/em><\/p>\n<\/div><\/div>\n\n\n\n<div style=\"height:31px\" aria-hidden=\"true\" class=\"wp-block-spacer\"><\/div>\n\n\n\n<div class=\"wp-block-media-text alignwide is-stacked-on-mobile is-vertically-aligned-top is-image-fill\" style=\"grid-template-columns:35% auto\"><figure class=\"wp-block-media-text__media\" style=\"background-image:url(https:\/\/www.kunstwerkstatt.at\/wp\/wp-content\/uploads\/2022\/11\/Max.jpeg);background-position:20% 55%\"><img loading=\"lazy\" decoding=\"async\" width=\"320\" height=\"213\" src=\"https:\/\/www.kunstwerkstatt.at\/wp\/wp-content\/uploads\/2022\/11\/Max.jpeg\" alt=\"\" class=\"wp-image-12435 size-full\" srcset=\"https:\/\/www.kunstwerkstatt.at\/wp\/wp-content\/uploads\/2022\/11\/Max.jpeg 320w, https:\/\/www.kunstwerkstatt.at\/wp\/wp-content\/uploads\/2022\/11\/Max-300x200.jpeg 300w\" sizes=\"auto, (max-width: 320px) 100vw, 320px\" \/><\/figure><div class=\"wp-block-media-text__content\">\n<h4 class=\"wp-block-heading\">Max Tschida<\/h4>\n\n\n\n<p>Der Wiener Pianis<strong>t<\/strong> Max Tschida ist trotz seines jugendlichen Alters schon lange mittendrin in \u00d6sterreichs Jazzszene. Selbst mit \u201eRockprofessor\u201c Reinhold Bilgeri stand er schon auf der B\u00fchne, ebenso mit Peter D\u00fcrr, Jakob Kammerer und Conrad Schrenks SexWithoutNailsBrosis. Mit Tobias Faulhammer treibt er die Verfeinerung von Musik und Jazz auf die Spitze (Quelle: Elfi Oberhuber). Er legt gro\u00dfen Wert auf Dynamik, Spannungsb\u00f6gen und Kommunikation. Komplexe Harmonien, schnelle Unisono-Linien und ausgedehnte Improvisationen fehlen bei ihm genausowenig wie feinf\u00fchlig interpretierte Melodien und bescheiden minimalistische Elemente.<\/p>\n\n\n\n<p><em>Quelle: Pressetext<\/em><br><em>Foto \u00a9 Marlene Kaspischek<\/em><\/p>\n<\/div><\/div>\n\n\n\n<div style=\"height:29px\" aria-hidden=\"true\" class=\"wp-block-spacer\"><\/div>\n\n\n\n<div class=\"wp-block-media-text alignwide is-stacked-on-mobile is-vertically-aligned-top is-image-fill\" style=\"grid-template-columns:36% auto\"><figure class=\"wp-block-media-text__media\" style=\"background-image:url(https:\/\/www.kunstwerkstatt.at\/wp\/wp-content\/uploads\/2022\/11\/Vitus.jpeg);background-position:59% 56%\"><img loading=\"lazy\" decoding=\"async\" width=\"320\" height=\"230\" src=\"https:\/\/www.kunstwerkstatt.at\/wp\/wp-content\/uploads\/2022\/11\/Vitus.jpeg\" alt=\"\" class=\"wp-image-12436 size-full\" srcset=\"https:\/\/www.kunstwerkstatt.at\/wp\/wp-content\/uploads\/2022\/11\/Vitus.jpeg 320w, https:\/\/www.kunstwerkstatt.at\/wp\/wp-content\/uploads\/2022\/11\/Vitus-300x216.jpeg 300w\" sizes=\"auto, (max-width: 320px) 100vw, 320px\" \/><\/figure><div class=\"wp-block-media-text__content\">\n<h4 class=\"wp-block-heading\"><strong>Vitus Pirchner<\/strong> <\/h4>\n\n\n\n<p>Vitus Pirchner hat seine Leidenschaft zum Beruf gemacht. Seit fast 50 Jahren sitzt er am Schlagwerk, wirkte in den bedeutendsten Orchestern des Landes mit. Seine Tourneen f\u00fchrten ihn in die ganze Welt und er wechselt das Musikgenre geradeso l\u00e4ssig wie ein Cham\u00e4leon. Auch mit heimischen Austropopstars wie Wolfgang Ambros, STS, Ina Regen oder Jazzmusiker Joe Zawinul stand der coole Drummer auf der B\u00fchne. Ebenso mit Conrad Schrenks SexWithoutNailsBrosis, wo er Max Tschida begegnete und die Grundlage der Formation \u201eStratus\u201c gelegt hat. Seit 30 Jahren ist er in Tulln an der Musikschule dabei, seine Leidenschaft an junge Tullner weiterzugeben. <\/p>\n\n\n\n<p><em>Quelle: Platzhirsch<br>Foto \u00a9 Martin Luger<\/em><\/p>\n<\/div><\/div>\n\n\n\n<p><\/p>\n","protected":false},"excerpt":{"rendered":"<p>Konzert Robert Riegler, Max Tschida und Vitus Pirchner 7. J\u00e4nner 2023, 20h00 Eintritt: 12\u20ac Vorverkauf, 15\u20ac\u00a0Abendkassa Stratus Drei au\u00dfergew\u00f6hnliche Musiker&hellip;<\/p>\n","protected":false},"author":2,"featured_media":12404,"comment_status":"closed","ping_status":"closed","sticky":false,"template":"","format":"standard","meta":{"ngg_post_thumbnail":0,"footnotes":""},"categories":[8],"tags":[],"class_list":["post-12409","post","type-post","status-publish","format-standard","has-post-thumbnail","hentry","category-konzert"],"_links":{"self":[{"href":"https:\/\/www.kunstwerkstatt.at\/wp\/index.php?rest_route=\/wp\/v2\/posts\/12409","targetHints":{"allow":["GET"]}}],"collection":[{"href":"https:\/\/www.kunstwerkstatt.at\/wp\/index.php?rest_route=\/wp\/v2\/posts"}],"about":[{"href":"https:\/\/www.kunstwerkstatt.at\/wp\/index.php?rest_route=\/wp\/v2\/types\/post"}],"author":[{"embeddable":true,"href":"https:\/\/www.kunstwerkstatt.at\/wp\/index.php?rest_route=\/wp\/v2\/users\/2"}],"replies":[{"embeddable":true,"href":"https:\/\/www.kunstwerkstatt.at\/wp\/index.php?rest_route=%2Fwp%2Fv2%2Fcomments&post=12409"}],"version-history":[{"count":15,"href":"https:\/\/www.kunstwerkstatt.at\/wp\/index.php?rest_route=\/wp\/v2\/posts\/12409\/revisions"}],"predecessor-version":[{"id":12521,"href":"https:\/\/www.kunstwerkstatt.at\/wp\/index.php?rest_route=\/wp\/v2\/posts\/12409\/revisions\/12521"}],"wp:featuredmedia":[{"embeddable":true,"href":"https:\/\/www.kunstwerkstatt.at\/wp\/index.php?rest_route=\/wp\/v2\/media\/12404"}],"wp:attachment":[{"href":"https:\/\/www.kunstwerkstatt.at\/wp\/index.php?rest_route=%2Fwp%2Fv2%2Fmedia&parent=12409"}],"wp:term":[{"taxonomy":"category","embeddable":true,"href":"https:\/\/www.kunstwerkstatt.at\/wp\/index.php?rest_route=%2Fwp%2Fv2%2Fcategories&post=12409"},{"taxonomy":"post_tag","embeddable":true,"href":"https:\/\/www.kunstwerkstatt.at\/wp\/index.php?rest_route=%2Fwp%2Fv2%2Ftags&post=12409"}],"curies":[{"name":"wp","href":"https:\/\/api.w.org\/{rel}","templated":true}]}}