{"id":12417,"date":"2022-11-18T00:16:00","date_gmt":"2022-11-17T23:16:00","guid":{"rendered":"http:\/\/www.kunstwerkstatt.at\/wp\/?p=12417"},"modified":"2023-02-26T17:56:30","modified_gmt":"2023-02-26T16:56:30","slug":"die-grosse-heinz-erhardt-show","status":"publish","type":"post","link":"https:\/\/www.kunstwerkstatt.at\/wp\/?p=12417","title":{"rendered":"Die gro\u00dfe Heinz Erhardt Show"},"content":{"rendered":"\n<h5 class=\"wp-block-heading\">Gedichte, Sketche &amp; Musik! <\/h5>\n\n\n\n<h5 class=\"wp-block-heading\">Mit Manfred A. Distel &amp; Ensemble<\/h5>\n\n\n\n<h5 class=\"wp-block-heading\">25. Februar, 20:00<\/h5>\n\n\n\n<h5 class=\"wp-block-heading\">Eintritt: Vorverkauf 18\u20ac, Erm\u00e4\u00dfigt 15\u20ac<\/h5>\n\n\n\n<p><\/p>\n\n\n\n<p>Ein Abend rund um den gro\u00dfen Ausnahmek\u00fcnstler der 1950er und 60er Jahre \u2013 Heinz Erhardt. Seine unz\u00e4hligen Filme sieht man auch heute noch im Fernsehen &#8211; sie sind und bleiben Kult! Seine Gedichte, seine Ausdrucksweise und Wortverdrehungen sind unerreicht.<\/p>\n\n\n\n<p>Manfred Antonius Distel und seine Mitstreiter &#8211; Agnes Spitzbart und Axel Ramerseder (i.V. des erkrankten Stephan Pointner) &#8211; erwecken die Legende Heinz Erhardt wieder zum Leben! Mit viel Engagement, Respekt und Liebe zum Detail hat Manfred A. Distel die Aussprache, Mimik und Gestik seines gro\u00dfen Idols studiert und setzt dies auf der B\u00fchne perfekt um.<\/p>\n\n\n\n<p>Auch die interessante Lebensgeschichte von Heinz Erhardt wird Ihnen an diesem Abend n\u00e4hergebracht. Es sind sicher ein paar \u201eSchmankerl\u201c dabei, die Sie \u00fcber Heinz Erhardt noch nicht gewusst haben. Lassen Sie sich \u00fcberraschen!<\/p>\n\n\n\n<p>Wir freuen uns auf Ihren Besuch in der Kunstwerkstatt Tulln<\/p>\n\n\n\n<p><\/p>\n\n\n<p><script src=\"https:\/\/ntry.at\/iframe\/diegrheinzerhardtshow.js?l=de\" type=\"text\/javascript\"><\/script><\/p>\n\n\n<div style=\"height:15px\" aria-hidden=\"true\" class=\"wp-block-spacer\"><\/div>\n\n\n\n<p>In K\u00fcrze auch:<\/p>\n\n\n\n<div class=\"wp-block-buttons is-layout-flex wp-block-buttons-is-layout-flex\">\n<div class=\"wp-block-button is-style-outline is-style-outline--1\"><a class=\"wp-block-button__link wp-element-button\">Erm\u00e4\u00dfigte Vorverkaufskarten f\u00fcr Raikakunden in der Raikafiliale Tulln!<\/a><\/div>\n<\/div>\n","protected":false},"excerpt":{"rendered":"<p>Gedichte, Sketche &amp; Musik! Mit Manfred A. Distel &amp; Ensemble 25. Februar, 20:00 Eintritt: Vorverkauf 18\u20ac, Erm\u00e4\u00dfigt 15\u20ac Ein Abend&hellip;<\/p>\n","protected":false},"author":2,"featured_media":12407,"comment_status":"closed","ping_status":"closed","sticky":false,"template":"","format":"standard","meta":{"ngg_post_thumbnail":0,"footnotes":""},"categories":[6,12,13],"tags":[74,27,24,29],"class_list":["post-12417","post","type-post","status-publish","format-standard","has-post-thumbnail","hentry","category-kabarett","category-performances","category-theater","tag-erhardt-show","tag-kunstwerkstatt-tulln","tag-kwt","tag-tulln"],"_links":{"self":[{"href":"https:\/\/www.kunstwerkstatt.at\/wp\/index.php?rest_route=\/wp\/v2\/posts\/12417","targetHints":{"allow":["GET"]}}],"collection":[{"href":"https:\/\/www.kunstwerkstatt.at\/wp\/index.php?rest_route=\/wp\/v2\/posts"}],"about":[{"href":"https:\/\/www.kunstwerkstatt.at\/wp\/index.php?rest_route=\/wp\/v2\/types\/post"}],"author":[{"embeddable":true,"href":"https:\/\/www.kunstwerkstatt.at\/wp\/index.php?rest_route=\/wp\/v2\/users\/2"}],"replies":[{"embeddable":true,"href":"https:\/\/www.kunstwerkstatt.at\/wp\/index.php?rest_route=%2Fwp%2Fv2%2Fcomments&post=12417"}],"version-history":[{"count":7,"href":"https:\/\/www.kunstwerkstatt.at\/wp\/index.php?rest_route=\/wp\/v2\/posts\/12417\/revisions"}],"predecessor-version":[{"id":12842,"href":"https:\/\/www.kunstwerkstatt.at\/wp\/index.php?rest_route=\/wp\/v2\/posts\/12417\/revisions\/12842"}],"wp:featuredmedia":[{"embeddable":true,"href":"https:\/\/www.kunstwerkstatt.at\/wp\/index.php?rest_route=\/wp\/v2\/media\/12407"}],"wp:attachment":[{"href":"https:\/\/www.kunstwerkstatt.at\/wp\/index.php?rest_route=%2Fwp%2Fv2%2Fmedia&parent=12417"}],"wp:term":[{"taxonomy":"category","embeddable":true,"href":"https:\/\/www.kunstwerkstatt.at\/wp\/index.php?rest_route=%2Fwp%2Fv2%2Fcategories&post=12417"},{"taxonomy":"post_tag","embeddable":true,"href":"https:\/\/www.kunstwerkstatt.at\/wp\/index.php?rest_route=%2Fwp%2Fv2%2Ftags&post=12417"}],"curies":[{"name":"wp","href":"https:\/\/api.w.org\/{rel}","templated":true}]}}