{"id":12420,"date":"2022-11-17T00:33:51","date_gmt":"2022-11-16T23:33:51","guid":{"rendered":"http:\/\/www.kunstwerkstatt.at\/wp\/?p=12420"},"modified":"2022-12-12T09:18:02","modified_gmt":"2022-12-12T08:18:02","slug":"im-sog-japans","status":"publish","type":"post","link":"https:\/\/www.kunstwerkstatt.at\/wp\/?p=12420","title":{"rendered":"&#8222;Im Sog Japans&#8220;"},"content":{"rendered":"\n<h4 class=\"wp-block-heading\">Buchpr\u00e4sentation Christian Gr\u00fcbl <\/h4>\n\n\n\n<h4 class=\"wp-block-heading\">24. Februar 19h00<\/h4>\n\n\n\n<h4 class=\"wp-block-heading\">Eintritt frei<\/h4>\n\n\n\n<div style=\"height:35px\" aria-hidden=\"true\" class=\"wp-block-spacer\"><\/div>\n\n\n\n<p class=\"has-text-align-left\"><strong>-Der Weg vom K\u00e4mpfen, Scheitern und Gewinnen-<\/strong><\/p>\n\n\n\n<p class=\"has-text-align-left\">Ein Streifzug durch das geheime Japan.<\/p>\n\n\n\n<p class=\"has-text-align-left\">Es begann mit Karate\u2026doch die Kampfkunst zog den Tullner Christian Gr\u00fcbl mehr und mehr in ihren Bann. Schlie\u00dflich f\u00fchrte ihn sein Weg immer wieder in die entlegensten Ecken Japans.<\/p>\n\n\n\n<p class=\"has-text-align-left\">Nun erz\u00e4hlt er vom Training mit den geheimen Ninja Kriegern, vom Schwertkampf mit der Yakuza und dem rauen Weg zum Yamabushi, wo es ihm als erstem Europ\u00e4er gelang, die Ausbildung im Shugendo zu absolvieren.<\/p>\n\n\n\n<p class=\"has-text-align-left\">Tauchen Sie ein in die unbekannte Welt der asketisch esoterischen Praktiken und Rituale der Bergm\u00f6nche.\u00a0<\/p>\n\n\n\n<p class=\"has-text-align-left\">Mit dieser au\u00dfergew\u00f6hnlichen Bild-Biographie macht der Autor seine Begeisterung f\u00fcr ein Land voll magischer Sch\u00f6nheit, voll uralter Traditionen und mystischer Kraft sp\u00fcrbar.<\/p>\n\n\n\n<div class=\"wp-block-buttons is-layout-flex wp-block-buttons-is-layout-flex\">\n<div class=\"wp-block-button is-style-outline is-style-outline--1\"><a class=\"wp-block-button__link wp-element-button\" href=\"https:\/\/www.greenshinto.com\/2013\/09\/14\/shugendo-in-europe\/\" target=\"_blank\" rel=\"noreferrer noopener\">Mehr Info &#8230;<\/a><\/div>\n<\/div>\n\n\n\n<figure class=\"wp-block-image size-full\"><img loading=\"lazy\" decoding=\"async\" width=\"1200\" height=\"1800\" src=\"https:\/\/www.kunstwerkstatt.at\/wp\/wp-content\/uploads\/2022\/11\/christian-Gru\u0308bl.jpg\" alt=\"\" class=\"wp-image-12421\" srcset=\"https:\/\/www.kunstwerkstatt.at\/wp\/wp-content\/uploads\/2022\/11\/christian-Gru\u0308bl.jpg 1200w, https:\/\/www.kunstwerkstatt.at\/wp\/wp-content\/uploads\/2022\/11\/christian-Gru\u0308bl-200x300.jpg 200w, https:\/\/www.kunstwerkstatt.at\/wp\/wp-content\/uploads\/2022\/11\/christian-Gru\u0308bl-450x675.jpg 450w, https:\/\/www.kunstwerkstatt.at\/wp\/wp-content\/uploads\/2022\/11\/christian-Gru\u0308bl-768x1152.jpg 768w, https:\/\/www.kunstwerkstatt.at\/wp\/wp-content\/uploads\/2022\/11\/christian-Gru\u0308bl-1024x1536.jpg 1024w\" sizes=\"auto, (max-width: 1200px) 100vw, 1200px\" \/><\/figure>\n","protected":false},"excerpt":{"rendered":"<p>Buchpr\u00e4sentation Christian Gr\u00fcbl 24. Februar 19h00 Eintritt frei -Der Weg vom K\u00e4mpfen, Scheitern und Gewinnen- Ein Streifzug durch das geheime&hellip;<\/p>\n","protected":false},"author":2,"featured_media":12406,"comment_status":"closed","ping_status":"closed","sticky":false,"template":"","format":"standard","meta":{"ngg_post_thumbnail":0,"footnotes":""},"categories":[47,20,10],"tags":[75],"class_list":["post-12420","post","type-post","status-publish","format-standard","has-post-thumbnail","hentry","category-aktuelles","category-diskussion","category-new-media","tag-buchpraesentation"],"_links":{"self":[{"href":"https:\/\/www.kunstwerkstatt.at\/wp\/index.php?rest_route=\/wp\/v2\/posts\/12420","targetHints":{"allow":["GET"]}}],"collection":[{"href":"https:\/\/www.kunstwerkstatt.at\/wp\/index.php?rest_route=\/wp\/v2\/posts"}],"about":[{"href":"https:\/\/www.kunstwerkstatt.at\/wp\/index.php?rest_route=\/wp\/v2\/types\/post"}],"author":[{"embeddable":true,"href":"https:\/\/www.kunstwerkstatt.at\/wp\/index.php?rest_route=\/wp\/v2\/users\/2"}],"replies":[{"embeddable":true,"href":"https:\/\/www.kunstwerkstatt.at\/wp\/index.php?rest_route=%2Fwp%2Fv2%2Fcomments&post=12420"}],"version-history":[{"count":10,"href":"https:\/\/www.kunstwerkstatt.at\/wp\/index.php?rest_route=\/wp\/v2\/posts\/12420\/revisions"}],"predecessor-version":[{"id":12530,"href":"https:\/\/www.kunstwerkstatt.at\/wp\/index.php?rest_route=\/wp\/v2\/posts\/12420\/revisions\/12530"}],"wp:featuredmedia":[{"embeddable":true,"href":"https:\/\/www.kunstwerkstatt.at\/wp\/index.php?rest_route=\/wp\/v2\/media\/12406"}],"wp:attachment":[{"href":"https:\/\/www.kunstwerkstatt.at\/wp\/index.php?rest_route=%2Fwp%2Fv2%2Fmedia&parent=12420"}],"wp:term":[{"taxonomy":"category","embeddable":true,"href":"https:\/\/www.kunstwerkstatt.at\/wp\/index.php?rest_route=%2Fwp%2Fv2%2Fcategories&post=12420"},{"taxonomy":"post_tag","embeddable":true,"href":"https:\/\/www.kunstwerkstatt.at\/wp\/index.php?rest_route=%2Fwp%2Fv2%2Ftags&post=12420"}],"curies":[{"name":"wp","href":"https:\/\/api.w.org\/{rel}","templated":true}]}}