{"id":12606,"date":"2023-01-16T13:07:00","date_gmt":"2023-01-16T12:07:00","guid":{"rendered":"https:\/\/www.kunstwerkstatt.at\/wp\/?p=12606"},"modified":"2023-01-31T09:36:53","modified_gmt":"2023-01-31T08:36:53","slug":"wolfage-konzert-05-05-23-20h00","status":"publish","type":"post","link":"https:\/\/www.kunstwerkstatt.at\/wp\/?p=12606","title":{"rendered":"WOLFAGE"},"content":{"rendered":"\n<h5 class=\"wp-block-heading\">Rockkonzert <\/h5>\n\n\n\n<h5 class=\"wp-block-heading\">05.Mai 2023, 20h00<\/h5>\n\n\n\n<p><\/p>\n\n\n\n<p><\/p>\n\n\n\n<blockquote class=\"wp-block-quote is-layout-flow wp-block-quote-is-layout-flow\">\n<p>\u201eViel wei\u00df der Weise, sieht weit voraus<br>Der Welt Untergang, der Asen Fall.<br>Beilalter, Schwertalter, wo Schilde krachen,<br>Windzeit, Wolfszeit eh die Welt zerst\u00fcrzt.\u201c<\/p>\n<cite>\u00c4ltere Edda, ca.1240<\/cite><\/blockquote>\n\n\n\n<p><\/p>\n\n\n\n<p>Das Repertoire dieser 2015 gegr\u00fcndeten Band reicht von romantischen Balladen, \u00fcber energetische Mainstream-Rock-Songs bis zu stampfenden Hardrock-Hammern. Der Fokus liegt auf Eigenkompositionen mit deutschen und englischen Texten, \u00fcber die sch\u00f6nen aber auch dunklen Seiten von Liebe, Leidenschaft und dem Leben. Die Band pr\u00e4sentiert aber auch einige Songs anderer K\u00fcnstler, wie Bon Jovi oder AC\/DC.<br>Die Einfl\u00fcsse der Rockband reichen von romantischem Poprock, erdigem Hard Rock, energiegeladenem Metal \u00fcber einfallsreichen Indie-Pop und sogar bis zum bodenst\u00e4ndigen Schlager. Das wird auch deutlich repr\u00e4sentiert durch die verschiedenen Charaktere der involvierten Musiker. Wolfage, das sind Gerry Pribil (\u201aGerry\u2018, Leadgesang und Rhythmus-Gitarre) Roman Markhart (\u201aFreki\u2018, Bass), Michael Steinb\u00f6ck (\u201aMunin\u2018, Leadgitarre), Peter Balazs (\u201aOdin\u2018, Drums) und Phillip Redl (\u201aLoki\u2018, Keyboards). Diese Aufstellung sorgt f\u00fcr einen energiegeladenen und schwei\u00dftreibenden Abend.<\/p>\n\n\n\n<p><br><a href=\"https:\/\/www.facebook.com\/wolfszeit\/\">https:\/\/www.facebook.com\/wolfszeit\/<\/a><\/p>\n\n\n\n<p><br>Abendkassa 20,-, Vorverkauf: 17,-, Erm\u00e4\u00dfigt: 15,-<\/p>\n\n\n\n<p><\/p>\n\n\n<p><script src=\"https:\/\/ntry.at\/iframe\/wolfage.js?l=de\" type=\"text\/javascript\"><\/script><\/p>","protected":false},"excerpt":{"rendered":"<p>Rockkonzert 05.Mai 2023, 20h00 \u201eViel wei\u00df der Weise, sieht weit vorausDer Welt Untergang, der Asen Fall.Beilalter, Schwertalter, wo Schilde krachen,Windzeit,&hellip;<\/p>\n","protected":false},"author":2,"featured_media":12542,"comment_status":"closed","ping_status":"closed","sticky":false,"template":"","format":"standard","meta":{"ngg_post_thumbnail":0,"footnotes":""},"categories":[8],"tags":[27,24,29,80],"class_list":["post-12606","post","type-post","status-publish","format-standard","has-post-thumbnail","hentry","category-konzert","tag-kunstwerkstatt-tulln","tag-kwt","tag-tulln","tag-wolfage"],"_links":{"self":[{"href":"https:\/\/www.kunstwerkstatt.at\/wp\/index.php?rest_route=\/wp\/v2\/posts\/12606","targetHints":{"allow":["GET"]}}],"collection":[{"href":"https:\/\/www.kunstwerkstatt.at\/wp\/index.php?rest_route=\/wp\/v2\/posts"}],"about":[{"href":"https:\/\/www.kunstwerkstatt.at\/wp\/index.php?rest_route=\/wp\/v2\/types\/post"}],"author":[{"embeddable":true,"href":"https:\/\/www.kunstwerkstatt.at\/wp\/index.php?rest_route=\/wp\/v2\/users\/2"}],"replies":[{"embeddable":true,"href":"https:\/\/www.kunstwerkstatt.at\/wp\/index.php?rest_route=%2Fwp%2Fv2%2Fcomments&post=12606"}],"version-history":[{"count":4,"href":"https:\/\/www.kunstwerkstatt.at\/wp\/index.php?rest_route=\/wp\/v2\/posts\/12606\/revisions"}],"predecessor-version":[{"id":12755,"href":"https:\/\/www.kunstwerkstatt.at\/wp\/index.php?rest_route=\/wp\/v2\/posts\/12606\/revisions\/12755"}],"wp:featuredmedia":[{"embeddable":true,"href":"https:\/\/www.kunstwerkstatt.at\/wp\/index.php?rest_route=\/wp\/v2\/media\/12542"}],"wp:attachment":[{"href":"https:\/\/www.kunstwerkstatt.at\/wp\/index.php?rest_route=%2Fwp%2Fv2%2Fmedia&parent=12606"}],"wp:term":[{"taxonomy":"category","embeddable":true,"href":"https:\/\/www.kunstwerkstatt.at\/wp\/index.php?rest_route=%2Fwp%2Fv2%2Fcategories&post=12606"},{"taxonomy":"post_tag","embeddable":true,"href":"https:\/\/www.kunstwerkstatt.at\/wp\/index.php?rest_route=%2Fwp%2Fv2%2Ftags&post=12606"}],"curies":[{"name":"wp","href":"https:\/\/api.w.org\/{rel}","templated":true}]}}