{"id":12721,"date":"2023-01-31T08:45:04","date_gmt":"2023-01-31T07:45:04","guid":{"rendered":"https:\/\/www.kunstwerkstatt.at\/wp\/?p=12721"},"modified":"2023-05-17T12:09:22","modified_gmt":"2023-05-17T11:09:22","slug":"kikeriki-kurzfilme-fuer-kinder","status":"publish","type":"post","link":"https:\/\/www.kunstwerkstatt.at\/wp\/?p=12721","title":{"rendered":"Kikeriki"},"content":{"rendered":"\n<h6 class=\"wp-block-heading\">Kinder Kurzfilm Festival<br>8. Juni \u2013 2. Juli 2023<br>Immer Donnerstag (16:30) und Sonntag (15:30)<\/h6>\n\n\n\n<div class=\"wp-block-buttons is-layout-flex wp-block-buttons-is-layout-flex\">\n<div class=\"wp-block-button is-style-outline is-style-outline--1\"><a class=\"wp-block-button__link wp-element-button\" href=\"https:\/\/kikeriki.film\/programm\/\">Zum Programm<\/a><\/div>\n<\/div>\n\n\n\n<div style=\"height:39px\" aria-hidden=\"true\" class=\"wp-block-spacer\"><\/div>\n\n\n\n<p>Endlich ist es wieder soweit: Am 8. Juni 2023 startet die zweite Ausgabe von Kikeriki \u2013 \u00d6sterreichs erstem Kurzfilmfestival f\u00fcr Kinder ab 3 Jahren und alle die gerne gemeinsam ins Kino gehen!<\/p>\n\n\n\n<p><strong>Vier Wochen lang<\/strong> verwandelt sich die Kunstwerkstatt Tulln <strong>jeden Donnerstag und Sonntag<\/strong> in einen kunterbunten Kinosaal \u2013 mit Kuscheldecken, Obstjause und allem, was das gemeinsame Filmschauen besonders gem\u00fctlich macht. Auf dem Programm stehen 33 wundertolle Kurzfilme aus \u00d6sterreich und 15 weiteren L\u00e4ndern, dazu knisternde Mitmachworkshops.<\/p>\n\n\n\n<p>Wir freuen uns riesig drauf, die Kunstwerkstatt mit euch auf den Kopf zu stellen!<\/p>\n\n\n\n<figure class=\"wp-block-embed is-type-video is-provider-vimeo wp-block-embed-vimeo wp-embed-aspect-16-9 wp-has-aspect-ratio\"><div class=\"wp-block-embed__wrapper\">\n<iframe loading=\"lazy\" title=\"Sch&amp;ouml;n war&#039;s! | Kikeriki Kinder Kurzfilm Festival 2022\" src=\"https:\/\/player.vimeo.com\/video\/719352170?h=dfdf8fb12a&amp;dnt=1&amp;app_id=122963\" width=\"688\" height=\"387\" frameborder=\"0\" allow=\"autoplay; fullscreen; picture-in-picture\" allowfullscreen><\/iframe>\n<\/div><\/figure>\n\n\n\n<p><strong>Filmprogramm &amp; Mitmach-Workshops<\/strong><\/p>\n\n\n\n<ul class=\"wp-block-list\">\n<li>F\u00fcr Kinder ab 3 Jahren jeden Donnerstag um 16:30 Uhr<\/li>\n\n\n\n<li>F\u00fcr Kinder ab 4 bzw. 5 Jahren jeden Sonntag um 15:30 Uhr<\/li>\n\n\n\n<li>Einlass &amp; Einladung zur Obstjause jeweils 30 Minuten vor Veranstaltungsbeginn<\/li>\n<\/ul>\n\n\n\n<p><strong>Tickets: \u20ac 5 \/ Person<\/strong><\/p>\n\n\n\n<ul class=\"wp-block-list\">\n<li>Online-Vorverkauf auf www.kikeriki.film<\/li>\n\n\n\n<li>Keine Abendkassa, freier Eintritt f\u00fcr Kinder von 0-2 Jahren)<\/li>\n\n\n\n<li>Freikarten f\u00fcr Menschen, die sich den Eintritt derzeit nicht leisten k\u00f6nnen<\/li>\n<\/ul>\n\n\n\n<p><strong>Programm &amp; Anmeldung (ab 15. Mai)<\/strong><br><a href=\"http:\/\/www.kikeriki.film\/\">www.kikeriki.film<\/a><\/p>\n\n\n\n<figure class=\"wp-block-image size-large is-resized\"><img loading=\"lazy\" decoding=\"async\" src=\"https:\/\/www.kunstwerkstatt.at\/wp\/wp-content\/uploads\/2023\/05\/Zuza_im_Garten_Regie_Lucie_Sunkova_c_FAMU-450x299.jpg\" alt=\"\" class=\"wp-image-13239\" width=\"638\" height=\"424\" srcset=\"https:\/\/www.kunstwerkstatt.at\/wp\/wp-content\/uploads\/2023\/05\/Zuza_im_Garten_Regie_Lucie_Sunkova_c_FAMU-450x299.jpg 450w, https:\/\/www.kunstwerkstatt.at\/wp\/wp-content\/uploads\/2023\/05\/Zuza_im_Garten_Regie_Lucie_Sunkova_c_FAMU-300x200.jpg 300w, https:\/\/www.kunstwerkstatt.at\/wp\/wp-content\/uploads\/2023\/05\/Zuza_im_Garten_Regie_Lucie_Sunkova_c_FAMU-768x511.jpg 768w, https:\/\/www.kunstwerkstatt.at\/wp\/wp-content\/uploads\/2023\/05\/Zuza_im_Garten_Regie_Lucie_Sunkova_c_FAMU-1536x1022.jpg 1536w, https:\/\/www.kunstwerkstatt.at\/wp\/wp-content\/uploads\/2023\/05\/Zuza_im_Garten_Regie_Lucie_Sunkova_c_FAMU-1600x1065.jpg 1600w, https:\/\/www.kunstwerkstatt.at\/wp\/wp-content\/uploads\/2023\/05\/Zuza_im_Garten_Regie_Lucie_Sunkova_c_FAMU.jpg 1674w\" sizes=\"auto, (max-width: 638px) 100vw, 638px\" \/><\/figure>\n\n\n\n<p><em>Zuza im Garten (Zuza v zahrad\u00e1ch) | Regie: Lucie Sunkov\u00e1 \u00a9 FAMU<\/em><\/p>\n\n\n\n<figure class=\"wp-block-image size-large is-resized\"><img loading=\"lazy\" decoding=\"async\" src=\"https:\/\/www.kunstwerkstatt.at\/wp\/wp-content\/uploads\/2023\/05\/2023_Kikeriki_Plakat_WEB-450x596.jpg\" alt=\"\" class=\"wp-image-13240\" width=\"640\" height=\"848\" srcset=\"https:\/\/www.kunstwerkstatt.at\/wp\/wp-content\/uploads\/2023\/05\/2023_Kikeriki_Plakat_WEB-450x596.jpg 450w, https:\/\/www.kunstwerkstatt.at\/wp\/wp-content\/uploads\/2023\/05\/2023_Kikeriki_Plakat_WEB-226x300.jpg 226w, https:\/\/www.kunstwerkstatt.at\/wp\/wp-content\/uploads\/2023\/05\/2023_Kikeriki_Plakat_WEB-768x1018.jpg 768w, https:\/\/www.kunstwerkstatt.at\/wp\/wp-content\/uploads\/2023\/05\/2023_Kikeriki_Plakat_WEB-1159x1536.jpg 1159w, https:\/\/www.kunstwerkstatt.at\/wp\/wp-content\/uploads\/2023\/05\/2023_Kikeriki_Plakat_WEB-1546x2048.jpg 1546w, https:\/\/www.kunstwerkstatt.at\/wp\/wp-content\/uploads\/2023\/05\/2023_Kikeriki_Plakat_WEB.jpg 1600w\" sizes=\"auto, (max-width: 640px) 100vw, 640px\" \/><\/figure>\n\n\n\n<p><em>Illustration: Valerie Sindelar | www.valeriesindelar.com<br>Grafik: Caterina Kr\u00fcger | www.caterinakrueger.com<\/em><\/p>\n","protected":false},"excerpt":{"rendered":"<p>Kurzfilmfestival f\u00fcr Kinder ab 3 Jahren und alle, die gerne gemeinsam ins Kino gehen!<\/p>\n","protected":false},"author":4,"featured_media":13237,"comment_status":"closed","ping_status":"closed","sticky":false,"template":"","format":"standard","meta":{"ngg_post_thumbnail":0,"footnotes":""},"categories":[21,7],"tags":[],"class_list":["post-12721","post","type-post","status-publish","format-standard","has-post-thumbnail","hentry","category-film","category-kids-und-jugendliche"],"_links":{"self":[{"href":"https:\/\/www.kunstwerkstatt.at\/wp\/index.php?rest_route=\/wp\/v2\/posts\/12721","targetHints":{"allow":["GET"]}}],"collection":[{"href":"https:\/\/www.kunstwerkstatt.at\/wp\/index.php?rest_route=\/wp\/v2\/posts"}],"about":[{"href":"https:\/\/www.kunstwerkstatt.at\/wp\/index.php?rest_route=\/wp\/v2\/types\/post"}],"author":[{"embeddable":true,"href":"https:\/\/www.kunstwerkstatt.at\/wp\/index.php?rest_route=\/wp\/v2\/users\/4"}],"replies":[{"embeddable":true,"href":"https:\/\/www.kunstwerkstatt.at\/wp\/index.php?rest_route=%2Fwp%2Fv2%2Fcomments&post=12721"}],"version-history":[{"count":11,"href":"https:\/\/www.kunstwerkstatt.at\/wp\/index.php?rest_route=\/wp\/v2\/posts\/12721\/revisions"}],"predecessor-version":[{"id":13342,"href":"https:\/\/www.kunstwerkstatt.at\/wp\/index.php?rest_route=\/wp\/v2\/posts\/12721\/revisions\/13342"}],"wp:featuredmedia":[{"embeddable":true,"href":"https:\/\/www.kunstwerkstatt.at\/wp\/index.php?rest_route=\/wp\/v2\/media\/13237"}],"wp:attachment":[{"href":"https:\/\/www.kunstwerkstatt.at\/wp\/index.php?rest_route=%2Fwp%2Fv2%2Fmedia&parent=12721"}],"wp:term":[{"taxonomy":"category","embeddable":true,"href":"https:\/\/www.kunstwerkstatt.at\/wp\/index.php?rest_route=%2Fwp%2Fv2%2Fcategories&post=12721"},{"taxonomy":"post_tag","embeddable":true,"href":"https:\/\/www.kunstwerkstatt.at\/wp\/index.php?rest_route=%2Fwp%2Fv2%2Ftags&post=12721"}],"curies":[{"name":"wp","href":"https:\/\/api.w.org\/{rel}","templated":true}]}}