{"id":13148,"date":"2023-04-11T15:15:20","date_gmt":"2023-04-11T14:15:20","guid":{"rendered":"https:\/\/www.kunstwerkstatt.at\/wp\/?p=13148"},"modified":"2023-06-09T12:45:10","modified_gmt":"2023-06-09T11:45:10","slug":"koerperentspannung-gerlinde-thuma-tone-fink","status":"publish","type":"post","link":"https:\/\/www.kunstwerkstatt.at\/wp\/?p=13148","title":{"rendered":"K\u00d6RPER(ENT)SPANNUNG"},"content":{"rendered":"\n<div style=\"height:26px\" aria-hidden=\"true\" class=\"wp-block-spacer\"><\/div>\n\n\n\n<h5 class=\"wp-block-heading\">Vernissage: 12. Mai 2023, 19h00<br>Ausstellungsdauer bis 4. Juni 2023<br>\u00d6ffnungszeiten: Sa+So 14-18h00<br>Eintritt frei<\/h5>\n\n\n\n<figure class=\"wp-block-image size-large is-resized\"><img loading=\"lazy\" decoding=\"async\" src=\"https:\/\/www.kunstwerkstatt.at\/wp\/wp-content\/uploads\/2023\/04\/KWT_Fink-Thuma_A5-Einladg-S2-kl-450x452.jpg\" alt=\"\" class=\"wp-image-13188\" width=\"640\" height=\"643\" srcset=\"https:\/\/www.kunstwerkstatt.at\/wp\/wp-content\/uploads\/2023\/04\/KWT_Fink-Thuma_A5-Einladg-S2-kl-450x452.jpg 450w, https:\/\/www.kunstwerkstatt.at\/wp\/wp-content\/uploads\/2023\/04\/KWT_Fink-Thuma_A5-Einladg-S2-kl-300x300.jpg 300w, https:\/\/www.kunstwerkstatt.at\/wp\/wp-content\/uploads\/2023\/04\/KWT_Fink-Thuma_A5-Einladg-S2-kl-150x150.jpg 150w, https:\/\/www.kunstwerkstatt.at\/wp\/wp-content\/uploads\/2023\/04\/KWT_Fink-Thuma_A5-Einladg-S2-kl-768x771.jpg 768w, https:\/\/www.kunstwerkstatt.at\/wp\/wp-content\/uploads\/2023\/04\/KWT_Fink-Thuma_A5-Einladg-S2-kl-1529x1536.jpg 1529w, https:\/\/www.kunstwerkstatt.at\/wp\/wp-content\/uploads\/2023\/04\/KWT_Fink-Thuma_A5-Einladg-S2-kl.jpg 1593w\" sizes=\"auto, (max-width: 640px) 100vw, 640px\" \/><\/figure>\n\n\n\n<div style=\"height:37px\" aria-hidden=\"true\" class=\"wp-block-spacer\"><\/div>\n\n\n\n<figure class=\"wp-block-image size-large is-resized\"><img loading=\"lazy\" decoding=\"async\" src=\"https:\/\/www.kunstwerkstatt.at\/wp\/wp-content\/uploads\/2023\/04\/2xFink-450x318.jpg\" alt=\"\" class=\"wp-image-13150\" width=\"638\" height=\"451\" srcset=\"https:\/\/www.kunstwerkstatt.at\/wp\/wp-content\/uploads\/2023\/04\/2xFink-450x318.jpg 450w, https:\/\/www.kunstwerkstatt.at\/wp\/wp-content\/uploads\/2023\/04\/2xFink-300x212.jpg 300w, https:\/\/www.kunstwerkstatt.at\/wp\/wp-content\/uploads\/2023\/04\/2xFink-768x543.jpg 768w, https:\/\/www.kunstwerkstatt.at\/wp\/wp-content\/uploads\/2023\/04\/2xFink.jpg 1200w\" sizes=\"auto, (max-width: 638px) 100vw, 638px\" \/><\/figure>\n\n\n\n<p><em> (c) Bild: Tone Fink: li: Bikram Yoga. 2006      re: :albe Schildkr\u00f6te 2006<\/em><\/p>\n\n\n\n<figure class=\"wp-block-image size-large is-resized\"><img loading=\"lazy\" decoding=\"async\" src=\"https:\/\/www.kunstwerkstatt.at\/wp\/wp-content\/uploads\/2023\/04\/PastedGraphic-3-Gerlinde-Thuma-450x225.png\" alt=\"\" class=\"wp-image-13149\" width=\"640\" height=\"320\" srcset=\"https:\/\/www.kunstwerkstatt.at\/wp\/wp-content\/uploads\/2023\/04\/PastedGraphic-3-Gerlinde-Thuma-450x225.png 450w, https:\/\/www.kunstwerkstatt.at\/wp\/wp-content\/uploads\/2023\/04\/PastedGraphic-3-Gerlinde-Thuma-300x150.png 300w, https:\/\/www.kunstwerkstatt.at\/wp\/wp-content\/uploads\/2023\/04\/PastedGraphic-3-Gerlinde-Thuma-768x383.png 768w, https:\/\/www.kunstwerkstatt.at\/wp\/wp-content\/uploads\/2023\/04\/PastedGraphic-3-Gerlinde-Thuma.png 1186w\" sizes=\"auto, (max-width: 640px) 100vw, 640px\" \/><\/figure>\n\n\n\n<p><em>(c) Bild: Gerlinde Thuma. Kopfgeste. Zweiteilig. 2017<\/em><\/p>\n\n\n\n<p>K\u00f6rper und Raum bilden zusammenh\u00e4ngendes, komplexe, sinnliche Erlebensfelder. Wahrnehmungen, Assoziationen und Inszenierungen hierzu sind vielf\u00e4ltig. Manche meinen, dass nur \u00fcber das K\u00f6rper- und Raumerleben der Mensch wirklich Mensch ist. In der Ausstellung K\u00d6RPER(ENT)SPANNUNG treffen zwei markante k\u00fcnstlerische Pers\u00f6nlichkeiten aufeinander: Tone Fink mit exzentrisch-expliziten Daseinsvisionen und Gerlinde Thuma mit den Menschen im Raum vermessenden Gem\u00e4lden. Ein Duett, das mit Spannung\/Entspannung erwartet werden kann, zwei k\u00fcnstlerische Highlights in Tullns Kunstwerkstatt.<\/p>\n\n\n\n<div style=\"height:46px\" aria-hidden=\"true\" class=\"wp-block-spacer\"><\/div>\n\n\n\n<div class=\"wp-block-media-text alignwide is-stacked-on-mobile\" style=\"grid-template-columns:15% auto\"><figure class=\"wp-block-media-text__media\"><a href=\"https:\/\/www.noen.at\/tulln\/thuma-tone-in-der-kwt-koerperentspannung-in-der-kunstwerkstatt-367355966\"><img loading=\"lazy\" decoding=\"async\" width=\"450\" height=\"360\" src=\"https:\/\/www.kunstwerkstatt.at\/wp\/wp-content\/uploads\/2023\/05\/Logo_NOeN.svg_-450x360.png\" alt=\"\" class=\"wp-image-13343 size-full\" srcset=\"https:\/\/www.kunstwerkstatt.at\/wp\/wp-content\/uploads\/2023\/05\/Logo_NOeN.svg_-450x360.png 450w, https:\/\/www.kunstwerkstatt.at\/wp\/wp-content\/uploads\/2023\/05\/Logo_NOeN.svg_-300x240.png 300w, https:\/\/www.kunstwerkstatt.at\/wp\/wp-content\/uploads\/2023\/05\/Logo_NOeN.svg_-768x615.png 768w, https:\/\/www.kunstwerkstatt.at\/wp\/wp-content\/uploads\/2023\/05\/Logo_NOeN.svg_.png 1497w\" sizes=\"auto, (max-width: 450px) 100vw, 450px\" \/><\/a><\/figure><div class=\"wp-block-media-text__content\">\n<h5 class=\"wp-block-heading\"><a href=\"https:\/\/www.noen.at\/tulln\/thuma-tone-in-der-kwt-koerperentspannung-in-der-kunstwerkstatt-367355966\">&gt;&gt; Zum N\u00d6N-Artikel \u00fcber die Vernissage!<\/a><\/h5>\n<\/div><\/div>\n\n\n\n<figure class=\"wp-block-embed is-type-video is-provider-youtube wp-block-embed-youtube wp-embed-aspect-16-9 wp-has-aspect-ratio\"><div class=\"wp-block-embed__wrapper\">\n<iframe loading=\"lazy\" title=\"Ko\u0308rper(ent)spannung\" width=\"688\" height=\"387\" src=\"https:\/\/www.youtube.com\/embed\/Y6V-S-vfeoc?feature=oembed\" frameborder=\"0\" allow=\"accelerometer; autoplay; clipboard-write; encrypted-media; gyroscope; picture-in-picture; web-share\" allowfullscreen><\/iframe>\n<\/div><\/figure>\n","protected":false},"excerpt":{"rendered":"<p>Tone Fink mit exzentrisch-expliziten Daseinsvisionen und Gerlinde Thuma mit den Menschen im Raum vermessenden Gem\u00e4lden. Ein Duett, das mit Spannung\/Entspannung erwartet werden kann, zwei k\u00fcnstlerische Highlights in Tullns Kunstwerkstatt von 12.5. bis 4.6.2023.<\/p>\n","protected":false},"author":2,"featured_media":13182,"comment_status":"closed","ping_status":"closed","sticky":false,"template":"","format":"standard","meta":{"ngg_post_thumbnail":0,"footnotes":""},"categories":[3,81],"tags":[43,83,26,27,24,82,29,19],"class_list":["post-13148","post","type-post","status-publish","format-standard","has-post-thumbnail","hentry","category-ausstellung","category-bildende-kunst","tag-ausstellung","tag-gerlinde-thuma","tag-kunst","tag-kunstwerkstatt-tulln","tag-kwt","tag-tone-fink","tag-tulln","tag-vernissage"],"_links":{"self":[{"href":"https:\/\/www.kunstwerkstatt.at\/wp\/index.php?rest_route=\/wp\/v2\/posts\/13148","targetHints":{"allow":["GET"]}}],"collection":[{"href":"https:\/\/www.kunstwerkstatt.at\/wp\/index.php?rest_route=\/wp\/v2\/posts"}],"about":[{"href":"https:\/\/www.kunstwerkstatt.at\/wp\/index.php?rest_route=\/wp\/v2\/types\/post"}],"author":[{"embeddable":true,"href":"https:\/\/www.kunstwerkstatt.at\/wp\/index.php?rest_route=\/wp\/v2\/users\/2"}],"replies":[{"embeddable":true,"href":"https:\/\/www.kunstwerkstatt.at\/wp\/index.php?rest_route=%2Fwp%2Fv2%2Fcomments&post=13148"}],"version-history":[{"count":14,"href":"https:\/\/www.kunstwerkstatt.at\/wp\/index.php?rest_route=\/wp\/v2\/posts\/13148\/revisions"}],"predecessor-version":[{"id":13374,"href":"https:\/\/www.kunstwerkstatt.at\/wp\/index.php?rest_route=\/wp\/v2\/posts\/13148\/revisions\/13374"}],"wp:featuredmedia":[{"embeddable":true,"href":"https:\/\/www.kunstwerkstatt.at\/wp\/index.php?rest_route=\/wp\/v2\/media\/13182"}],"wp:attachment":[{"href":"https:\/\/www.kunstwerkstatt.at\/wp\/index.php?rest_route=%2Fwp%2Fv2%2Fmedia&parent=13148"}],"wp:term":[{"taxonomy":"category","embeddable":true,"href":"https:\/\/www.kunstwerkstatt.at\/wp\/index.php?rest_route=%2Fwp%2Fv2%2Fcategories&post=13148"},{"taxonomy":"post_tag","embeddable":true,"href":"https:\/\/www.kunstwerkstatt.at\/wp\/index.php?rest_route=%2Fwp%2Fv2%2Ftags&post=13148"}],"curies":[{"name":"wp","href":"https:\/\/api.w.org\/{rel}","templated":true}]}}