{"id":13507,"date":"2000-01-13T19:44:00","date_gmt":"2000-01-13T18:44:00","guid":{"rendered":"https:\/\/www.kunstwerkstatt.at\/wp\/?p=13507"},"modified":"2023-08-24T10:40:32","modified_gmt":"2023-08-24T09:40:32","slug":"rainer-friedl-robert-petschinka","status":"publish","type":"post","link":"https:\/\/www.kunstwerkstatt.at\/wp\/?p=13507","title":{"rendered":"Rainer Friedl &#038; Robert Petschinka"},"content":{"rendered":"\n<p>Ausstellung: <strong>WIR:KWT Gruppenausstellung<\/strong> 08\/2023<br>\u201ewenn jemand eine Reise tut \u2026\u201c<\/p>\n\n\n\n<figure class=\"wp-block-image size-large is-resized\"><img loading=\"lazy\" decoding=\"async\" src=\"https:\/\/www.kunstwerkstatt.at\/wp\/wp-content\/uploads\/2023\/08\/Rainer-Friedl-11-450x338.jpg\" alt=\"\" class=\"wp-image-13509\" width=\"640\" height=\"481\" srcset=\"https:\/\/www.kunstwerkstatt.at\/wp\/wp-content\/uploads\/2023\/08\/Rainer-Friedl-11-450x338.jpg 450w, https:\/\/www.kunstwerkstatt.at\/wp\/wp-content\/uploads\/2023\/08\/Rainer-Friedl-11-300x225.jpg 300w, https:\/\/www.kunstwerkstatt.at\/wp\/wp-content\/uploads\/2023\/08\/Rainer-Friedl-11-768x576.jpg 768w, https:\/\/www.kunstwerkstatt.at\/wp\/wp-content\/uploads\/2023\/08\/Rainer-Friedl-11-1536x1152.jpg 1536w, https:\/\/www.kunstwerkstatt.at\/wp\/wp-content\/uploads\/2023\/08\/Rainer-Friedl-11-1600x1200.jpg 1600w, https:\/\/www.kunstwerkstatt.at\/wp\/wp-content\/uploads\/2023\/08\/Rainer-Friedl-11.jpg 2016w\" sizes=\"auto, (max-width: 640px) 100vw, 640px\" \/><\/figure>\n\n\n\n<div style=\"height:16px\" aria-hidden=\"true\" class=\"wp-block-spacer\"><\/div>\n\n\n\n<figure class=\"wp-block-image size-large is-resized\"><img loading=\"lazy\" decoding=\"async\" src=\"https:\/\/www.kunstwerkstatt.at\/wp\/wp-content\/uploads\/2023\/08\/Rainer-Friedl-22-450x338.jpg\" alt=\"\" class=\"wp-image-13510\" width=\"640\" height=\"481\" srcset=\"https:\/\/www.kunstwerkstatt.at\/wp\/wp-content\/uploads\/2023\/08\/Rainer-Friedl-22-450x338.jpg 450w, https:\/\/www.kunstwerkstatt.at\/wp\/wp-content\/uploads\/2023\/08\/Rainer-Friedl-22-300x225.jpg 300w, https:\/\/www.kunstwerkstatt.at\/wp\/wp-content\/uploads\/2023\/08\/Rainer-Friedl-22-768x576.jpg 768w, https:\/\/www.kunstwerkstatt.at\/wp\/wp-content\/uploads\/2023\/08\/Rainer-Friedl-22-1536x1152.jpg 1536w, https:\/\/www.kunstwerkstatt.at\/wp\/wp-content\/uploads\/2023\/08\/Rainer-Friedl-22-1600x1200.jpg 1600w, https:\/\/www.kunstwerkstatt.at\/wp\/wp-content\/uploads\/2023\/08\/Rainer-Friedl-22.jpg 2016w\" sizes=\"auto, (max-width: 640px) 100vw, 640px\" \/><\/figure>\n\n\n\n<p>8 Fotoprints mit Tusche \u00fcberarbeitet 40&#215;50 o.T.<br>420\u20ac (excl. Rahmen)<\/p>\n\n\n\n<p>Reisefotos erz\u00e4hlen Geschichten<br>wenn sie der Maler Robert Petschinka \u00fcberarbeitet entstehen v\u00f6llig neue Geschichten<\/p>\n\n\n\n<div style=\"height:39px\" aria-hidden=\"true\" class=\"wp-block-spacer\"><\/div>\n\n\n\n<div class=\"wp-block-media-text alignwide is-stacked-on-mobile\" style=\"grid-template-columns:34% auto\"><figure class=\"wp-block-media-text__media\"><img loading=\"lazy\" decoding=\"async\" width=\"220\" height=\"220\" src=\"https:\/\/www.kunstwerkstatt.at\/wp\/wp-content\/uploads\/2023\/08\/rainer-portrait.jpg\" alt=\"\" class=\"wp-image-13508 size-full\" srcset=\"https:\/\/www.kunstwerkstatt.at\/wp\/wp-content\/uploads\/2023\/08\/rainer-portrait.jpg 220w, https:\/\/www.kunstwerkstatt.at\/wp\/wp-content\/uploads\/2023\/08\/rainer-portrait-150x150.jpg 150w\" sizes=\"auto, (max-width: 220px) 100vw, 220px\" \/><\/figure><div class=\"wp-block-media-text__content\">\n<p><strong>Rainer Friedl<\/strong>,<br>geb. 1956, lebt und arbeitet in Tulln.<\/p>\n\n\n\n<p>Studium an der WU Wien, Bademeister, freier Journalist, Redenschreiber, Werbetexter, Gesch\u00e4ftsf\u00fchrer der Content-Agentur FRIEDL UND SCHMATZ in Tulln.<br>Besch\u00e4ftigt sich seit vielen Jahren mit Fotografie &#8211; sowohl beruflich als auch mit freien Arbeiten.<br>Gr\u00fcnder der ersten Tullner Fotogalerie in der Nibelungengasse 6<br>Auszeichnung beim Europ\u00e4ischen Architekturfotografie-Preis 2019<br>Ausstellungen u.a.: Kunstwerkstatt Tulln, Kulturhaus St.Andr\u00e4, Kellergalerie Kunsthaus Wien, Galerie Augenblick Kirchberg, Galerie grenzART Hollabrunn, Kunstforum Bank Austria Wien, Galerie Herr Leutner Wien, TullnArt<br>Kontakt: <\/p>\n\n\n\n<p>Telefon:<br>0664 40 14 270&nbsp;<\/p>\n\n\n\n<p>Homepage<br><a href=\"http:\/\/www.subjektiv.at\" target=\"_blank\" rel=\"noreferrer noopener\">www.subjektiv.at<\/a><\/p>\n\n\n\n<p>Mail:<br><a href=\"mailto:rainer@friedlundschmatz.at\">rainer@friedlundschmatz.at<\/a><\/p>\n<\/div><\/div>\n\n\n\n<div style=\"height:54px\" aria-hidden=\"true\" class=\"wp-block-spacer\"><\/div>\n\n\n\n<div class=\"wp-block-media-text alignwide is-stacked-on-mobile\" style=\"grid-template-columns:34% auto\"><figure class=\"wp-block-media-text__media\"><img loading=\"lazy\" decoding=\"async\" width=\"450\" height=\"675\" src=\"https:\/\/www.kunstwerkstatt.at\/wp\/wp-content\/uploads\/2023\/08\/R2A9064-450x675.jpg\" alt=\"\" class=\"wp-image-13634 size-full\" srcset=\"https:\/\/www.kunstwerkstatt.at\/wp\/wp-content\/uploads\/2023\/08\/R2A9064-450x675.jpg 450w, https:\/\/www.kunstwerkstatt.at\/wp\/wp-content\/uploads\/2023\/08\/R2A9064-200x300.jpg 200w, https:\/\/www.kunstwerkstatt.at\/wp\/wp-content\/uploads\/2023\/08\/R2A9064-768x1151.jpg 768w, https:\/\/www.kunstwerkstatt.at\/wp\/wp-content\/uploads\/2023\/08\/R2A9064-1025x1536.jpg 1025w, https:\/\/www.kunstwerkstatt.at\/wp\/wp-content\/uploads\/2023\/08\/R2A9064-1366x2048.jpg 1366w, https:\/\/www.kunstwerkstatt.at\/wp\/wp-content\/uploads\/2023\/08\/R2A9064-1600x2399.jpg 1600w, https:\/\/www.kunstwerkstatt.at\/wp\/wp-content\/uploads\/2023\/08\/R2A9064-scaled.jpg 1708w\" sizes=\"auto, (max-width: 450px) 100vw, 450px\" \/><\/figure><div class=\"wp-block-media-text__content\">\n<p><strong>Robert Petschinka<\/strong><\/p>\n\n\n\n<p>Geboren in Gro\u00dfmugl, N\u00d6.<br>Lebt und arbeitet im Ort Obermallebarn.<br><br>Das k\u00fcnstlerische Thema in den Bildern von Robert Petschinka ist der Mensch.<br>Sein eigentliches Motto:<\/p>\n\n\n\n<p><strong>\u201cone pencil and a dream can take you anywhere\u201d<\/strong>\u201d Als aufmerksamer Beobachter sieht er seine fast t\u00e4glich entstehenden Zeichnungen als eine Art Tagebuch mit dem Titel:<br>\u201eWas der Tag mir zutr\u00e4gt\u201c.<br><br>Seine, k\u00fcnstlerischen Impulse die ihn pr\u00e4gten bezieht er von der Ausdruckskraft der Malerei der fr\u00fchen Gotik sowie der Figuration der afrikanischen Skulptur.<br><br>Dieses kreatives Denken und Tun versucht er, auf verschiedene Weise zu zeigen und zu vermitteln. Kurse, Ausstellungen, Seminare, Workshops, Atelierbesuche, Kunstvermittlung erg\u00e4nzen sein k\u00fcnstlerisches Leben. Er ist aktiver Bestandteil des Kulturlebens in N\u00d6 &#8211; besonders im Weinviertel. Sein Interesse und sein neues Ziel: die Zusammenf\u00fchrung von K\u00fcnstlern der Donaul\u00e4nder. Er hat viele Jahre die Galerie GrenzArt in Hollabrunn geleitet.<br>Homepage:<br><a href=\"http:\/\/www.petschinka.at\" data-type=\"URL\" data-id=\"www.petschinka.at\" target=\"_blank\" rel=\"noreferrer noopener\">www.petschinka.at<\/a><br><\/p>\n<\/div><\/div>\n","protected":false},"excerpt":{"rendered":"<p>Ausstellung: WIR:KWT Gruppenausstellung 08\/2023\u201ewenn jemand eine Reise tut \u2026\u201c 8 Fotoprints mit Tusche \u00fcberarbeitet 40&#215;50 o.T.420\u20ac (excl. Rahmen) Reisefotos erz\u00e4hlen&hellip;<\/p>\n","protected":false},"author":2,"featured_media":0,"comment_status":"closed","ping_status":"closed","sticky":false,"template":"","format":"standard","meta":{"ngg_post_thumbnail":0,"footnotes":""},"categories":[3,81],"tags":[],"class_list":["post-13507","post","type-post","status-publish","format-standard","hentry","category-ausstellung","category-bildende-kunst"],"_links":{"self":[{"href":"https:\/\/www.kunstwerkstatt.at\/wp\/index.php?rest_route=\/wp\/v2\/posts\/13507","targetHints":{"allow":["GET"]}}],"collection":[{"href":"https:\/\/www.kunstwerkstatt.at\/wp\/index.php?rest_route=\/wp\/v2\/posts"}],"about":[{"href":"https:\/\/www.kunstwerkstatt.at\/wp\/index.php?rest_route=\/wp\/v2\/types\/post"}],"author":[{"embeddable":true,"href":"https:\/\/www.kunstwerkstatt.at\/wp\/index.php?rest_route=\/wp\/v2\/users\/2"}],"replies":[{"embeddable":true,"href":"https:\/\/www.kunstwerkstatt.at\/wp\/index.php?rest_route=%2Fwp%2Fv2%2Fcomments&post=13507"}],"version-history":[{"count":3,"href":"https:\/\/www.kunstwerkstatt.at\/wp\/index.php?rest_route=\/wp\/v2\/posts\/13507\/revisions"}],"predecessor-version":[{"id":13669,"href":"https:\/\/www.kunstwerkstatt.at\/wp\/index.php?rest_route=\/wp\/v2\/posts\/13507\/revisions\/13669"}],"wp:attachment":[{"href":"https:\/\/www.kunstwerkstatt.at\/wp\/index.php?rest_route=%2Fwp%2Fv2%2Fmedia&parent=13507"}],"wp:term":[{"taxonomy":"category","embeddable":true,"href":"https:\/\/www.kunstwerkstatt.at\/wp\/index.php?rest_route=%2Fwp%2Fv2%2Fcategories&post=13507"},{"taxonomy":"post_tag","embeddable":true,"href":"https:\/\/www.kunstwerkstatt.at\/wp\/index.php?rest_route=%2Fwp%2Fv2%2Ftags&post=13507"}],"curies":[{"name":"wp","href":"https:\/\/api.w.org\/{rel}","templated":true}]}}