{"id":13544,"date":"2000-01-14T22:31:00","date_gmt":"2000-01-14T21:31:00","guid":{"rendered":"https:\/\/www.kunstwerkstatt.at\/wp\/?p=13544"},"modified":"2024-08-15T16:10:08","modified_gmt":"2024-08-15T15:10:08","slug":"bernhard-pauler","status":"publish","type":"post","link":"https:\/\/www.kunstwerkstatt.at\/wp\/?p=13544","title":{"rendered":"Bernhard Pauler"},"content":{"rendered":"\n<p class=\"has-medium-font-size\"><strong>WIR:KWT 2024 GEM]EINSAM[<\/strong><\/p>\n\n\n\n<figure class=\"wp-block-image size-large is-resized\"><img loading=\"lazy\" decoding=\"async\" width=\"450\" height=\"338\" src=\"https:\/\/www.kunstwerkstatt.at\/wp\/wp-content\/uploads\/2024\/08\/bernhard-pauler-dis-connection-450x338.jpg\" alt=\"\" class=\"wp-image-14279\" style=\"width:640px;height:auto\" srcset=\"https:\/\/www.kunstwerkstatt.at\/wp\/wp-content\/uploads\/2024\/08\/bernhard-pauler-dis-connection-450x338.jpg 450w, https:\/\/www.kunstwerkstatt.at\/wp\/wp-content\/uploads\/2024\/08\/bernhard-pauler-dis-connection-300x225.jpg 300w, https:\/\/www.kunstwerkstatt.at\/wp\/wp-content\/uploads\/2024\/08\/bernhard-pauler-dis-connection-768x576.jpg 768w, https:\/\/www.kunstwerkstatt.at\/wp\/wp-content\/uploads\/2024\/08\/bernhard-pauler-dis-connection-1536x1152.jpg 1536w, https:\/\/www.kunstwerkstatt.at\/wp\/wp-content\/uploads\/2024\/08\/bernhard-pauler-dis-connection-1600x1200.jpg 1600w, https:\/\/www.kunstwerkstatt.at\/wp\/wp-content\/uploads\/2024\/08\/bernhard-pauler-dis-connection.jpg 1920w\" sizes=\"auto, (max-width: 450px) 100vw, 450px\" \/><\/figure>\n\n\n\n<p><strong>Dis connection<\/strong>, Acryl auf Braunpappe, 3 x 72 x 102 auf Anfrage<br><strong>Das Bild \u2013 drei zusammenh\u00e4ngende, aber getrennte Portr\u00e4ts \u2013 verarbeitet meine erlebte, pr\u00e4gende Trennung von enger Verbindung.<\/strong><br>Gewidmet Kristin Oswald<\/p>\n\n\n\n<p>Instagram: <a href=\"https:\/\/www.instagram.com\/bernhardpauler\/\" target=\"_blank\" rel=\"noreferrer noopener\">@bernhardpauler<\/a><br>Web: <a href=\"https:\/\/art.bernhardpauler.at\/\" target=\"_blank\" rel=\"noreferrer noopener\">art.bernhardpauler.at<\/a><\/p>\n\n\n\n<div style=\"height:30px\" aria-hidden=\"true\" class=\"wp-block-spacer\"><\/div>\n\n\n\n<div class=\"wp-block-media-text alignwide is-stacked-on-mobile\"><figure class=\"wp-block-media-text__media\"><img loading=\"lazy\" decoding=\"async\" width=\"240\" height=\"360\" src=\"https:\/\/www.kunstwerkstatt.at\/wp\/wp-content\/uploads\/2023\/08\/bernhard-pauler-portraitfoto-2.jpg\" alt=\"\" class=\"wp-image-13623 size-full\" srcset=\"https:\/\/www.kunstwerkstatt.at\/wp\/wp-content\/uploads\/2023\/08\/bernhard-pauler-portraitfoto-2.jpg 240w, https:\/\/www.kunstwerkstatt.at\/wp\/wp-content\/uploads\/2023\/08\/bernhard-pauler-portraitfoto-2-200x300.jpg 200w\" sizes=\"auto, (max-width: 240px) 100vw, 240px\" \/><\/figure><div class=\"wp-block-media-text__content\">\n<p><strong>Bernhard Pauler<\/strong><\/p>\n\n\n\n<p>geboren 1981 in Wien<br>2001-2003 H\u00f6here Technische Bundeslehr- und Versuchsanstalt Wien, Kolleg Software-Entwicklung<br>2008-2010 H\u00f6here Graphische Bundeslehr- und Versuchsanstalt Wien, Kolleg Grafik-Design<br>2010-2012 Gastsch\u00fcler Malerei bei Mag. Wilhelm Drach<br>lebt in Nieder\u00f6sterreich<\/p>\n\n\n\n<p>Webseite:<br><a rel=\"noreferrer noopener\" href=\"https:\/\/art.bernhardpauler.at\/\" target=\"_blank\">art.bernhardpauler.at<\/a><\/p>\n\n\n\n<p>Instagram:<br><a rel=\"noreferrer noopener\" href=\"https:\/\/www.instagram.com\/bernhardpauler\/\" target=\"_blank\">@bernhardpauler<\/a><\/p>\n\n\n\n<p>E-Mail: <br><a href=\"mailto:hallo@bernhardpauler.at\" target=\"_blank\" rel=\"noreferrer noopener\">hallo@bernhardpauler.at<\/a><\/p>\n<\/div><\/div>\n\n\n\n<p class=\"has-medium-font-size\"><strong>ARTFLAG 2024<\/strong><\/p>\n\n\n\n<p>Ausschreibung der KWT-ART Flagge 2024<\/p>\n\n\n\n<figure class=\"wp-block-image size-large is-resized\"><img loading=\"lazy\" decoding=\"async\" width=\"450\" height=\"338\" src=\"https:\/\/www.kunstwerkstatt.at\/wp\/wp-content\/uploads\/2024\/08\/mockup-450x338.jpg\" alt=\"\" class=\"wp-image-14278\" style=\"width:640px;height:auto\" srcset=\"https:\/\/www.kunstwerkstatt.at\/wp\/wp-content\/uploads\/2024\/08\/mockup-450x338.jpg 450w, https:\/\/www.kunstwerkstatt.at\/wp\/wp-content\/uploads\/2024\/08\/mockup-300x225.jpg 300w, https:\/\/www.kunstwerkstatt.at\/wp\/wp-content\/uploads\/2024\/08\/mockup-768x576.jpg 768w, https:\/\/www.kunstwerkstatt.at\/wp\/wp-content\/uploads\/2024\/08\/mockup-1536x1152.jpg 1536w, https:\/\/www.kunstwerkstatt.at\/wp\/wp-content\/uploads\/2024\/08\/mockup-1600x1200.jpg 1600w, https:\/\/www.kunstwerkstatt.at\/wp\/wp-content\/uploads\/2024\/08\/mockup.jpg 1920w\" sizes=\"auto, (max-width: 450px) 100vw, 450px\" \/><figcaption class=\"wp-element-caption\">Symbolfoto<\/figcaption><\/figure>\n\n\n\n<div style=\"height:38px\" aria-hidden=\"true\" class=\"wp-block-spacer\"><\/div>\n\n\n\n<p class=\"has-medium-font-size\"><strong>WIR:KWT 2023   &#8222;wenn einer eine Reise tut &#8230;&#8220;<\/strong><\/p>\n\n\n\n<figure class=\"wp-block-image size-large is-resized\"><img loading=\"lazy\" decoding=\"async\" width=\"450\" height=\"338\" src=\"https:\/\/www.kunstwerkstatt.at\/wp\/wp-content\/uploads\/2024\/08\/bernhard-pauler-felt-ripple-2-450x338.jpg\" alt=\"\" class=\"wp-image-14454\" style=\"aspect-ratio:1.33125;width:643px;height:auto\" srcset=\"https:\/\/www.kunstwerkstatt.at\/wp\/wp-content\/uploads\/2024\/08\/bernhard-pauler-felt-ripple-2-450x338.jpg 450w, https:\/\/www.kunstwerkstatt.at\/wp\/wp-content\/uploads\/2024\/08\/bernhard-pauler-felt-ripple-2-300x225.jpg 300w, https:\/\/www.kunstwerkstatt.at\/wp\/wp-content\/uploads\/2024\/08\/bernhard-pauler-felt-ripple-2-768x576.jpg 768w, https:\/\/www.kunstwerkstatt.at\/wp\/wp-content\/uploads\/2024\/08\/bernhard-pauler-felt-ripple-2.jpg 1200w\" sizes=\"auto, (max-width: 450px) 100vw, 450px\" \/><\/figure>\n\n\n\n<p><strong>Felt ripple<\/strong>, Acryl auf Leinwand, 135 \u00d7 90 cm <br>Das Bild ist eine Reise in die Vergangenheit, es verarbeitet eine Szene aus meiner Kindheit.<\/p>\n","protected":false},"excerpt":{"rendered":"<p>WIR:KWT 2024 GEM]EINSAM[ Dis connection, Acryl auf Braunpappe, 3 x 72 x 102 auf AnfrageDas Bild \u2013 drei zusammenh\u00e4ngende, aber&hellip;<\/p>\n","protected":false},"author":2,"featured_media":0,"comment_status":"closed","ping_status":"closed","sticky":false,"template":"","format":"standard","meta":{"ngg_post_thumbnail":0,"footnotes":""},"categories":[81],"tags":[],"class_list":["post-13544","post","type-post","status-publish","format-standard","hentry","category-bildende-kunst"],"_links":{"self":[{"href":"https:\/\/www.kunstwerkstatt.at\/wp\/index.php?rest_route=\/wp\/v2\/posts\/13544","targetHints":{"allow":["GET"]}}],"collection":[{"href":"https:\/\/www.kunstwerkstatt.at\/wp\/index.php?rest_route=\/wp\/v2\/posts"}],"about":[{"href":"https:\/\/www.kunstwerkstatt.at\/wp\/index.php?rest_route=\/wp\/v2\/types\/post"}],"author":[{"embeddable":true,"href":"https:\/\/www.kunstwerkstatt.at\/wp\/index.php?rest_route=\/wp\/v2\/users\/2"}],"replies":[{"embeddable":true,"href":"https:\/\/www.kunstwerkstatt.at\/wp\/index.php?rest_route=%2Fwp%2Fv2%2Fcomments&post=13544"}],"version-history":[{"count":20,"href":"https:\/\/www.kunstwerkstatt.at\/wp\/index.php?rest_route=\/wp\/v2\/posts\/13544\/revisions"}],"predecessor-version":[{"id":14457,"href":"https:\/\/www.kunstwerkstatt.at\/wp\/index.php?rest_route=\/wp\/v2\/posts\/13544\/revisions\/14457"}],"wp:attachment":[{"href":"https:\/\/www.kunstwerkstatt.at\/wp\/index.php?rest_route=%2Fwp%2Fv2%2Fmedia&parent=13544"}],"wp:term":[{"taxonomy":"category","embeddable":true,"href":"https:\/\/www.kunstwerkstatt.at\/wp\/index.php?rest_route=%2Fwp%2Fv2%2Fcategories&post=13544"},{"taxonomy":"post_tag","embeddable":true,"href":"https:\/\/www.kunstwerkstatt.at\/wp\/index.php?rest_route=%2Fwp%2Fv2%2Ftags&post=13544"}],"curies":[{"name":"wp","href":"https:\/\/api.w.org\/{rel}","templated":true}]}}