{"id":13778,"date":"2023-09-27T13:00:36","date_gmt":"2023-09-27T12:00:36","guid":{"rendered":"https:\/\/www.kunstwerkstatt.at\/wp\/?p=13778"},"modified":"2024-01-14T17:02:12","modified_gmt":"2024-01-14T16:02:12","slug":"schwarz-auf-weiss","status":"publish","type":"post","link":"https:\/\/www.kunstwerkstatt.at\/wp\/?p=13778","title":{"rendered":"&#8222;SCHWARZ AUF WEISS&#8220;"},"content":{"rendered":"\n<p class=\"has-text-align-left has-medium-font-size\"><strong>Druckgrafiken auch in &#8222;bunt&#8220;<\/strong><\/p>\n\n\n\n<figure class=\"wp-block-embed is-type-video is-provider-youtube wp-block-embed-youtube wp-embed-aspect-16-9 wp-has-aspect-ratio\"><div class=\"wp-block-embed__wrapper\">\n<iframe loading=\"lazy\" title=\"Schwarz auf Weiss\" width=\"688\" height=\"387\" src=\"https:\/\/www.youtube.com\/embed\/EOQapq133IM?feature=oembed\" frameborder=\"0\" allow=\"accelerometer; autoplay; clipboard-write; encrypted-media; gyroscope; picture-in-picture; web-share\" allowfullscreen><\/iframe>\n<\/div><\/figure>\n\n\n\n<p><strong>Ausstellungszeiten: <\/strong><br>Vernissage am Freitag, 10. November ab 19h<br>Vom 11.-26. November jeweils Samstag und Sonntag von 14-18h<\/p>\n\n\n\n<p><strong>Mitwirkende K\u00fcnstler:<\/strong><br>Prof. Wojtek Krzywoblocki<br><a href=\"http:\/\/www.litho-art.at\/irina-michelle-katsarova-marinova\/\" target=\"_blank\" rel=\"noreferrer noopener\">Irina Michelle<\/a><br><a href=\"https:\/\/www.ellischnitzer.at\/\" target=\"_blank\" rel=\"noreferrer noopener\">Elli Schnitzer<\/a><br><a href=\"http:\/\/www.ullio.at\/\" target=\"_blank\" rel=\"noreferrer noopener\">Ulli Pulker<\/a><br><a href=\"https:\/\/bienaldouro.com\/artists\/monika.kainrath\" target=\"_blank\" rel=\"noreferrer noopener\">Monika Kainrath<\/a><br>Hans Bussmann<br><a href=\"https:\/\/www.kunstwerkstatt.at\/wp\/?p=4656\" target=\"_blank\" rel=\"noreferrer noopener\">Karin Binder<\/a><br><a href=\"http:\/\/www.gertihopf.at\/\" target=\"_blank\" rel=\"noreferrer noopener\">Gerti Hopf<\/a><br><a href=\"http:\/\/www.gisela-reimer.at\/\" target=\"_blank\" rel=\"noreferrer noopener\">Gisela Reimer\u00a0<\/a><\/p>\n\n\n\n<p>International bekannte K\u00fcnstlerinnen und K\u00fcnstler und Mitglieder des Wiener K\u00fcnstlerhauses pr\u00e4sentieren ihre Werke auf internationalen Biennalen und in der Kunstwerkstatt Tulln. Verbunden durch ihre Liebe zur Lithografie, Alugrafie und Freundschaft. Die vorgestellten Exponate sind komplexe druckgrafische Ann\u00e4herungen an aktuelle Themen wie Politik, Umwelt, Gender Mainstreaming, soziale Ungerechtigkeiten oder auch einfach Herzensw\u00fcnsche. Diese werden als grafische Zeichnung, Fotografie, Collage oder auch als Computervorlage umgesetzt und mittels Stein oder Aluplatte in kleinster Auflage auf Papier gedruckt. Vielf\u00e4ltige Bandbreite an Druckgrafiken von neun K\u00fcnstlerinnen und K\u00fcnstlern Kunstwerkstatt Tulln pr\u00e4sentiert Ausstellung \u201eSchwarz auf Wei\u00df\u201c<\/p>\n\n\n\n<p>Bei dieser Ausstellung in der Kunstwerkstatt Tulln werden Druckgrafiken von neun K\u00fcnstlerinnen und K\u00fcnstlern pr\u00e4sentiert. Die vielf\u00e4ltige Bandbreite an Kunstwerken reicht von naturalistischen bis zu abstrakten Positionen. Wobei h\u00e4ufig Bez\u00fcge zu aktuellen Themenbereichen der Politik, Umwelt und Gesellschaft hergestellt wurden. So nehmen etwa die Menschenrechte bei Elli Schnitzers Arbeiten eine zentrale Rolle ein. Die Frage der Einhaltung und Sinnhaftigkeit dieser Charta des Humanismus, die fast alle Staaten unterzeichnet haben, wird mit einer nachdenklich stimmenden Grafik-Installation hinterfragt. Einen geschichtstr\u00e4chtigen Kontext zur griechischen Trag\u00f6die, die ja als der Ursprung des modernen Theaters gilt, stellt Hans Bussmann mit seinen Druckgrafiken her. So handeln schon die Dramen im Athen des f\u00fcnften Jahrhunderts v. Chr. fast immer davon, dass der Hauptdarsteller in eine ausweglose Situation ger\u00e4t, aus der es kein Entrinnen gibt. Parallelen zu heutigen Krisen und Katastrophen d\u00fcrften durchaus beabsichtigt sein.<\/p>\n\n\n\n<p>Graphische Kl\u00e4nge vibrieren<br>Eine zentrale Stellung der Ausstellung nehmen die Arbeiten von Wojtek Krzywoblocki ein. Er gilt als Vertreter der neo-konstruktivistisch gepr\u00e4gten Konzeptkunst in Polen. Der 1985 nach \u00d6sterreich emigrierte Krzywoblocki, war nach der Wende als Professor f\u00fcr Siebdruck an der Kunstakademie in Krakau t\u00e4tig. Seine Werke sind in einigen der wichtigsten Sammlungen vertreten. Etwa im Museum of Modern Art in New York und in der Tate Gallery in London. In seinen in Tulln ausgestellten Werken bringt er lineare Strukturen zum Vibrieren. Dies gelingt ihm durch eine ausgekl\u00fcgelte Bearbeitung von fotographischen Vorlagen. Vielfach wird ihm auch die Erzeugung \u201egraphischer Kl\u00e4nge\u201c attestiert.<\/p>\n\n\n\n<p>Weitere Druckgrafiken werden von Ulli Pulker, Monika Kainrath, Karin Binder, Gerti Hopf und Gisela Reimer gezeigt. Nur Irina Michelle stellt bunte Druckgrafiken aus, wozu ein aufwendiges Druckverfahren notwendig ist. Durch die Ausstellung f\u00fchrte sehr detailreich <strong>Gisela Reimer<\/strong>, die sich auch als Kuratorin verantwortlich zeichnet. Die Er\u00f6ffnung nahm in bew\u00e4hrter Weise Kulturstadtrat Peter H\u00f6ckner vor.<\/p>\n\n\n\n<p><strong>Ausstellungsdauer und \u00d6ffnungszeiten:<br><\/strong>Vom 11. bis 26. November 2023, jeweils Samstag und Sonntag von 14.00 bis 18.00 Uhr bei freiem Eintritt.<\/p>\n\n\n\n<figure class=\"wp-block-image size-large is-resized\"><img loading=\"lazy\" decoding=\"async\" width=\"450\" height=\"300\" src=\"https:\/\/www.kunstwerkstatt.at\/wp\/wp-content\/uploads\/2023\/11\/KWT-Druckgrafik-Nov-2023-Copyright-Mu\u0308ck-450x300.jpg\" alt=\"\" class=\"wp-image-13863\" style=\"width:644px;height:auto\" srcset=\"https:\/\/www.kunstwerkstatt.at\/wp\/wp-content\/uploads\/2023\/11\/KWT-Druckgrafik-Nov-2023-Copyright-Mu\u0308ck-450x300.jpg 450w, https:\/\/www.kunstwerkstatt.at\/wp\/wp-content\/uploads\/2023\/11\/KWT-Druckgrafik-Nov-2023-Copyright-Mu\u0308ck-300x200.jpg 300w, https:\/\/www.kunstwerkstatt.at\/wp\/wp-content\/uploads\/2023\/11\/KWT-Druckgrafik-Nov-2023-Copyright-Mu\u0308ck-768x512.jpg 768w, https:\/\/www.kunstwerkstatt.at\/wp\/wp-content\/uploads\/2023\/11\/KWT-Druckgrafik-Nov-2023-Copyright-Mu\u0308ck-1536x1024.jpg 1536w, https:\/\/www.kunstwerkstatt.at\/wp\/wp-content\/uploads\/2023\/11\/KWT-Druckgrafik-Nov-2023-Copyright-Mu\u0308ck-2048x1365.jpg 2048w, https:\/\/www.kunstwerkstatt.at\/wp\/wp-content\/uploads\/2023\/11\/KWT-Druckgrafik-Nov-2023-Copyright-Mu\u0308ck-1600x1067.jpg 1600w\" sizes=\"auto, (max-width: 450px) 100vw, 450px\" \/><\/figure>\n\n\n\n<p class=\"has-text-align-right\"><em>Foto Kulturstadtrat Peter H\u00f6ckner (links) und Reinhart Buchegger von der Kunstwerkstatt (2.v.r.) mit den K\u00fcnstlerinnen und K\u00fcnstlern<br>Foto Copyright: J\u00fcrgen M\u00fcck<\/em><\/p>\n","protected":false},"excerpt":{"rendered":"<p>Druckgrafiken auch in &#8222;bunt&#8220; Ausstellungszeiten: Vernissage am Freitag, 10. November ab 19hVom 11.-26. November jeweils Samstag und Sonntag von 14-18h&hellip;<\/p>\n","protected":false},"author":2,"featured_media":13779,"comment_status":"closed","ping_status":"closed","sticky":false,"template":"","format":"standard","meta":{"ngg_post_thumbnail":0,"footnotes":""},"categories":[3],"tags":[],"class_list":["post-13778","post","type-post","status-publish","format-standard","has-post-thumbnail","hentry","category-ausstellung"],"_links":{"self":[{"href":"https:\/\/www.kunstwerkstatt.at\/wp\/index.php?rest_route=\/wp\/v2\/posts\/13778","targetHints":{"allow":["GET"]}}],"collection":[{"href":"https:\/\/www.kunstwerkstatt.at\/wp\/index.php?rest_route=\/wp\/v2\/posts"}],"about":[{"href":"https:\/\/www.kunstwerkstatt.at\/wp\/index.php?rest_route=\/wp\/v2\/types\/post"}],"author":[{"embeddable":true,"href":"https:\/\/www.kunstwerkstatt.at\/wp\/index.php?rest_route=\/wp\/v2\/users\/2"}],"replies":[{"embeddable":true,"href":"https:\/\/www.kunstwerkstatt.at\/wp\/index.php?rest_route=%2Fwp%2Fv2%2Fcomments&post=13778"}],"version-history":[{"count":6,"href":"https:\/\/www.kunstwerkstatt.at\/wp\/index.php?rest_route=\/wp\/v2\/posts\/13778\/revisions"}],"predecessor-version":[{"id":13926,"href":"https:\/\/www.kunstwerkstatt.at\/wp\/index.php?rest_route=\/wp\/v2\/posts\/13778\/revisions\/13926"}],"wp:featuredmedia":[{"embeddable":true,"href":"https:\/\/www.kunstwerkstatt.at\/wp\/index.php?rest_route=\/wp\/v2\/media\/13779"}],"wp:attachment":[{"href":"https:\/\/www.kunstwerkstatt.at\/wp\/index.php?rest_route=%2Fwp%2Fv2%2Fmedia&parent=13778"}],"wp:term":[{"taxonomy":"category","embeddable":true,"href":"https:\/\/www.kunstwerkstatt.at\/wp\/index.php?rest_route=%2Fwp%2Fv2%2Fcategories&post=13778"},{"taxonomy":"post_tag","embeddable":true,"href":"https:\/\/www.kunstwerkstatt.at\/wp\/index.php?rest_route=%2Fwp%2Fv2%2Ftags&post=13778"}],"curies":[{"name":"wp","href":"https:\/\/api.w.org\/{rel}","templated":true}]}}