{"id":13885,"date":"2024-07-06T23:52:00","date_gmt":"2024-07-06T22:52:00","guid":{"rendered":"https:\/\/www.kunstwerkstatt.at\/wp\/?p=13885"},"modified":"2024-08-06T21:18:39","modified_gmt":"2024-08-06T20:18:39","slug":"donaudichten-3","status":"publish","type":"post","link":"https:\/\/www.kunstwerkstatt.at\/wp\/?p=13885","title":{"rendered":"Donaudichten"},"content":{"rendered":"\n<h2 class=\"wp-block-heading\"><strong>Poetry Slam und Workshop<\/strong><\/h2>\n\n\n\n<h4 class=\"wp-block-heading\" style=\"font-style:normal;font-weight:300\">Freitag, 27. September 2024<\/h4>\n\n\n\n<h4 class=\"wp-block-heading\" style=\"font-style:normal;font-weight:300\">19:00, Beginn 19:30<\/h4>\n\n\n\n<h4 class=\"wp-block-heading\" style=\"font-style:normal;font-weight:300\">12\u20ac&nbsp;regul\u00e4r, 10\u20ac&nbsp;erm\u00e4\u00dfigt<\/h4>\n\n\n\n<p><em>Erm<\/em><em>\u00e4\u00df<\/em><em>igungen f<\/em><em>\u00fc<\/em><em>r Sch<\/em><em>\u00fc<\/em><em>ler*innen, Studierende, Lehrlinge, KWT-Mitglieder*innen<\/em><\/p>\n\n\n\n<div class=\"wp-block-buttons is-layout-flex wp-block-buttons-is-layout-flex\">\n<div class=\"wp-block-button is-style-outline is-style-outline--1\"><a class=\"wp-block-button__link wp-element-button\" href=\"https:\/\/kupfticket.com\/events\/donaudichten-tulln-3\" style=\"border-radius:12px\">Online Tickets<\/a><\/div>\n<\/div>\n\n\n\n<p><em>Powered by <a href=\"https:\/\/poetryslammd.com\/\">Poetry slam&#8217;md<\/a><\/em><\/p>\n\n\n\n<div style=\"height:15px\" aria-hidden=\"true\" class=\"wp-block-spacer\"><\/div>\n\n\n\n<h2 class=\"wp-block-heading\"><strong>Poetry Slam<\/strong><\/h2>\n\n\n\n<p>In diesem modernen Wettstreit treten Poet*innen mit selbstgeschriebenen Texten gegeneinander an, um die Gunst des Publikums zu gewinnen, denn das Publikum ist die Jury. Poetry Slam vereint moderne Poesie mit mitrei\u00dfender Performance. Lasst euch entf\u00fchren zum Schmunzeln, zum Innehalten oder zum Toben vor Begeisterung.<\/p>\n\n\n\n<p>Egal, ob Lyrik, Prosa oder Freestyle, jede Textsorte ist willkommen. Die Teilnehmenden haben 5 Minuten Zeit. Ohne Schnickschnack, ohne Requisiten&nbsp;\u2013&nbsp;hier z\u00e4hlt nur die Kraft der Worte.<\/p>\n\n\n\n<p>Kommt vorbei und lasst euch begeistern!<\/p>\n\n\n\n<p>Du m\u00f6chtest teilnehmen?<\/p>\n\n\n\n<p>Anmeldungen per E-Mail unter <a href=\"mailto:poetryslammd@gmail.com\">poetryslammd@gmail.com<\/a>.<\/p>\n\n\n\n<div style=\"height:15px\" aria-hidden=\"true\" class=\"wp-block-spacer\"><\/div>\n\n\n\n<h2 class=\"wp-block-heading\"><strong>Workshop<\/strong><\/h2>\n\n\n\n<p>Wolltest du schon immer lernen, wie man Poetry Slam Texte schreibt? Vor jeder Ausgabe von Donaudichten Tulln findet in der Kunstwerkstatt ein gratis Workshop statt. Egal ob Neuling oder Profi, dieser Workshop ist f\u00fcr alle, die ihre poetische Stimme finden und weiterentwickeln m\u00f6chten. Freue dich auf kreative&nbsp;\u00dcbungen, Feedback, Performance-Tipps und auf neue Inspirationen.<\/p>\n\n\n\n<p>Anmeldungen bis zum Vortag per E-Mail unter <a href=\"mailto:poetryslammd@gmail.com\">poetryslammd@gmail.com<\/a>.<\/p>\n\n\n\n<p><strong>Beginn:&nbsp;<\/strong>16:30<\/p>\n","protected":false},"excerpt":{"rendered":"<p>Poetry Slam und Workshop Freitag, 27. September 2024 19:00, Beginn 19:30 12\u20ac&nbsp;regul\u00e4r, 10\u20ac&nbsp;erm\u00e4\u00dfigt Erm\u00e4\u00dfigungen f\u00fcr Sch\u00fcler*innen, Studierende, Lehrlinge, KWT-Mitglieder*innen Powered&hellip;<\/p>\n","protected":false},"author":2,"featured_media":14316,"comment_status":"closed","ping_status":"closed","sticky":false,"template":"","format":"standard","meta":{"ngg_post_thumbnail":0,"footnotes":""},"categories":[47,7,10,12,15],"tags":[],"class_list":["post-13885","post","type-post","status-publish","format-standard","has-post-thumbnail","hentry","category-aktuelles","category-kids-und-jugendliche","category-new-media","category-performances","category-workshop"],"_links":{"self":[{"href":"https:\/\/www.kunstwerkstatt.at\/wp\/index.php?rest_route=\/wp\/v2\/posts\/13885","targetHints":{"allow":["GET"]}}],"collection":[{"href":"https:\/\/www.kunstwerkstatt.at\/wp\/index.php?rest_route=\/wp\/v2\/posts"}],"about":[{"href":"https:\/\/www.kunstwerkstatt.at\/wp\/index.php?rest_route=\/wp\/v2\/types\/post"}],"author":[{"embeddable":true,"href":"https:\/\/www.kunstwerkstatt.at\/wp\/index.php?rest_route=\/wp\/v2\/users\/2"}],"replies":[{"embeddable":true,"href":"https:\/\/www.kunstwerkstatt.at\/wp\/index.php?rest_route=%2Fwp%2Fv2%2Fcomments&post=13885"}],"version-history":[{"count":9,"href":"https:\/\/www.kunstwerkstatt.at\/wp\/index.php?rest_route=\/wp\/v2\/posts\/13885\/revisions"}],"predecessor-version":[{"id":15120,"href":"https:\/\/www.kunstwerkstatt.at\/wp\/index.php?rest_route=\/wp\/v2\/posts\/13885\/revisions\/15120"}],"wp:featuredmedia":[{"embeddable":true,"href":"https:\/\/www.kunstwerkstatt.at\/wp\/index.php?rest_route=\/wp\/v2\/media\/14316"}],"wp:attachment":[{"href":"https:\/\/www.kunstwerkstatt.at\/wp\/index.php?rest_route=%2Fwp%2Fv2%2Fmedia&parent=13885"}],"wp:term":[{"taxonomy":"category","embeddable":true,"href":"https:\/\/www.kunstwerkstatt.at\/wp\/index.php?rest_route=%2Fwp%2Fv2%2Fcategories&post=13885"},{"taxonomy":"post_tag","embeddable":true,"href":"https:\/\/www.kunstwerkstatt.at\/wp\/index.php?rest_route=%2Fwp%2Fv2%2Ftags&post=13885"}],"curies":[{"name":"wp","href":"https:\/\/api.w.org\/{rel}","templated":true}]}}