{"id":13990,"date":"2024-01-16T19:54:32","date_gmt":"2024-01-16T18:54:32","guid":{"rendered":"https:\/\/www.kunstwerkstatt.at\/wp\/?p=13990"},"modified":"2024-03-03T20:12:19","modified_gmt":"2024-03-03T19:12:19","slug":"verbunden","status":"publish","type":"post","link":"https:\/\/www.kunstwerkstatt.at\/wp\/?p=13990","title":{"rendered":"VERBUNDEN"},"content":{"rendered":"\n<p>wovon werden wir gepr\u00e4gt und was verbindet uns als Menschen<\/p>\n\n\n\n<p>K\u00fcnstlerinnen:<a href=\"https:\/\/www.kunstwerkstatt.at\/wp\/?p=14059\" data-type=\"link\" data-id=\"https:\/\/www.kunstwerkstatt.at\/wp\/?p=14059\" target=\"_blank\" rel=\"noreferrer noopener\">\u00a0<strong>Gabriele\u00a0Musebrink<\/strong><\/a><strong><a href=\"http:\/\/www.bettinareitner.at\/home\/\">\u00a0und\u00a0<\/a><a href=\"https:\/\/www.kunstwerkstatt.at\/wp\/?p=11969\" data-type=\"link\" data-id=\"https:\/\/www.kunstwerkstatt.at\/wp\/?p=11969\" target=\"_blank\" rel=\"noreferrer noopener\">Bettina\u00a0Reitner<\/a><\/strong><br>Einf\u00fchrende Worte: <strong>Wolfgang Giegler<\/strong><br>Ausstellungsdauer:\u00a09.3.-\u00a024.3.2024<br>\u00d6ffnungszeiten: Sa+So 14-18h00<br><br><strong>Vernissage 8.3.24 ab 19:00<\/strong> <br>mit musikalischer Begleitung von <strong>\u00d6-streich<\/strong> (traditionelle Volksmusik) und Weinverkostung: <strong>Weingut St\u00f6ger<\/strong> <a href=\"http:\/\/www.weingut-stoeger.at\">www.weingut-stoeger.at<\/a><br><br><strong>Finissage:\u00a024.03.24 ab 14:00<\/strong> \u00a0inkl\u00a0anschlie\u00dfender Lesung\u00a0und\u00a0Meditation\u00a0mit\u00a0D8e<\/p>\n\n\n\n<p>Ideen kommen, Spuren bleiben, um wieder zu verwehen. <br>Das einzig Best\u00e4ndige in unserem Dasein ist der Wandel.<\/p>\n\n\n\n<p>Das Leben hei\u00dft st\u00e4ndiger Wandel und&nbsp;einer Entwicklung von anscheinend gegebenen Strukturen und Ideen. Erst wenn&nbsp;wir erkennen, dass das, was wir h\u00f6ren, sehen oder wor\u00fcber wir nachdenken,&nbsp;eine Quintessenz dessen ist, was unser Gehirn an Information verarbeitet, schauen wir offen. Es stellt nicht die eigentliche Wahrheit dar. Denkprozesse, Denk-Idiome sind zu hinterfragen. So wie wir KIs (k\u00fcnstliche Intelligenz) hinterfragen, m\u00fcssen wir auch unsere eigene Auffassung von&nbsp;Wahrheiten hinterfragen, da diese immer mit unseren Informationen,&nbsp;Gef\u00fchlen, Erfahrungen und Pr\u00e4gungen als Person VERBUNDEN sind. Werden die Inputs rund um uns reduziert, richtet sich der eigene Blick weg vom Au\u00dfen nach Innen. Darin er\u00f6ffnet sich letztendlich ein&nbsp;Raum der Stille und der Demut.<\/p>\n\n\n\n<p>LINK: <br>http:\/\/www.bettinareitner.at\/home\/<br>https:\/\/gabriele-musebrink.de\/<\/p>\n\n\n\n<p><\/p>\n","protected":false},"excerpt":{"rendered":"<p>wovon werden wir gepr\u00e4gt und was verbindet uns als Menschen K\u00fcnstlerinnen:\u00a0Gabriele\u00a0Musebrink\u00a0und\u00a0Bettina\u00a0ReitnerEinf\u00fchrende Worte: Wolfgang GieglerAusstellungsdauer:\u00a09.3.-\u00a024.3.2024\u00d6ffnungszeiten: Sa+So 14-18h00 Vernissage 8.3.24 ab 19:00&hellip;<\/p>\n","protected":false},"author":2,"featured_media":13994,"comment_status":"closed","ping_status":"closed","sticky":false,"template":"","format":"standard","meta":{"ngg_post_thumbnail":0,"footnotes":""},"categories":[81],"tags":[],"class_list":["post-13990","post","type-post","status-publish","format-standard","has-post-thumbnail","hentry","category-bildende-kunst"],"_links":{"self":[{"href":"https:\/\/www.kunstwerkstatt.at\/wp\/index.php?rest_route=\/wp\/v2\/posts\/13990","targetHints":{"allow":["GET"]}}],"collection":[{"href":"https:\/\/www.kunstwerkstatt.at\/wp\/index.php?rest_route=\/wp\/v2\/posts"}],"about":[{"href":"https:\/\/www.kunstwerkstatt.at\/wp\/index.php?rest_route=\/wp\/v2\/types\/post"}],"author":[{"embeddable":true,"href":"https:\/\/www.kunstwerkstatt.at\/wp\/index.php?rest_route=\/wp\/v2\/users\/2"}],"replies":[{"embeddable":true,"href":"https:\/\/www.kunstwerkstatt.at\/wp\/index.php?rest_route=%2Fwp%2Fv2%2Fcomments&post=13990"}],"version-history":[{"count":7,"href":"https:\/\/www.kunstwerkstatt.at\/wp\/index.php?rest_route=\/wp\/v2\/posts\/13990\/revisions"}],"predecessor-version":[{"id":14068,"href":"https:\/\/www.kunstwerkstatt.at\/wp\/index.php?rest_route=\/wp\/v2\/posts\/13990\/revisions\/14068"}],"wp:featuredmedia":[{"embeddable":true,"href":"https:\/\/www.kunstwerkstatt.at\/wp\/index.php?rest_route=\/wp\/v2\/media\/13994"}],"wp:attachment":[{"href":"https:\/\/www.kunstwerkstatt.at\/wp\/index.php?rest_route=%2Fwp%2Fv2%2Fmedia&parent=13990"}],"wp:term":[{"taxonomy":"category","embeddable":true,"href":"https:\/\/www.kunstwerkstatt.at\/wp\/index.php?rest_route=%2Fwp%2Fv2%2Fcategories&post=13990"},{"taxonomy":"post_tag","embeddable":true,"href":"https:\/\/www.kunstwerkstatt.at\/wp\/index.php?rest_route=%2Fwp%2Fv2%2Ftags&post=13990"}],"curies":[{"name":"wp","href":"https:\/\/api.w.org\/{rel}","templated":true}]}}