{"id":14662,"date":"2024-10-31T18:26:35","date_gmt":"2024-10-31T17:26:35","guid":{"rendered":"https:\/\/www.kunstwerkstatt.at\/wp\/?p=14662"},"modified":"2024-12-03T09:16:10","modified_gmt":"2024-12-03T08:16:10","slug":"konzert-in-der-kunstwerkstatt","status":"publish","type":"post","link":"https:\/\/www.kunstwerkstatt.at\/wp\/?p=14662","title":{"rendered":"Konzert in der Kunstwerkstatt"},"content":{"rendered":"\n<div style=\"height:61px\" aria-hidden=\"true\" class=\"wp-block-spacer\"><\/div>\n\n\n\n<h3 class=\"wp-block-heading\">Fotos von Ivery (30.11.)<\/h3>\n\n\n\nngg_shortcode_0_placeholder\n\n\n\nngg_shortcode_1_placeholder\n\n\n\n<h3 class=\"wp-block-heading\">Fotos von NEPS (30.11.)<\/h3>\n\n\n\nngg_shortcode_2_placeholder\n\n\n\nngg_shortcode_3_placeholder\n\n\n\n<figure class=\"wp-block-image size-large is-resized\"><img loading=\"lazy\" decoding=\"async\" width=\"450\" height=\"285\" src=\"https:\/\/www.kunstwerkstatt.at\/wp\/wp-content\/uploads\/2024\/10\/Ivery-450x285.jpg\" alt=\"\" class=\"wp-image-14664\" style=\"width:640px;height:auto\" srcset=\"https:\/\/www.kunstwerkstatt.at\/wp\/wp-content\/uploads\/2024\/10\/Ivery-450x285.jpg 450w, https:\/\/www.kunstwerkstatt.at\/wp\/wp-content\/uploads\/2024\/10\/Ivery-300x190.jpg 300w, https:\/\/www.kunstwerkstatt.at\/wp\/wp-content\/uploads\/2024\/10\/Ivery-768x486.jpg 768w, https:\/\/www.kunstwerkstatt.at\/wp\/wp-content\/uploads\/2024\/10\/Ivery-1536x972.jpg 1536w, https:\/\/www.kunstwerkstatt.at\/wp\/wp-content\/uploads\/2024\/10\/Ivery.jpg 1578w\" sizes=\"auto, (max-width: 450px) 100vw, 450px\" \/><\/figure>\n\n\n\n<p>Mit einem Hang zur Musik der 70-er und 80-er Jahre widmet sich die Wiener K\u00fcnstlerin Ivery dem Alternative Pop und verwebt Stilmittel aus vergangenen Zeiten mit frischen Sounds und guten Hooks, die zum Mitsingen animieren. Ihre Deb\u00fct-EP besteht aus sechs eigens komponierten und produzierten Songs, die auf eine Reise \u00fcber Herausforderungen, Verlust, Psychische Gesundheit, Humor und Verzweiflung einladen; \u00fcber die Mehrdeutigkeit der eigenen tiefen Emotionen und wie man diese l\u00f6st, ohne jemals die Hoffnung zu verlieren. Mehrstimmige Vocals, knackige Beats, eing\u00e4ngige Gitarrenriffs und eine gute, altmodische Keytar &#8211; all das vereint Ivery in ihrer Musik, die von K\u00fcnstler:innen wie Feist, Fleetwood Mac oder Phoebe Bridgers inspiriert ist.<\/p>\n\n\n\n<p>In der Kunstwerkstatt tritt Ivery live in f\u00fcnfk\u00f6pfiger Besetzung auf:<br>Verena Koppendorfer aka Ivery &#8211; Vocals,<br>Keytar Johannes Schweiger &#8211; Vocals,<br>Acoustic Guitar, Keys Simon Blankenbichler &#8211; Vocals,<br>E-GuitarTobias P\u00f6cksteiner &#8211; Vocals,<br>E-Bass Michael Schatzmann &#8211; Vocals, Drums<\/p>\n\n\n\n<div style=\"height:39px\" aria-hidden=\"true\" class=\"wp-block-spacer\"><\/div>\n\n\n\n<figure class=\"wp-block-image size-large is-resized\"><img loading=\"lazy\" decoding=\"async\" width=\"450\" height=\"299\" src=\"https:\/\/www.kunstwerkstatt.at\/wp\/wp-content\/uploads\/2024\/10\/eps-KWT-kl-450x299.jpg\" alt=\"\" class=\"wp-image-14663\" style=\"width:640px;height:auto\" srcset=\"https:\/\/www.kunstwerkstatt.at\/wp\/wp-content\/uploads\/2024\/10\/eps-KWT-kl-450x299.jpg 450w, https:\/\/www.kunstwerkstatt.at\/wp\/wp-content\/uploads\/2024\/10\/eps-KWT-kl-300x199.jpg 300w, https:\/\/www.kunstwerkstatt.at\/wp\/wp-content\/uploads\/2024\/10\/eps-KWT-kl-768x509.jpg 768w, https:\/\/www.kunstwerkstatt.at\/wp\/wp-content\/uploads\/2024\/10\/eps-KWT-kl.jpg 1506w\" sizes=\"auto, (max-width: 450px) 100vw, 450px\" \/><\/figure>\n\n\n\n<p>Die Vienna\u2013based Band NEPS schreibt Songs \u00fcber das Allt\u00e4gliche. Freundschaft, Arbeit, Ausgleich, Frust und Kummer &#8211; wohl Themen, die alle besch\u00e4ftigen. So trivial das Leben auch manchmal erscheinen mag &#8211; wenn man wei\u00df, wo man hinschauen muss, findet man etwas Spannendes. Mit dieser Methode schaffen NEPS eing\u00e4ngige Tracks mit Ohrwurmgarantie. Ihre Musik ist der perfekte Soundtrack des Alltags &#8211; die Hymnen der Normalos.<\/p>\n\n\n\n<p>Das energiegeladene Liveset fu\u00dft auf drei S\u00e4ulen: dreckige Gitarrenw\u00e4nde, ein knallender Bass und laute Drums. Teils cute, teils heavy haben die drei auf der B\u00fchne vor allem eins: Spa\u00df. Bei Shows in vollen G\u00fcrtellokalen oder auf Festivals wie dem Waves in Wien oder dem St. Georg Stadtfest in Hamburg konnten die NEPS das unter Beweis stellen. Dazu kommt Radio-Airplay in ganz Europa (FM4, 88.6, Equinoxe, ByteFM, Radio Wigwam, Radio R\u00e9sonance uvm.) und ein TV-Auftritt in der ORF-Morgenshow \u201eGuten Morgen \u00d6sterreich\u201d.<\/p>\n\n\n\n<p>Ihre letzte Singleauskopplung \u201cMelody\u201d ist bei Radiosendern wie FM4 und 88.6 in der Rotation und hielt sich f\u00fcnf Wochen lang in den Austrian Indie Charts Top 3.<\/p>\n\n\n\n<p>Ein Deb\u00fctalbum ist im Herbst 2024 erscheinen.<\/p>\n\n\n\n<div class=\"wp-block-group\"><div class=\"wp-block-group__inner-container is-layout-constrained wp-block-group-is-layout-constrained\">\n<figure class=\"wp-block-gallery has-nested-images columns-default is-cropped wp-block-gallery-1 is-layout-flex wp-block-gallery-is-layout-flex\">\n<figure class=\"wp-block-image size-large\"><img loading=\"lazy\" decoding=\"async\" width=\"450\" height=\"505\" data-id=\"14714\" src=\"https:\/\/www.kunstwerkstatt.at\/wp\/wp-content\/uploads\/2024\/10\/Album-Neps-450x505.jpeg\" alt=\"\" class=\"wp-image-14714\" srcset=\"https:\/\/www.kunstwerkstatt.at\/wp\/wp-content\/uploads\/2024\/10\/Album-Neps-450x505.jpeg 450w, https:\/\/www.kunstwerkstatt.at\/wp\/wp-content\/uploads\/2024\/10\/Album-Neps-267x300.jpeg 267w, https:\/\/www.kunstwerkstatt.at\/wp\/wp-content\/uploads\/2024\/10\/Album-Neps-768x862.jpeg 768w, https:\/\/www.kunstwerkstatt.at\/wp\/wp-content\/uploads\/2024\/10\/Album-Neps.jpeg 1284w\" sizes=\"auto, (max-width: 450px) 100vw, 450px\" \/><\/figure>\n\n\n\n<figure class=\"wp-block-image size-large\"><img loading=\"lazy\" decoding=\"async\" width=\"450\" height=\"504\" data-id=\"14715\" src=\"https:\/\/www.kunstwerkstatt.at\/wp\/wp-content\/uploads\/2024\/10\/Album-NEPS-RS-450x504.jpeg\" alt=\"\" class=\"wp-image-14715\" srcset=\"https:\/\/www.kunstwerkstatt.at\/wp\/wp-content\/uploads\/2024\/10\/Album-NEPS-RS-450x504.jpeg 450w, https:\/\/www.kunstwerkstatt.at\/wp\/wp-content\/uploads\/2024\/10\/Album-NEPS-RS-268x300.jpeg 268w, https:\/\/www.kunstwerkstatt.at\/wp\/wp-content\/uploads\/2024\/10\/Album-NEPS-RS-768x860.jpeg 768w, https:\/\/www.kunstwerkstatt.at\/wp\/wp-content\/uploads\/2024\/10\/Album-NEPS-RS.jpeg 1284w\" sizes=\"auto, (max-width: 450px) 100vw, 450px\" \/><\/figure>\n<\/figure>\n<\/div><\/div>\n\n\n\n<p>\u201cWie der nette Cousin von Kurt Cobain, der sich in eine Indieband verliebt hat.\u201d oder auch \u201cCooles Band since Sonic Youth!\u201d, so beschreiben szenekundige Menschen den Sound des Powerpop-\/Grungetrios NEPS.<\/p>\n","protected":false},"excerpt":{"rendered":"<p>Fotos von Ivery (30.11.) Fotos von NEPS (30.11.) Mit einem Hang zur Musik der 70-er und 80-er Jahre widmet sich&hellip;<\/p>\n","protected":false},"author":2,"featured_media":14657,"comment_status":"closed","ping_status":"closed","sticky":false,"template":"","format":"standard","meta":{"ngg_post_thumbnail":0,"footnotes":""},"categories":[8],"tags":[],"class_list":["post-14662","post","type-post","status-publish","format-standard","has-post-thumbnail","hentry","category-konzert"],"_links":{"self":[{"href":"https:\/\/www.kunstwerkstatt.at\/wp\/index.php?rest_route=\/wp\/v2\/posts\/14662","targetHints":{"allow":["GET"]}}],"collection":[{"href":"https:\/\/www.kunstwerkstatt.at\/wp\/index.php?rest_route=\/wp\/v2\/posts"}],"about":[{"href":"https:\/\/www.kunstwerkstatt.at\/wp\/index.php?rest_route=\/wp\/v2\/types\/post"}],"author":[{"embeddable":true,"href":"https:\/\/www.kunstwerkstatt.at\/wp\/index.php?rest_route=\/wp\/v2\/users\/2"}],"replies":[{"embeddable":true,"href":"https:\/\/www.kunstwerkstatt.at\/wp\/index.php?rest_route=%2Fwp%2Fv2%2Fcomments&post=14662"}],"version-history":[{"count":23,"href":"https:\/\/www.kunstwerkstatt.at\/wp\/index.php?rest_route=\/wp\/v2\/posts\/14662\/revisions"}],"predecessor-version":[{"id":14901,"href":"https:\/\/www.kunstwerkstatt.at\/wp\/index.php?rest_route=\/wp\/v2\/posts\/14662\/revisions\/14901"}],"wp:featuredmedia":[{"embeddable":true,"href":"https:\/\/www.kunstwerkstatt.at\/wp\/index.php?rest_route=\/wp\/v2\/media\/14657"}],"wp:attachment":[{"href":"https:\/\/www.kunstwerkstatt.at\/wp\/index.php?rest_route=%2Fwp%2Fv2%2Fmedia&parent=14662"}],"wp:term":[{"taxonomy":"category","embeddable":true,"href":"https:\/\/www.kunstwerkstatt.at\/wp\/index.php?rest_route=%2Fwp%2Fv2%2Fcategories&post=14662"},{"taxonomy":"post_tag","embeddable":true,"href":"https:\/\/www.kunstwerkstatt.at\/wp\/index.php?rest_route=%2Fwp%2Fv2%2Ftags&post=14662"}],"curies":[{"name":"wp","href":"https:\/\/api.w.org\/{rel}","templated":true}]}}