{"id":1475,"date":"2009-09-11T23:00:43","date_gmt":"2009-09-11T22:00:43","guid":{"rendered":"http:\/\/www.kunstwerkstatt.at\/wp\/?p=1475"},"modified":"2010-05-17T16:25:35","modified_gmt":"2010-05-17T15:25:35","slug":"birgit-denk-konzert","status":"publish","type":"post","link":"https:\/\/www.kunstwerkstatt.at\/wp\/?p=1475","title":{"rendered":"Birgit Denk \/\/ Konzert"},"content":{"rendered":"<p><img loading=\"lazy\" decoding=\"async\" class=\"alignleft size-full wp-image-1476\" title=\"birgit-hp\" src=\"https:\/\/www.kunstwerkstatt.at\/wp\/wp-content\/uploads\/2009\/12\/birgit-hp.jpg\" alt=\"birgit-hp\" width=\"450\" height=\"160\" srcset=\"https:\/\/www.kunstwerkstatt.at\/wp\/wp-content\/uploads\/2009\/12\/birgit-hp.jpg 450w, https:\/\/www.kunstwerkstatt.at\/wp\/wp-content\/uploads\/2009\/12\/birgit-hp-300x106.jpg 300w\" sizes=\"auto, (max-width: 450px) 100vw, 450px\" \/><\/p>\n<p><strong>FR. 7. Mai 2010<br \/>\nBeginn: 20 Uhr<br \/>\n<\/strong><br \/>\nDENK, die Band rund um die S\u00e4ngerin und Gschichtldruckerin Birgit Denk, die zusammen mit ihren Herren ein au\u00dfergew\u00f6hnlich eingespieltes Team bildet, ist auch 2010 wieder aufgestellt, um das \u00f6sterreichische Lied mit selbigem Zungenschlag am Leben zu halten.<!--more--><\/p>\n<p>Daf\u00fcr wurde frische Musik geschrieben, Instrumente neu kombiniert, aber auch erprobte Publikumslieblinge wurden abgestaubt um alles zusammen zu einem neuen Konzertprogramm zu verweben.<\/p>\n<p>DENK verspricht einen musikalischen Abend zum Lachen, Weinen, Denken und F\u00fchlen und einige werden auch tanzen, soviel ist fix.<\/p>\n<p>FR. 7. Mai 2010 <strong>I<\/strong> Beginn: 20 Uhr<\/p>\n<p>TICKETS: office@kunstwerkstatt.at, 0681 104 21 991, Fahrschule Werzinger, Trafik Hausl, in allen \u00d6-Ticketstellen, im Ticketshop \u201eGute Unterhaltung.<\/p>\n<p>weiters: Tel. 0664 231 53 78,<\/p>\n<p>in den Filialen der RAIFFEISEN BANK &#8211; Tulln, Sieghartskirchen, W\u00fcrmla, Zwentendorf,<\/p>\n<p>allen Filialen der ERSTE BANK, SPARKASSE, MEDIA MARKT, LIBRO.<\/p>\n","protected":false},"excerpt":{"rendered":"<p>FR. 7. Mai 2010 Beginn: 20 Uhr DENK, die Band rund um die S\u00e4ngerin und Gschichtldruckerin Birgit Denk, die zusammen&hellip;<\/p>\n","protected":false},"author":2,"featured_media":0,"comment_status":"open","ping_status":"closed","sticky":false,"template":"","format":"standard","meta":{"ngg_post_thumbnail":0,"footnotes":""},"categories":[8,11],"tags":[44,25,24,23],"class_list":["post-1475","post","type-post","status-publish","format-standard","hentry","category-konzert","category-news","tag-konzert","tag-kunstwerkstatt","tag-kwt","tag-musik"],"_links":{"self":[{"href":"https:\/\/www.kunstwerkstatt.at\/wp\/index.php?rest_route=\/wp\/v2\/posts\/1475","targetHints":{"allow":["GET"]}}],"collection":[{"href":"https:\/\/www.kunstwerkstatt.at\/wp\/index.php?rest_route=\/wp\/v2\/posts"}],"about":[{"href":"https:\/\/www.kunstwerkstatt.at\/wp\/index.php?rest_route=\/wp\/v2\/types\/post"}],"author":[{"embeddable":true,"href":"https:\/\/www.kunstwerkstatt.at\/wp\/index.php?rest_route=\/wp\/v2\/users\/2"}],"replies":[{"embeddable":true,"href":"https:\/\/www.kunstwerkstatt.at\/wp\/index.php?rest_route=%2Fwp%2Fv2%2Fcomments&post=1475"}],"version-history":[{"count":11,"href":"https:\/\/www.kunstwerkstatt.at\/wp\/index.php?rest_route=\/wp\/v2\/posts\/1475\/revisions"}],"predecessor-version":[{"id":1816,"href":"https:\/\/www.kunstwerkstatt.at\/wp\/index.php?rest_route=\/wp\/v2\/posts\/1475\/revisions\/1816"}],"wp:attachment":[{"href":"https:\/\/www.kunstwerkstatt.at\/wp\/index.php?rest_route=%2Fwp%2Fv2%2Fmedia&parent=1475"}],"wp:term":[{"taxonomy":"category","embeddable":true,"href":"https:\/\/www.kunstwerkstatt.at\/wp\/index.php?rest_route=%2Fwp%2Fv2%2Fcategories&post=1475"},{"taxonomy":"post_tag","embeddable":true,"href":"https:\/\/www.kunstwerkstatt.at\/wp\/index.php?rest_route=%2Fwp%2Fv2%2Ftags&post=1475"}],"curies":[{"name":"wp","href":"https:\/\/api.w.org\/{rel}","templated":true}]}}