{"id":1498,"date":"2009-09-08T17:20:30","date_gmt":"2009-09-08T16:20:30","guid":{"rendered":"http:\/\/www.kunstwerkstatt.at\/wp\/?p=1498"},"modified":"2010-05-17T16:18:02","modified_gmt":"2010-05-17T15:18:02","slug":"konzert-los-gringos","status":"publish","type":"post","link":"https:\/\/www.kunstwerkstatt.at\/wp\/?p=1498","title":{"rendered":"Konzert abgesagt!! \/\/ LOS GRINGOS"},"content":{"rendered":"<p><img decoding=\"async\" src=\"file:\/\/\/Users\/katrinwerzinger\/Library\/Caches\/TemporaryItems\/moz-screenshot.png\" alt=\"\" \/><\/p>\n<h2><strong><span style=\"color: #ff0000;\">wir m\u00fcssen mit Bedauern bekanntgeben- dass dieses Konzert leider nicht statt findet.<br \/>\n<\/span><\/strong><\/h2>\n<p><strong>Die Sch\u00f6nsten Lieder der Welt \/\/ Samstag 27.3.2010 \/\/ 20.00<\/strong><\/p>\n<p><strong><\/strong><\/p>\n<p><img loading=\"lazy\" decoding=\"async\" class=\"alignleft size-full wp-image-1499\" title=\"foto_los_gringos-hp\" src=\"https:\/\/www.kunstwerkstatt.at\/wp\/wp-content\/uploads\/2009\/12\/foto_los_gringos-hp.jpg\" alt=\"foto_los_gringos-hp\" width=\"450\" height=\"200\" srcset=\"https:\/\/www.kunstwerkstatt.at\/wp\/wp-content\/uploads\/2009\/12\/foto_los_gringos-hp.jpg 450w, https:\/\/www.kunstwerkstatt.at\/wp\/wp-content\/uploads\/2009\/12\/foto_los_gringos-hp-300x133.jpg 300w\" sizes=\"auto, (max-width: 450px) 100vw, 450px\" \/><\/p>\n<p>\u201eDie sch\u00f6nsten Lieder der Welt&#8220; &#8211; ein Titel, der vieles erhoffen l\u00e4sst. Denn<\/p>\n<p><strong>Otto Lechner<\/strong>, <strong>Klaus Trabitsch<\/strong> und <strong>Peter Rosmanith<\/strong> &#8211; die <strong>Los Gringos<\/strong> &#8211; &#8230;<!--more--><\/p>\n<p>verstehen es durchaus, den Weizen von der Spreu zu trennen und diese Cerealien erster G\u00fcteklasse wohlschmeckend zuzubereiten.<\/p>\n<p>Was sie schon immer an Musik h\u00f6ren wollten, sich jedoch nie trauten zuzugeben: hier ist es!<\/p>\n<p>Von Harry Belafonte, Fred Bertelmann und Wolfgang Ambros \u00fcber die Beatles bis hin zu Deep Purple oder Ry Cooder. Alles ist m\u00f6glich bei den \u201eGringos&#8220;. Die Hitparade der Musiker ist nat\u00fcrlich immer neu, die Lieder und ihre Platzierung ergeben sich im Laufe des Konzertes. Manchmal werden auch Publikumsw\u00fcnsche erf\u00fcllt. Mehr als das \u201ewas&#8220;, begeistert bei den drei Musikern aber das \u201ewie&#8220;: Hier wird virtuos musiziert, mit vielen \u00fcberraschenden Wendungen, ansteckender Spielfreude und h\u00f6rbarem Spa\u00df an der Sache. So hat man bekannte Songs garantiert noch nie geh\u00f6rt. Aber Achtung, das sch\u00f6nste Lied wird nie gespielt.<\/p>\n<p>Wenn diese drei Herren aufspielen, bleibt kein Rhythmus aus. Reinen Herzens und mit gro\u00dfer Spielfreude wird hier musiziert. Von &#8222;La Paloma&#8220; bis zum &#8222;Tennesee Waltz&#8220;, vom Tango bis zu Bossa und Polka. Kein Stil der nicht von den <strong>Los Gringos<\/strong> virtuos gespielt wird.<\/p>\n<p>Was sie schon immer an Musik h\u00f6ren wollten, sich jedoch nie trauten, zuzugeben: hier ist es!<\/p>\n<p><strong>Los Gringos<\/strong> sind:<\/p>\n<ul class=\"unIndentedList\">\n<li> <strong>Otto Lechner:<\/strong> <em>Akkordeon, Voc.<\/em><\/li>\n<li> <strong>Klaus Trabitsch:<\/strong> <em>Gitarren, Voc.<\/em><\/li>\n<li> <strong>Peter Rosmanith:<\/strong> <em>Perkussion<\/em><\/li>\n<\/ul>\n<p>Tickets ab sofort unter Tel. 0664 231 53 78 und in allen \u00d6-Ticketstellen und im Kabarettshop &#8222;Gute Unterhaltung&#8220; oder unter office@kunstwerkstatt.at bzw. 0681 10421991<br \/>\nPreise: VVK \u20ac 25,- \/ AK \u20ac 29,-\u00a0 Freie Sitzplatzwahl<\/p>\n","protected":false},"excerpt":{"rendered":"<p>wir m\u00fcssen mit Bedauern bekanntgeben- dass dieses Konzert leider nicht statt findet. Die Sch\u00f6nsten Lieder der Welt \/\/ Samstag 27.3.2010&hellip;<\/p>\n","protected":false},"author":2,"featured_media":0,"comment_status":"open","ping_status":"closed","sticky":false,"template":"","format":"standard","meta":{"ngg_post_thumbnail":0,"footnotes":""},"categories":[8,11],"tags":[],"class_list":["post-1498","post","type-post","status-publish","format-standard","hentry","category-konzert","category-news"],"_links":{"self":[{"href":"https:\/\/www.kunstwerkstatt.at\/wp\/index.php?rest_route=\/wp\/v2\/posts\/1498","targetHints":{"allow":["GET"]}}],"collection":[{"href":"https:\/\/www.kunstwerkstatt.at\/wp\/index.php?rest_route=\/wp\/v2\/posts"}],"about":[{"href":"https:\/\/www.kunstwerkstatt.at\/wp\/index.php?rest_route=\/wp\/v2\/types\/post"}],"author":[{"embeddable":true,"href":"https:\/\/www.kunstwerkstatt.at\/wp\/index.php?rest_route=\/wp\/v2\/users\/2"}],"replies":[{"embeddable":true,"href":"https:\/\/www.kunstwerkstatt.at\/wp\/index.php?rest_route=%2Fwp%2Fv2%2Fcomments&post=1498"}],"version-history":[{"count":17,"href":"https:\/\/www.kunstwerkstatt.at\/wp\/index.php?rest_route=\/wp\/v2\/posts\/1498\/revisions"}],"predecessor-version":[{"id":1501,"href":"https:\/\/www.kunstwerkstatt.at\/wp\/index.php?rest_route=\/wp\/v2\/posts\/1498\/revisions\/1501"}],"wp:attachment":[{"href":"https:\/\/www.kunstwerkstatt.at\/wp\/index.php?rest_route=%2Fwp%2Fv2%2Fmedia&parent=1498"}],"wp:term":[{"taxonomy":"category","embeddable":true,"href":"https:\/\/www.kunstwerkstatt.at\/wp\/index.php?rest_route=%2Fwp%2Fv2%2Fcategories&post=1498"},{"taxonomy":"post_tag","embeddable":true,"href":"https:\/\/www.kunstwerkstatt.at\/wp\/index.php?rest_route=%2Fwp%2Fv2%2Ftags&post=1498"}],"curies":[{"name":"wp","href":"https:\/\/api.w.org\/{rel}","templated":true}]}}