{"id":15077,"date":"2025-03-02T19:41:45","date_gmt":"2025-03-02T18:41:45","guid":{"rendered":"https:\/\/www.kunstwerkstatt.at\/wp\/?p=15077"},"modified":"2026-03-09T18:10:10","modified_gmt":"2026-03-09T17:10:10","slug":"kunstwerkstatt-tullner-kuenstler_innen","status":"publish","type":"post","link":"https:\/\/www.kunstwerkstatt.at\/wp\/?p=15077","title":{"rendered":"_KunstWerk &#8230; statt"},"content":{"rendered":"\n<p><\/p>\n\n\n\n<p class=\"has-medium-font-size\">Gemeinschaftsausstellung <br>KWT_K\u00fcnstler*Innen im Kunst_Verein Mistelbach<br>Barockschl\u00f6ssl Mistelbach, 4. bis 27. April 2025<\/p>\n\n\n\n<p><\/p>\n\n\n\n<div style=\"height:25px\" aria-hidden=\"true\" class=\"wp-block-spacer\"><\/div>\n\n\n\n<h2 class=\"wp-block-heading\">Video<\/h2>\n\n\n\n<figure class=\"wp-block-embed is-type-video is-provider-youtube wp-block-embed-youtube wp-embed-aspect-16-9 wp-has-aspect-ratio\"><div class=\"wp-block-embed__wrapper\">\n<iframe loading=\"lazy\" title=\"_KunstWerk \u2026 statt\" width=\"688\" height=\"387\" src=\"https:\/\/www.youtube.com\/embed\/Fsx4ghNEOBo?feature=oembed\" frameborder=\"0\" allow=\"accelerometer; autoplay; clipboard-write; encrypted-media; gyroscope; picture-in-picture; web-share\" referrerpolicy=\"strict-origin-when-cross-origin\" allowfullscreen><\/iframe>\n<\/div><\/figure>\n\n\n\n<div style=\"height:25px\" aria-hidden=\"true\" class=\"wp-block-spacer\"><\/div>\n\n\n\n<h2 class=\"wp-block-heading\">Fotos<\/h2>\n\n\n\n<figure class=\"wp-block-gallery has-nested-images columns-default is-cropped wp-block-gallery-1 is-layout-flex wp-block-gallery-is-layout-flex\">\n<figure class=\"wp-block-image size-large\"><img loading=\"lazy\" decoding=\"async\" width=\"450\" height=\"300\" data-id=\"15220\" src=\"https:\/\/www.kunstwerkstatt.at\/wp\/wp-content\/uploads\/2025\/03\/2025-04-04_Mistelbach_Barockschlo\u0308ssl_EKT52825-450x300.jpg\" alt=\"\" class=\"wp-image-15220\" srcset=\"https:\/\/www.kunstwerkstatt.at\/wp\/wp-content\/uploads\/2025\/03\/2025-04-04_Mistelbach_Barockschlo\u0308ssl_EKT52825-450x300.jpg 450w, https:\/\/www.kunstwerkstatt.at\/wp\/wp-content\/uploads\/2025\/03\/2025-04-04_Mistelbach_Barockschlo\u0308ssl_EKT52825-300x200.jpg 300w, https:\/\/www.kunstwerkstatt.at\/wp\/wp-content\/uploads\/2025\/03\/2025-04-04_Mistelbach_Barockschlo\u0308ssl_EKT52825-768x512.jpg 768w, https:\/\/www.kunstwerkstatt.at\/wp\/wp-content\/uploads\/2025\/03\/2025-04-04_Mistelbach_Barockschlo\u0308ssl_EKT52825-1536x1024.jpg 1536w, https:\/\/www.kunstwerkstatt.at\/wp\/wp-content\/uploads\/2025\/03\/2025-04-04_Mistelbach_Barockschlo\u0308ssl_EKT52825-2048x1365.jpg 2048w, https:\/\/www.kunstwerkstatt.at\/wp\/wp-content\/uploads\/2025\/03\/2025-04-04_Mistelbach_Barockschlo\u0308ssl_EKT52825-1600x1067.jpg 1600w\" sizes=\"auto, (max-width: 450px) 100vw, 450px\" \/><\/figure>\n\n\n\n<figure class=\"wp-block-image size-large\"><img loading=\"lazy\" decoding=\"async\" width=\"450\" height=\"300\" data-id=\"15221\" src=\"https:\/\/www.kunstwerkstatt.at\/wp\/wp-content\/uploads\/2025\/03\/2025-04-04_Mistelbach_Barockschlo\u0308ssl_EKT52803-450x300.jpg\" alt=\"\" class=\"wp-image-15221\" srcset=\"https:\/\/www.kunstwerkstatt.at\/wp\/wp-content\/uploads\/2025\/03\/2025-04-04_Mistelbach_Barockschlo\u0308ssl_EKT52803-450x300.jpg 450w, https:\/\/www.kunstwerkstatt.at\/wp\/wp-content\/uploads\/2025\/03\/2025-04-04_Mistelbach_Barockschlo\u0308ssl_EKT52803-300x200.jpg 300w, https:\/\/www.kunstwerkstatt.at\/wp\/wp-content\/uploads\/2025\/03\/2025-04-04_Mistelbach_Barockschlo\u0308ssl_EKT52803-768x512.jpg 768w, https:\/\/www.kunstwerkstatt.at\/wp\/wp-content\/uploads\/2025\/03\/2025-04-04_Mistelbach_Barockschlo\u0308ssl_EKT52803-1536x1024.jpg 1536w, https:\/\/www.kunstwerkstatt.at\/wp\/wp-content\/uploads\/2025\/03\/2025-04-04_Mistelbach_Barockschlo\u0308ssl_EKT52803-2048x1365.jpg 2048w, https:\/\/www.kunstwerkstatt.at\/wp\/wp-content\/uploads\/2025\/03\/2025-04-04_Mistelbach_Barockschlo\u0308ssl_EKT52803-1600x1067.jpg 1600w\" sizes=\"auto, (max-width: 450px) 100vw, 450px\" \/><\/figure>\n\n\n\n<figure class=\"wp-block-image size-large\"><img loading=\"lazy\" decoding=\"async\" width=\"450\" height=\"300\" data-id=\"15219\" src=\"https:\/\/www.kunstwerkstatt.at\/wp\/wp-content\/uploads\/2025\/03\/2025-04-04_Mistelbach_Barockschlo\u0308ssl_EKT52794-450x300.jpg\" alt=\"\" class=\"wp-image-15219\" srcset=\"https:\/\/www.kunstwerkstatt.at\/wp\/wp-content\/uploads\/2025\/03\/2025-04-04_Mistelbach_Barockschlo\u0308ssl_EKT52794-450x300.jpg 450w, https:\/\/www.kunstwerkstatt.at\/wp\/wp-content\/uploads\/2025\/03\/2025-04-04_Mistelbach_Barockschlo\u0308ssl_EKT52794-300x200.jpg 300w, https:\/\/www.kunstwerkstatt.at\/wp\/wp-content\/uploads\/2025\/03\/2025-04-04_Mistelbach_Barockschlo\u0308ssl_EKT52794-768x512.jpg 768w, https:\/\/www.kunstwerkstatt.at\/wp\/wp-content\/uploads\/2025\/03\/2025-04-04_Mistelbach_Barockschlo\u0308ssl_EKT52794-1536x1024.jpg 1536w, https:\/\/www.kunstwerkstatt.at\/wp\/wp-content\/uploads\/2025\/03\/2025-04-04_Mistelbach_Barockschlo\u0308ssl_EKT52794-2048x1365.jpg 2048w, https:\/\/www.kunstwerkstatt.at\/wp\/wp-content\/uploads\/2025\/03\/2025-04-04_Mistelbach_Barockschlo\u0308ssl_EKT52794-1600x1067.jpg 1600w\" sizes=\"auto, (max-width: 450px) 100vw, 450px\" \/><\/figure>\n\n\n\n<figure class=\"wp-block-image size-large\"><img loading=\"lazy\" decoding=\"async\" width=\"450\" height=\"300\" data-id=\"15217\" src=\"https:\/\/www.kunstwerkstatt.at\/wp\/wp-content\/uploads\/2025\/03\/2025-04-04_Mistelbach_Barockschlo\u0308ssl_EKT52792-450x300.jpg\" alt=\"\" class=\"wp-image-15217\" srcset=\"https:\/\/www.kunstwerkstatt.at\/wp\/wp-content\/uploads\/2025\/03\/2025-04-04_Mistelbach_Barockschlo\u0308ssl_EKT52792-450x300.jpg 450w, https:\/\/www.kunstwerkstatt.at\/wp\/wp-content\/uploads\/2025\/03\/2025-04-04_Mistelbach_Barockschlo\u0308ssl_EKT52792-300x200.jpg 300w, https:\/\/www.kunstwerkstatt.at\/wp\/wp-content\/uploads\/2025\/03\/2025-04-04_Mistelbach_Barockschlo\u0308ssl_EKT52792-768x512.jpg 768w, https:\/\/www.kunstwerkstatt.at\/wp\/wp-content\/uploads\/2025\/03\/2025-04-04_Mistelbach_Barockschlo\u0308ssl_EKT52792-1536x1024.jpg 1536w, https:\/\/www.kunstwerkstatt.at\/wp\/wp-content\/uploads\/2025\/03\/2025-04-04_Mistelbach_Barockschlo\u0308ssl_EKT52792-2048x1365.jpg 2048w, https:\/\/www.kunstwerkstatt.at\/wp\/wp-content\/uploads\/2025\/03\/2025-04-04_Mistelbach_Barockschlo\u0308ssl_EKT52792-1600x1067.jpg 1600w\" sizes=\"auto, (max-width: 450px) 100vw, 450px\" \/><\/figure>\n\n\n\n<figure class=\"wp-block-image size-large\"><img loading=\"lazy\" decoding=\"async\" width=\"450\" height=\"300\" data-id=\"15218\" src=\"https:\/\/www.kunstwerkstatt.at\/wp\/wp-content\/uploads\/2025\/03\/2025-04-04_Mistelbach_Barockschlo\u0308ssl_EKT52781-450x300.jpg\" alt=\"\" class=\"wp-image-15218\" srcset=\"https:\/\/www.kunstwerkstatt.at\/wp\/wp-content\/uploads\/2025\/03\/2025-04-04_Mistelbach_Barockschlo\u0308ssl_EKT52781-450x300.jpg 450w, https:\/\/www.kunstwerkstatt.at\/wp\/wp-content\/uploads\/2025\/03\/2025-04-04_Mistelbach_Barockschlo\u0308ssl_EKT52781-300x200.jpg 300w, https:\/\/www.kunstwerkstatt.at\/wp\/wp-content\/uploads\/2025\/03\/2025-04-04_Mistelbach_Barockschlo\u0308ssl_EKT52781-768x512.jpg 768w, https:\/\/www.kunstwerkstatt.at\/wp\/wp-content\/uploads\/2025\/03\/2025-04-04_Mistelbach_Barockschlo\u0308ssl_EKT52781-1536x1024.jpg 1536w, https:\/\/www.kunstwerkstatt.at\/wp\/wp-content\/uploads\/2025\/03\/2025-04-04_Mistelbach_Barockschlo\u0308ssl_EKT52781-2048x1365.jpg 2048w, https:\/\/www.kunstwerkstatt.at\/wp\/wp-content\/uploads\/2025\/03\/2025-04-04_Mistelbach_Barockschlo\u0308ssl_EKT52781-1600x1067.jpg 1600w\" sizes=\"auto, (max-width: 450px) 100vw, 450px\" \/><\/figure>\n\n\n\n<figure class=\"wp-block-image size-large\"><img loading=\"lazy\" decoding=\"async\" width=\"450\" height=\"300\" data-id=\"15222\" src=\"https:\/\/www.kunstwerkstatt.at\/wp\/wp-content\/uploads\/2025\/03\/2025-04-04_Mistelbach_Barockschlo\u0308ssl_EKT52778-450x300.jpg\" alt=\"\" class=\"wp-image-15222\" srcset=\"https:\/\/www.kunstwerkstatt.at\/wp\/wp-content\/uploads\/2025\/03\/2025-04-04_Mistelbach_Barockschlo\u0308ssl_EKT52778-450x300.jpg 450w, https:\/\/www.kunstwerkstatt.at\/wp\/wp-content\/uploads\/2025\/03\/2025-04-04_Mistelbach_Barockschlo\u0308ssl_EKT52778-300x200.jpg 300w, https:\/\/www.kunstwerkstatt.at\/wp\/wp-content\/uploads\/2025\/03\/2025-04-04_Mistelbach_Barockschlo\u0308ssl_EKT52778-768x512.jpg 768w, https:\/\/www.kunstwerkstatt.at\/wp\/wp-content\/uploads\/2025\/03\/2025-04-04_Mistelbach_Barockschlo\u0308ssl_EKT52778-1536x1024.jpg 1536w, https:\/\/www.kunstwerkstatt.at\/wp\/wp-content\/uploads\/2025\/03\/2025-04-04_Mistelbach_Barockschlo\u0308ssl_EKT52778-2048x1365.jpg 2048w, https:\/\/www.kunstwerkstatt.at\/wp\/wp-content\/uploads\/2025\/03\/2025-04-04_Mistelbach_Barockschlo\u0308ssl_EKT52778-1600x1067.jpg 1600w\" sizes=\"auto, (max-width: 450px) 100vw, 450px\" \/><\/figure>\n\n\n\n<figure class=\"wp-block-image size-large\"><img loading=\"lazy\" decoding=\"async\" width=\"450\" height=\"300\" data-id=\"15227\" src=\"https:\/\/www.kunstwerkstatt.at\/wp\/wp-content\/uploads\/2025\/03\/2025-04-04_Mistelbach_Barockschlo\u0308ssl_EKT52777-450x300.jpg\" alt=\"\" class=\"wp-image-15227\" srcset=\"https:\/\/www.kunstwerkstatt.at\/wp\/wp-content\/uploads\/2025\/03\/2025-04-04_Mistelbach_Barockschlo\u0308ssl_EKT52777-450x300.jpg 450w, https:\/\/www.kunstwerkstatt.at\/wp\/wp-content\/uploads\/2025\/03\/2025-04-04_Mistelbach_Barockschlo\u0308ssl_EKT52777-300x200.jpg 300w, https:\/\/www.kunstwerkstatt.at\/wp\/wp-content\/uploads\/2025\/03\/2025-04-04_Mistelbach_Barockschlo\u0308ssl_EKT52777-768x512.jpg 768w, https:\/\/www.kunstwerkstatt.at\/wp\/wp-content\/uploads\/2025\/03\/2025-04-04_Mistelbach_Barockschlo\u0308ssl_EKT52777-1536x1024.jpg 1536w, https:\/\/www.kunstwerkstatt.at\/wp\/wp-content\/uploads\/2025\/03\/2025-04-04_Mistelbach_Barockschlo\u0308ssl_EKT52777-2048x1365.jpg 2048w, https:\/\/www.kunstwerkstatt.at\/wp\/wp-content\/uploads\/2025\/03\/2025-04-04_Mistelbach_Barockschlo\u0308ssl_EKT52777-1600x1067.jpg 1600w\" sizes=\"auto, (max-width: 450px) 100vw, 450px\" \/><\/figure>\n\n\n\n<figure class=\"wp-block-image size-large\"><img loading=\"lazy\" decoding=\"async\" width=\"450\" height=\"300\" data-id=\"15225\" src=\"https:\/\/www.kunstwerkstatt.at\/wp\/wp-content\/uploads\/2025\/03\/2025-04-04_Mistelbach_Barockschlo\u0308ssl_EKT52769-450x300.jpg\" alt=\"\" class=\"wp-image-15225\" srcset=\"https:\/\/www.kunstwerkstatt.at\/wp\/wp-content\/uploads\/2025\/03\/2025-04-04_Mistelbach_Barockschlo\u0308ssl_EKT52769-450x300.jpg 450w, https:\/\/www.kunstwerkstatt.at\/wp\/wp-content\/uploads\/2025\/03\/2025-04-04_Mistelbach_Barockschlo\u0308ssl_EKT52769-300x200.jpg 300w, https:\/\/www.kunstwerkstatt.at\/wp\/wp-content\/uploads\/2025\/03\/2025-04-04_Mistelbach_Barockschlo\u0308ssl_EKT52769-768x512.jpg 768w, https:\/\/www.kunstwerkstatt.at\/wp\/wp-content\/uploads\/2025\/03\/2025-04-04_Mistelbach_Barockschlo\u0308ssl_EKT52769-1536x1024.jpg 1536w, https:\/\/www.kunstwerkstatt.at\/wp\/wp-content\/uploads\/2025\/03\/2025-04-04_Mistelbach_Barockschlo\u0308ssl_EKT52769-2048x1365.jpg 2048w, https:\/\/www.kunstwerkstatt.at\/wp\/wp-content\/uploads\/2025\/03\/2025-04-04_Mistelbach_Barockschlo\u0308ssl_EKT52769-1600x1067.jpg 1600w\" sizes=\"auto, (max-width: 450px) 100vw, 450px\" \/><\/figure>\n\n\n\n<figure class=\"wp-block-image size-large\"><img loading=\"lazy\" decoding=\"async\" width=\"450\" height=\"300\" data-id=\"15223\" src=\"https:\/\/www.kunstwerkstatt.at\/wp\/wp-content\/uploads\/2025\/03\/2025-04-04_Mistelbach_Barockschlo\u0308ssl_EKT52765-450x300.jpg\" alt=\"\" class=\"wp-image-15223\" srcset=\"https:\/\/www.kunstwerkstatt.at\/wp\/wp-content\/uploads\/2025\/03\/2025-04-04_Mistelbach_Barockschlo\u0308ssl_EKT52765-450x300.jpg 450w, https:\/\/www.kunstwerkstatt.at\/wp\/wp-content\/uploads\/2025\/03\/2025-04-04_Mistelbach_Barockschlo\u0308ssl_EKT52765-300x200.jpg 300w, https:\/\/www.kunstwerkstatt.at\/wp\/wp-content\/uploads\/2025\/03\/2025-04-04_Mistelbach_Barockschlo\u0308ssl_EKT52765-768x512.jpg 768w, https:\/\/www.kunstwerkstatt.at\/wp\/wp-content\/uploads\/2025\/03\/2025-04-04_Mistelbach_Barockschlo\u0308ssl_EKT52765-1536x1024.jpg 1536w, https:\/\/www.kunstwerkstatt.at\/wp\/wp-content\/uploads\/2025\/03\/2025-04-04_Mistelbach_Barockschlo\u0308ssl_EKT52765-2048x1365.jpg 2048w, https:\/\/www.kunstwerkstatt.at\/wp\/wp-content\/uploads\/2025\/03\/2025-04-04_Mistelbach_Barockschlo\u0308ssl_EKT52765-1600x1067.jpg 1600w\" sizes=\"auto, (max-width: 450px) 100vw, 450px\" \/><\/figure>\n\n\n\n<figure class=\"wp-block-image size-large\"><img loading=\"lazy\" decoding=\"async\" width=\"450\" height=\"300\" data-id=\"15226\" src=\"https:\/\/www.kunstwerkstatt.at\/wp\/wp-content\/uploads\/2025\/03\/2025-04-04_Mistelbach_Barockschlo\u0308ssl_EKT52805-450x300.jpg\" alt=\"\" class=\"wp-image-15226\" srcset=\"https:\/\/www.kunstwerkstatt.at\/wp\/wp-content\/uploads\/2025\/03\/2025-04-04_Mistelbach_Barockschlo\u0308ssl_EKT52805-450x300.jpg 450w, https:\/\/www.kunstwerkstatt.at\/wp\/wp-content\/uploads\/2025\/03\/2025-04-04_Mistelbach_Barockschlo\u0308ssl_EKT52805-300x200.jpg 300w, https:\/\/www.kunstwerkstatt.at\/wp\/wp-content\/uploads\/2025\/03\/2025-04-04_Mistelbach_Barockschlo\u0308ssl_EKT52805-768x512.jpg 768w, https:\/\/www.kunstwerkstatt.at\/wp\/wp-content\/uploads\/2025\/03\/2025-04-04_Mistelbach_Barockschlo\u0308ssl_EKT52805-1536x1024.jpg 1536w, https:\/\/www.kunstwerkstatt.at\/wp\/wp-content\/uploads\/2025\/03\/2025-04-04_Mistelbach_Barockschlo\u0308ssl_EKT52805-2048x1365.jpg 2048w, https:\/\/www.kunstwerkstatt.at\/wp\/wp-content\/uploads\/2025\/03\/2025-04-04_Mistelbach_Barockschlo\u0308ssl_EKT52805-1600x1067.jpg 1600w\" sizes=\"auto, (max-width: 450px) 100vw, 450px\" \/><\/figure>\n\n\n\n<figure class=\"wp-block-image size-large\"><img loading=\"lazy\" decoding=\"async\" width=\"450\" height=\"300\" data-id=\"15224\" src=\"https:\/\/www.kunstwerkstatt.at\/wp\/wp-content\/uploads\/2025\/03\/2025-04-04_Mistelbach_Barockschlo\u0308ssl_EKT52771-450x300.jpg\" alt=\"\" class=\"wp-image-15224\" srcset=\"https:\/\/www.kunstwerkstatt.at\/wp\/wp-content\/uploads\/2025\/03\/2025-04-04_Mistelbach_Barockschlo\u0308ssl_EKT52771-450x300.jpg 450w, https:\/\/www.kunstwerkstatt.at\/wp\/wp-content\/uploads\/2025\/03\/2025-04-04_Mistelbach_Barockschlo\u0308ssl_EKT52771-300x200.jpg 300w, https:\/\/www.kunstwerkstatt.at\/wp\/wp-content\/uploads\/2025\/03\/2025-04-04_Mistelbach_Barockschlo\u0308ssl_EKT52771-768x512.jpg 768w, https:\/\/www.kunstwerkstatt.at\/wp\/wp-content\/uploads\/2025\/03\/2025-04-04_Mistelbach_Barockschlo\u0308ssl_EKT52771-1536x1024.jpg 1536w, https:\/\/www.kunstwerkstatt.at\/wp\/wp-content\/uploads\/2025\/03\/2025-04-04_Mistelbach_Barockschlo\u0308ssl_EKT52771-2048x1365.jpg 2048w, https:\/\/www.kunstwerkstatt.at\/wp\/wp-content\/uploads\/2025\/03\/2025-04-04_Mistelbach_Barockschlo\u0308ssl_EKT52771-1600x1067.jpg 1600w\" sizes=\"auto, (max-width: 450px) 100vw, 450px\" \/><\/figure>\n<\/figure>\n\n\n\n<div style=\"height:25px\" aria-hidden=\"true\" class=\"wp-block-spacer\"><\/div>\n\n\n\n<h2 class=\"wp-block-heading\">Pressestimmen<\/h2>\n\n\n\n<p><a href=\"https:\/\/www.meinbezirk.at\/mistelbach\/c-lokales\/kunstwerkstatt-vernissage-mit-happening_a7244017\">MEIN BEZIRK 5.4.2025<\/a><br><a href=\"https:\/\/www.noen.at\/mistelbach\/mistelbach-kunst-verbindet-kunstwerkstatt-tulln-zu-gast-im-barockschloessl-468504908\">N\u00d6N 9.4.2025<\/a><br><a href=\"https:\/\/www.mistelbach.at\/politik-buergerservice\/presse\/news\/news-detail\/artikel\/kunstwerkstatt-ausstellung-der-kunstwerkstatt\/\">STADTGEMEINDE MISTELBACH 17.4.2025<\/a><br><a href=\"https:\/\/epaper.meinbezirk.at\/load\/sto\/2504\/1410\/f.Seite.0tI8ya1nPPuY4FhdkfUCqi6YuAVd7uZ2.pdf\">MEIN BEZIRK 16.4.2025<\/a><\/p>\n\n\n\n<div style=\"height:25px\" aria-hidden=\"true\" class=\"wp-block-spacer\"><\/div>\n\n\n\n<h2 class=\"wp-block-heading\">\u00dcber die Ausstellung<\/h2>\n\n\n\n<p>Seit nunmehr 35 Jahren bietet die Kunstwerkstatt-Galerie in der \u00d6ffentlichkeit bereits bekannten, aber auch jungen K\u00fcnstler_innen die Gelegenheit, ihre Werke in den zu diesem Zweck bestens geeigneten Vereinsr\u00e4umlichkeiten auszustellen. Darunter auch den Vereinsmitgliedern in Einzel-, und Gruppenausstellungen, wie sie etwa einmal im Jahr w\u00e4hrend des Sommers unter dem Titel WIR-KWT stattfinden.<\/p>\n\n\n\n<p>Um auch \u00fcber das lokale Ausstellungsgeschehen hinaus k\u00fcnstlerisch sichtbar zu werden und nicht nur in der eigenen Blase zu bleiben, wurde vor einiger Zeit die Idee geboren, sich aktiv um Kooperationen mit weiteren N\u00d6-Kunstinitiativen zu bem\u00fchen. In dem Sinne, unseren Kunstraum f\u00fcr die Mitglieder des jeweiligen Kooperationspartners f\u00fcr eine Ausstellung zu \u00f6ffnen, im Gegenzug in deren Vereinsr\u00e4umen ausstellen zu d\u00fcrfen.<\/p>\n\n\n\n<p>Als erste M\u00f6glichkeit hat sich aufgrund pers\u00f6nlicher Verbindungen der <strong>Kunstverein Mistelbach<\/strong> im sogenannte <strong>Barock-Schl\u00f6ssl <\/strong>angeboten, wo die KWT im<strong> April 2025 <\/strong>eingeladen ist, von einer internen Jury ausgew\u00e4hlte Arbeiten folgender Mitglieder zu zeigen.<\/p>\n\n\n\n<p>BARTOS Gabriela, BREUER Heide, B\u00dcLTEMEYER Ulrike, CAUFMANN Cornelia,  DOPPLER Anna, DOPPLER Monika, FAUSTENHAMMER Lena, GARTNER&nbsp; Joachim-Lothar, G\u00d6TZ Birgit, GRUBER Veronika, HIRSCHBRICH Manfred, MAGGIE&#8217;S Parade, NIASS Cheikh, PARTH Elisa, PAULER Bernhard, PROKOPETZ Daniela, REIMER Gisela, REITNER Bettina, SACHSLEHNER Putu Desy, SASSHOFER Brigitte, SENGSEIS Jochen + BUCHEGGER Reinhart, SICHELSCHMIDT Ragna, STEINWENDER Nora, WERZINGER Katrin, WETTER Lucian<\/p>\n\n\n\n<p><strong>Vernissage mit Happening(!)  \u2013 4. April, 19 Uhr, Barockschl\u00f6ssl Mistelbach<\/strong><br>                                                                       2130 Mistelbach, Museumsgasse 4<br><br><strong>Begr\u00fc\u00dfung: Sylvia Seimann (Obfrau Kunstverein)<\/strong><br><strong>Er\u00f6ffnung: Claudia Pfeffer (Kulturstadtr\u00e4tin)<br>Zur Ausstellung: Wolfgang Giegler (Kulturvermittler)<\/strong><br><strong>Ausstellungsdauer \u2013 5. bis 27. April<\/strong><br><strong>\u00d6ffnungszeiten \u2013 Samstag, Sonn- und Feiertag, 14 bis 18 Uhr<\/strong><\/p>\n\n\n<div class=\"wp-block-image\">\n<figure class=\"aligncenter size-full\"><img loading=\"lazy\" decoding=\"async\" width=\"1049\" height=\"2560\" src=\"https:\/\/www.kunstwerkstatt.at\/wp\/wp-content\/uploads\/2025\/03\/KV_Einladung_Kunstwerkstatt_web1-scaled.jpg\" alt=\"\" class=\"wp-image-15126\" srcset=\"https:\/\/www.kunstwerkstatt.at\/wp\/wp-content\/uploads\/2025\/03\/KV_Einladung_Kunstwerkstatt_web1-scaled.jpg 1049w, https:\/\/www.kunstwerkstatt.at\/wp\/wp-content\/uploads\/2025\/03\/KV_Einladung_Kunstwerkstatt_web1-123x300.jpg 123w, https:\/\/www.kunstwerkstatt.at\/wp\/wp-content\/uploads\/2025\/03\/KV_Einladung_Kunstwerkstatt_web1-420x1024.jpg 420w, https:\/\/www.kunstwerkstatt.at\/wp\/wp-content\/uploads\/2025\/03\/KV_Einladung_Kunstwerkstatt_web1-768x1874.jpg 768w, https:\/\/www.kunstwerkstatt.at\/wp\/wp-content\/uploads\/2025\/03\/KV_Einladung_Kunstwerkstatt_web1-630x1536.jpg 630w, https:\/\/www.kunstwerkstatt.at\/wp\/wp-content\/uploads\/2025\/03\/KV_Einladung_Kunstwerkstatt_web1-839x2048.jpg 839w\" sizes=\"auto, (max-width: 1049px) 100vw, 1049px\" \/><\/figure>\n<\/div>\n\n\n<p><\/p>\n","protected":false},"excerpt":{"rendered":"<p>Gemeinschaftsausstellung KWT_K\u00fcnstler*Innen im Kunst_Verein MistelbachBarockschl\u00f6ssl Mistelbach, 4. bis 27. April 2025 Video Fotos Pressestimmen MEIN BEZIRK 5.4.2025N\u00d6N 9.4.2025STADTGEMEINDE MISTELBACH 17.4.2025MEIN&hellip;<\/p>\n","protected":false},"author":2,"featured_media":15151,"comment_status":"closed","ping_status":"closed","sticky":false,"template":"","format":"standard","meta":{"ngg_post_thumbnail":0,"footnotes":""},"categories":[3,81,12],"tags":[],"class_list":["post-15077","post","type-post","status-publish","format-standard","has-post-thumbnail","hentry","category-ausstellung","category-bildende-kunst","category-performances"],"_links":{"self":[{"href":"https:\/\/www.kunstwerkstatt.at\/wp\/index.php?rest_route=\/wp\/v2\/posts\/15077","targetHints":{"allow":["GET"]}}],"collection":[{"href":"https:\/\/www.kunstwerkstatt.at\/wp\/index.php?rest_route=\/wp\/v2\/posts"}],"about":[{"href":"https:\/\/www.kunstwerkstatt.at\/wp\/index.php?rest_route=\/wp\/v2\/types\/post"}],"author":[{"embeddable":true,"href":"https:\/\/www.kunstwerkstatt.at\/wp\/index.php?rest_route=\/wp\/v2\/users\/2"}],"replies":[{"embeddable":true,"href":"https:\/\/www.kunstwerkstatt.at\/wp\/index.php?rest_route=%2Fwp%2Fv2%2Fcomments&post=15077"}],"version-history":[{"count":10,"href":"https:\/\/www.kunstwerkstatt.at\/wp\/index.php?rest_route=\/wp\/v2\/posts\/15077\/revisions"}],"predecessor-version":[{"id":15230,"href":"https:\/\/www.kunstwerkstatt.at\/wp\/index.php?rest_route=\/wp\/v2\/posts\/15077\/revisions\/15230"}],"wp:featuredmedia":[{"embeddable":true,"href":"https:\/\/www.kunstwerkstatt.at\/wp\/index.php?rest_route=\/wp\/v2\/media\/15151"}],"wp:attachment":[{"href":"https:\/\/www.kunstwerkstatt.at\/wp\/index.php?rest_route=%2Fwp%2Fv2%2Fmedia&parent=15077"}],"wp:term":[{"taxonomy":"category","embeddable":true,"href":"https:\/\/www.kunstwerkstatt.at\/wp\/index.php?rest_route=%2Fwp%2Fv2%2Fcategories&post=15077"},{"taxonomy":"post_tag","embeddable":true,"href":"https:\/\/www.kunstwerkstatt.at\/wp\/index.php?rest_route=%2Fwp%2Fv2%2Ftags&post=15077"}],"curies":[{"name":"wp","href":"https:\/\/api.w.org\/{rel}","templated":true}]}}