{"id":15290,"date":"2001-02-09T07:42:00","date_gmt":"2001-02-09T06:42:00","guid":{"rendered":"https:\/\/www.kunstwerkstatt.at\/wp\/?p=15290"},"modified":"2026-08-17T21:03:39","modified_gmt":"2026-08-17T20:03:39","slug":"cheik-niass","status":"publish","type":"post","link":"https:\/\/www.kunstwerkstatt.at\/wp\/?p=15290","title":{"rendered":"Cheikh Niass"},"content":{"rendered":"\n<p class=\"has-medium-font-size wp-block-paragraph\"><strong><strong>WIR:KWT 2026 \u201emit:welten\u201c<\/strong> 21.08-06.09.2026<br><\/strong>\u201eWIR sind viele Welten unter ein und demselben Himmel\u201c \u2013 ein Pl\u00e4doyer f\u00fcr Menschlichkeit und Toleranz<\/p>\n\n\n\n<figure class=\"wp-block-image size-large\"><img loading=\"lazy\" decoding=\"async\" width=\"450\" height=\"928\" src=\"https:\/\/www.kunstwerkstatt.at\/wp\/wp-content\/uploads\/2001\/02\/Zeit-und-Bewegung-3-140x300-1-450x928.jpeg\" alt=\"\" class=\"wp-image-16747\" srcset=\"https:\/\/www.kunstwerkstatt.at\/wp\/wp-content\/uploads\/2001\/02\/Zeit-und-Bewegung-3-140x300-1-450x928.jpeg 450w, https:\/\/www.kunstwerkstatt.at\/wp\/wp-content\/uploads\/2001\/02\/Zeit-und-Bewegung-3-140x300-1-146x300.jpeg 146w, https:\/\/www.kunstwerkstatt.at\/wp\/wp-content\/uploads\/2001\/02\/Zeit-und-Bewegung-3-140x300-1.jpeg 621w\" sizes=\"auto, (max-width: 450px) 100vw, 450px\" \/><\/figure>\n\n\n\n<p class=\"wp-block-paragraph\"><strong>ZEIT UND BEWEGUNG<\/strong>   Acryl auf Leinwand, 140 x 300 cm, 2024<\/p>\n\n\n\n<p class=\"wp-block-paragraph\"><em>Zeit und Bewegung<\/em> sucht die Zeit nicht. Sie \u00f6ffnet sie.<br>Das Werk stellt Bewegung nicht dar: Es bringt sie hervor. Im bildnerischen Raum wird die Geste zur Dauer, die Farbe zum Intervall, die Spur zur Erinnerung.<br>Das monumentale Format von 140 x 300 cm ist ein K\u00f6rper. Die Leinwand ist kein Dekor, sie ist Territorium. Der Betrachter steht nicht mehr davor, er ist darin. Er durchquert sie. Der Ma\u00dfstab kippt den Blick: Sehen wird Gehen, Betrachten wird Wohnen.<br>Ein Himmelsblau l\u00f6st sich in Gelb auf, wie die D\u00e4mmerung, die Nacht trinkt. Im Herzen dieser Spannung bricht ein oranger, quadratischer Fleck auf: eine starrsinnige Rose inmitten von Vegetation. Sie schwebt nicht. Sie beharrt. Ihre Geometrie bricht das Organische auf. Ihr chromatisches Feuer verbrennt den Grund.<br>Der Spachtel ritzt eine rosafarbene Spur. Es ist kein Zusatz. Es ist eine Sedimentation der Zeit. Jeder Durchgang ist Schicht. Jede Geste ist Archiv. Die Grenzen werden nuanciert, verschmelzen, stimmen sich bisweilen durch die sanfte Gewalt der Komplement\u00e4rkontraste aufeinander ein. Der Konflikt gibt nicht nach. Er wird Gleichgewicht.<\/p>\n\n\n\n<div class=\"wp-block-media-text is-stacked-on-mobile\"><figure class=\"wp-block-media-text__media\"><img loading=\"lazy\" decoding=\"async\" width=\"450\" height=\"268\" src=\"https:\/\/www.kunstwerkstatt.at\/wp\/wp-content\/uploads\/2001\/01\/image-450x268.png\" alt=\"\" class=\"wp-image-16229 size-full\" srcset=\"https:\/\/www.kunstwerkstatt.at\/wp\/wp-content\/uploads\/2001\/01\/image-450x268.png 450w, https:\/\/www.kunstwerkstatt.at\/wp\/wp-content\/uploads\/2001\/01\/image-300x178.png 300w, https:\/\/www.kunstwerkstatt.at\/wp\/wp-content\/uploads\/2001\/01\/image-768x457.png 768w, https:\/\/www.kunstwerkstatt.at\/wp\/wp-content\/uploads\/2001\/01\/image.png 1280w\" sizes=\"auto, (max-width: 450px) 100vw, 450px\" \/><\/figure><div class=\"wp-block-media-text__content\">\n<p class=\"wp-block-paragraph\">Cheikh Niass<br>Geboren im Senegal, lebt und arbeitet Cheikh Niass heute im nieder\u00f6sterreichischen Tulln. Seine bevorzugte Ausdrucksweise ist die Installation. Kombiniert mit Malerei schafft er farbenintensive Zyklen. &#8222;Migration&#8220; ist eine Auseinandersetzung mit der \u00dcberlebenskunst und der Kooperationsbereitschaft zwischen Menschen sowie Teil einer Serie von Vogelinstallationen. Die bunten V\u00f6gel symbolisieren Tr\u00e4ume und Freiheit. <a href=\"http:\/\/www.flickr.com\/cheikhniass\" data-type=\"link\" data-id=\"www.flickr.com\/cheikhniass\">www.flickr.com\/cheikhniass<\/a><\/p>\n<\/div><\/div>\n\n\n\n<hr class=\"wp-block-separator has-alpha-channel-opacity is-style-wide\"\/>\n\n\n\n<p class=\"has-medium-font-size wp-block-paragraph\"><strong>POP-UP Galerie  4. M\u00e4rz bis 5. April 2026<\/strong><\/p>\n\n\n\n<figure class=\"wp-block-gallery has-nested-images columns-default is-cropped wp-block-gallery-1 is-layout-flex wp-block-gallery-is-layout-flex\">\n<figure class=\"wp-block-image size-large\"><img loading=\"lazy\" decoding=\"async\" width=\"450\" height=\"600\" data-id=\"16264\" src=\"https:\/\/www.kunstwerkstatt.at\/wp\/wp-content\/uploads\/2001\/01\/PopUpCheikh-02-450x600.jpeg\" alt=\"\" class=\"wp-image-16264\" srcset=\"https:\/\/www.kunstwerkstatt.at\/wp\/wp-content\/uploads\/2001\/01\/PopUpCheikh-02-450x600.jpeg 450w, https:\/\/www.kunstwerkstatt.at\/wp\/wp-content\/uploads\/2001\/01\/PopUpCheikh-02-225x300.jpeg 225w, https:\/\/www.kunstwerkstatt.at\/wp\/wp-content\/uploads\/2001\/01\/PopUpCheikh-02-768x1024.jpeg 768w, https:\/\/www.kunstwerkstatt.at\/wp\/wp-content\/uploads\/2001\/01\/PopUpCheikh-02.jpeg 960w\" sizes=\"auto, (max-width: 450px) 100vw, 450px\" \/><\/figure>\n\n\n\n<figure class=\"wp-block-image size-large\"><img loading=\"lazy\" decoding=\"async\" width=\"450\" height=\"600\" data-id=\"16268\" src=\"https:\/\/www.kunstwerkstatt.at\/wp\/wp-content\/uploads\/2001\/01\/PopUpCheikh-03-450x600.jpeg\" alt=\"\" class=\"wp-image-16268\" srcset=\"https:\/\/www.kunstwerkstatt.at\/wp\/wp-content\/uploads\/2001\/01\/PopUpCheikh-03-450x600.jpeg 450w, https:\/\/www.kunstwerkstatt.at\/wp\/wp-content\/uploads\/2001\/01\/PopUpCheikh-03-225x300.jpeg 225w, https:\/\/www.kunstwerkstatt.at\/wp\/wp-content\/uploads\/2001\/01\/PopUpCheikh-03-768x1024.jpeg 768w, https:\/\/www.kunstwerkstatt.at\/wp\/wp-content\/uploads\/2001\/01\/PopUpCheikh-03.jpeg 960w\" sizes=\"auto, (max-width: 450px) 100vw, 450px\" \/><\/figure>\n\n\n\n<figure class=\"wp-block-image size-large\"><img loading=\"lazy\" decoding=\"async\" width=\"450\" height=\"600\" data-id=\"16266\" src=\"https:\/\/www.kunstwerkstatt.at\/wp\/wp-content\/uploads\/2001\/01\/PopUpCheikh-08-450x600.jpeg\" alt=\"\" class=\"wp-image-16266\" srcset=\"https:\/\/www.kunstwerkstatt.at\/wp\/wp-content\/uploads\/2001\/01\/PopUpCheikh-08-450x600.jpeg 450w, https:\/\/www.kunstwerkstatt.at\/wp\/wp-content\/uploads\/2001\/01\/PopUpCheikh-08-225x300.jpeg 225w, https:\/\/www.kunstwerkstatt.at\/wp\/wp-content\/uploads\/2001\/01\/PopUpCheikh-08-768x1024.jpeg 768w, https:\/\/www.kunstwerkstatt.at\/wp\/wp-content\/uploads\/2001\/01\/PopUpCheikh-08.jpeg 960w\" sizes=\"auto, (max-width: 450px) 100vw, 450px\" \/><\/figure>\n<\/figure>\n\n\n\n<figure class=\"wp-block-gallery has-nested-images columns-default is-cropped wp-block-gallery-2 is-layout-flex wp-block-gallery-is-layout-flex\">\n<figure class=\"wp-block-image size-large\"><img loading=\"lazy\" decoding=\"async\" width=\"450\" height=\"798\" data-id=\"16232\" src=\"https:\/\/www.kunstwerkstatt.at\/wp\/wp-content\/uploads\/2001\/01\/Wasserfall-450x798.jpeg\" alt=\"\" class=\"wp-image-16232\" srcset=\"https:\/\/www.kunstwerkstatt.at\/wp\/wp-content\/uploads\/2001\/01\/Wasserfall-450x798.jpeg 450w, https:\/\/www.kunstwerkstatt.at\/wp\/wp-content\/uploads\/2001\/01\/Wasserfall-169x300.jpeg 169w, https:\/\/www.kunstwerkstatt.at\/wp\/wp-content\/uploads\/2001\/01\/Wasserfall.jpeg 722w\" sizes=\"auto, (max-width: 450px) 100vw, 450px\" \/><\/figure>\n\n\n\n<figure class=\"wp-block-image size-large\"><img loading=\"lazy\" decoding=\"async\" width=\"450\" height=\"599\" data-id=\"16233\" src=\"https:\/\/www.kunstwerkstatt.at\/wp\/wp-content\/uploads\/2001\/01\/Zeit-und-Bewegung-450x599.jpeg\" alt=\"\" class=\"wp-image-16233\" srcset=\"https:\/\/www.kunstwerkstatt.at\/wp\/wp-content\/uploads\/2001\/01\/Zeit-und-Bewegung-450x599.jpeg 450w, https:\/\/www.kunstwerkstatt.at\/wp\/wp-content\/uploads\/2001\/01\/Zeit-und-Bewegung-226x300.jpeg 226w, https:\/\/www.kunstwerkstatt.at\/wp\/wp-content\/uploads\/2001\/01\/Zeit-und-Bewegung-768x1022.jpeg 768w, https:\/\/www.kunstwerkstatt.at\/wp\/wp-content\/uploads\/2001\/01\/Zeit-und-Bewegung.jpeg 960w\" sizes=\"auto, (max-width: 450px) 100vw, 450px\" \/><\/figure>\n<\/figure>\n\n\n\n<p class=\"wp-block-paragraph\"><\/p>\n\n\n\n<figure class=\"wp-block-embed is-type-video is-provider-youtube wp-block-embed-youtube wp-embed-aspect-16-9 wp-has-aspect-ratio\"><div class=\"wp-block-embed__wrapper\">\n<iframe loading=\"lazy\" title=\"Cheikh Niass\" width=\"688\" height=\"387\" src=\"https:\/\/www.youtube.com\/embed\/CICEiigKbfM?feature=oembed\" frameborder=\"0\" allow=\"accelerometer; autoplay; clipboard-write; encrypted-media; gyroscope; picture-in-picture; web-share\" referrerpolicy=\"strict-origin-when-cross-origin\" allowfullscreen><\/iframe>\n<\/div><\/figure>\n\n\n\n<p class=\"wp-block-paragraph\">Arte Povera &#8211; Malerei von Cheikh Niass<\/p>\n\n\n\n<p class=\"wp-block-paragraph\">Cheikh Niass arbeitet mit &#8222;armen&#8220; Materialien wie Jute, Papier, Spachtel. Die Acrylfarben sind zwar nicht &#8222;arm&#8220; (wegen der Leuchtkraft) aber wegen ihrer Charakterlosigkeit\/Universalit\u00e4t dann doch wieder. Ich empfinde sie als Kunststoffhaut+Wasser.<br>&#8222;Arte Povera&#8220; auch in der Zugangsweise. Mit Bescheidenheit, Gro\u00dfz\u00fcgigkeit, der Akzeptanz des Materiellen, seriell, ohne etwas &#8222;Besonderes&#8220; oder &#8222;Bedeutungsvolles&#8220; herstellen zu wollen, gelingt es dem K\u00fcnstler durch die Gitter leuchtende kostbare Farbe hervorscheinen zu lassen und starke, einfache Formen, die erscheinen und halten.<br>K\u00fcnstlerischer Ausdruck, die vielgesuchte Spiritualit\u00e4t, das ist Cheikh Niass gelungen. Danke daf\u00fcr!<br>(Text von Verena Crow)<\/p>\n\n\n\n<div style=\"height:72px\" aria-hidden=\"true\" class=\"wp-block-spacer\"><\/div>\n\n\n\n<p class=\"has-medium-font-size wp-block-paragraph\"><strong>WIR:KWT 2025 &#8222;vom gl\u00fccklichen Zufall&#8220;<\/strong><\/p>\n\n\n\n<figure class=\"wp-block-gallery has-nested-images columns-default is-cropped wp-block-gallery-3 is-layout-flex wp-block-gallery-is-layout-flex\">\n<figure class=\"wp-block-image size-large\"><img loading=\"lazy\" decoding=\"async\" width=\"450\" height=\"923\" data-id=\"15328\" src=\"https:\/\/www.kunstwerkstatt.at\/wp\/wp-content\/uploads\/2001\/01\/Chaik-Niass_Kamailleu_orange-450x923.jpeg\" alt=\"\" class=\"wp-image-15328\" srcset=\"https:\/\/www.kunstwerkstatt.at\/wp\/wp-content\/uploads\/2001\/01\/Chaik-Niass_Kamailleu_orange-450x923.jpeg 450w, https:\/\/www.kunstwerkstatt.at\/wp\/wp-content\/uploads\/2001\/01\/Chaik-Niass_Kamailleu_orange-146x300.jpeg 146w, https:\/\/www.kunstwerkstatt.at\/wp\/wp-content\/uploads\/2001\/01\/Chaik-Niass_Kamailleu_orange.jpeg 624w\" sizes=\"auto, (max-width: 450px) 100vw, 450px\" \/><figcaption class=\"wp-element-caption\">Kamailleu_orange<br>127&#215;262<br>Juta\/ Acryl<br>3.000 \u20ac<\/figcaption><\/figure>\n\n\n\n<figure class=\"wp-block-image size-large\"><img loading=\"lazy\" decoding=\"async\" width=\"450\" height=\"955\" data-id=\"15329\" src=\"https:\/\/www.kunstwerkstatt.at\/wp\/wp-content\/uploads\/2001\/01\/Chaik-Niass_Kamailleu_rot-450x955.jpeg\" alt=\"\" class=\"wp-image-15329\" srcset=\"https:\/\/www.kunstwerkstatt.at\/wp\/wp-content\/uploads\/2001\/01\/Chaik-Niass_Kamailleu_rot-450x955.jpeg 450w, https:\/\/www.kunstwerkstatt.at\/wp\/wp-content\/uploads\/2001\/01\/Chaik-Niass_Kamailleu_rot-141x300.jpeg 141w, https:\/\/www.kunstwerkstatt.at\/wp\/wp-content\/uploads\/2001\/01\/Chaik-Niass_Kamailleu_rot.jpeg 603w\" sizes=\"auto, (max-width: 450px) 100vw, 450px\" \/><figcaption class=\"wp-element-caption\">Kamailleu_rot<br> 127&#215;262<br>Juta\/ Acryl<br>3.000 \u20ac<\/figcaption><\/figure>\n<\/figure>\n","protected":false},"excerpt":{"rendered":"<p>WIR:KWT 2026 \u201emit:welten\u201c 21.08-06.09.2026\u201eWIR sind viele Welten unter ein und demselben Himmel\u201c \u2013 ein Pl\u00e4doyer f\u00fcr Menschlichkeit und Toleranz ZEIT&hellip;<\/p>\n","protected":false},"author":2,"featured_media":0,"comment_status":"closed","ping_status":"closed","sticky":false,"template":"","format":"standard","meta":{"ngg_post_thumbnail":0,"footnotes":""},"categories":[3,81],"tags":[],"class_list":["post-15290","post","type-post","status-publish","format-standard","hentry","category-ausstellung","category-bildende-kunst"],"_links":{"self":[{"href":"https:\/\/www.kunstwerkstatt.at\/wp\/index.php?rest_route=\/wp\/v2\/posts\/15290","targetHints":{"allow":["GET"]}}],"collection":[{"href":"https:\/\/www.kunstwerkstatt.at\/wp\/index.php?rest_route=\/wp\/v2\/posts"}],"about":[{"href":"https:\/\/www.kunstwerkstatt.at\/wp\/index.php?rest_route=\/wp\/v2\/types\/post"}],"author":[{"embeddable":true,"href":"https:\/\/www.kunstwerkstatt.at\/wp\/index.php?rest_route=\/wp\/v2\/users\/2"}],"replies":[{"embeddable":true,"href":"https:\/\/www.kunstwerkstatt.at\/wp\/index.php?rest_route=%2Fwp%2Fv2%2Fcomments&post=15290"}],"version-history":[{"count":16,"href":"https:\/\/www.kunstwerkstatt.at\/wp\/index.php?rest_route=\/wp\/v2\/posts\/15290\/revisions"}],"predecessor-version":[{"id":16860,"href":"https:\/\/www.kunstwerkstatt.at\/wp\/index.php?rest_route=\/wp\/v2\/posts\/15290\/revisions\/16860"}],"wp:attachment":[{"href":"https:\/\/www.kunstwerkstatt.at\/wp\/index.php?rest_route=%2Fwp%2Fv2%2Fmedia&parent=15290"}],"wp:term":[{"taxonomy":"category","embeddable":true,"href":"https:\/\/www.kunstwerkstatt.at\/wp\/index.php?rest_route=%2Fwp%2Fv2%2Fcategories&post=15290"},{"taxonomy":"post_tag","embeddable":true,"href":"https:\/\/www.kunstwerkstatt.at\/wp\/index.php?rest_route=%2Fwp%2Fv2%2Ftags&post=15290"}],"curies":[{"name":"wp","href":"https:\/\/api.w.org\/{rel}","templated":true}]}}