{"id":15914,"date":"2026-02-06T23:15:00","date_gmt":"2026-02-06T22:15:00","guid":{"rendered":"https:\/\/www.kunstwerkstatt.at\/wp\/?p=15914"},"modified":"2026-03-18T19:16:50","modified_gmt":"2026-03-18T18:16:50","slug":"heinz-erhardt-show-26","status":"publish","type":"post","link":"https:\/\/www.kunstwerkstatt.at\/wp\/?p=15914","title":{"rendered":"Heinz Erhardt-Story 26"},"content":{"rendered":"\n<p><strong><br><\/strong>21. M\u00e4rz 2026 19h30<br>mit Manfred A. Distel<\/p>\n\n\n\n<p>Lust auf einen unvergesslichen Abend voller Humor, Wortwitz und Charme? Dann lassen Sie sich diese besondere Show nicht entgehen! <strong>Manfred Distel<\/strong>, der Meister der Parodie und ein wahrer Virtuose der kom\u00f6diantischen Darbietung, wird in die legend\u00e4re Rolle von <strong>Heinz Erhardt<\/strong> schl\u00fcpfen \u2013 und das mit seinem gro\u00dfartigen Ensemble!<\/p>\n\n\n\n<p>Erleben Sie die besten Sketche, Gedichte und Anekdoten des unvergessenen deutschen Humoristen, der mit seinem scharfsinnigen Witz, seinen humorvollen Reimen und seinem einzigartigen Charme Generationen begeistert hat. Manfred Distel verleiht der Figur Erhardt nicht nur eine brillante, lebendige Interpretation, sondern bringt auch eine eigene Note mit, die den Zauber der Erhardt\u2019schen Sprache neu erlebbar macht.<\/p>\n\n\n\n<p>In einer gelungenen Mischung aus B\u00fchnenperformance, Musik und Humor wird das Ensemble klassische und weniger bekannte Werke Heinz Erhardts in einem lebendigen und unterhaltsamen Programm pr\u00e4sentieren. Lassen Sie sich von Wortspielen, Satiren und heiteren Dialogen mitrei\u00dfen \u2013 ein echtes Fest f\u00fcr alle Erhardt-Fans und Liebhaber des guten deutschen Humors!<\/p>\n\n\n\n<p><strong>Seien Sie dabei, wenn Manfred Distel als Heinz Erhardt mit seinem Ensemble ein wahres Feuerwerk des Lachens entfacht \u2013 ein Muss f\u00fcr alle, die den humorvollen Zauber der guten alten Zeit wieder aufleben lassen m\u00f6chten!<\/strong><br>Wir freuen uns auf Sie \u2013 denn wie sagte schon Erhardt selbst: \u201eHumor ist der Knopf, der verhindert, dass uns der Kragen platzt!\u201c<\/p>\n\n\n\n<p>Abendkassa: 24 \u20ac<br>Vorverkauf: 22 \u20ac<br>KWT-Mitglieder-Erm\u00e4\u00dfigung: 20\u20ac<br>Raika-Kundenerm\u00e4\u00dfigung, bei der Raika-Tulln erh\u00e4ltlich: 20\u20ac<\/p>\n\n\n<p><script src=\"https:\/\/ntry.at\/iframe\/heinzerhatdtmeinlebendieshow.js?l=de\" type=\"text\/javascript\"><\/script><\/p>","protected":false},"excerpt":{"rendered":"<p>21. M\u00e4rz 2026 19h30mit Manfred A. Distel Lust auf einen unvergesslichen Abend voller Humor, Wortwitz und Charme? Dann lassen Sie&hellip;<\/p>\n","protected":false},"author":2,"featured_media":15981,"comment_status":"closed","ping_status":"closed","sticky":false,"template":"","format":"standard","meta":{"ngg_post_thumbnail":0,"footnotes":""},"categories":[6,13],"tags":[],"class_list":["post-15914","post","type-post","status-publish","format-standard","has-post-thumbnail","hentry","category-kabarett","category-theater"],"_links":{"self":[{"href":"https:\/\/www.kunstwerkstatt.at\/wp\/index.php?rest_route=\/wp\/v2\/posts\/15914","targetHints":{"allow":["GET"]}}],"collection":[{"href":"https:\/\/www.kunstwerkstatt.at\/wp\/index.php?rest_route=\/wp\/v2\/posts"}],"about":[{"href":"https:\/\/www.kunstwerkstatt.at\/wp\/index.php?rest_route=\/wp\/v2\/types\/post"}],"author":[{"embeddable":true,"href":"https:\/\/www.kunstwerkstatt.at\/wp\/index.php?rest_route=\/wp\/v2\/users\/2"}],"replies":[{"embeddable":true,"href":"https:\/\/www.kunstwerkstatt.at\/wp\/index.php?rest_route=%2Fwp%2Fv2%2Fcomments&post=15914"}],"version-history":[{"count":6,"href":"https:\/\/www.kunstwerkstatt.at\/wp\/index.php?rest_route=\/wp\/v2\/posts\/15914\/revisions"}],"predecessor-version":[{"id":16125,"href":"https:\/\/www.kunstwerkstatt.at\/wp\/index.php?rest_route=\/wp\/v2\/posts\/15914\/revisions\/16125"}],"wp:featuredmedia":[{"embeddable":true,"href":"https:\/\/www.kunstwerkstatt.at\/wp\/index.php?rest_route=\/wp\/v2\/media\/15981"}],"wp:attachment":[{"href":"https:\/\/www.kunstwerkstatt.at\/wp\/index.php?rest_route=%2Fwp%2Fv2%2Fmedia&parent=15914"}],"wp:term":[{"taxonomy":"category","embeddable":true,"href":"https:\/\/www.kunstwerkstatt.at\/wp\/index.php?rest_route=%2Fwp%2Fv2%2Fcategories&post=15914"},{"taxonomy":"post_tag","embeddable":true,"href":"https:\/\/www.kunstwerkstatt.at\/wp\/index.php?rest_route=%2Fwp%2Fv2%2Ftags&post=15914"}],"curies":[{"name":"wp","href":"https:\/\/api.w.org\/{rel}","templated":true}]}}