{"id":15999,"date":"2026-01-20T15:49:21","date_gmt":"2026-01-20T14:49:21","guid":{"rendered":"https:\/\/www.kunstwerkstatt.at\/wp\/?p=15999"},"modified":"2026-02-24T19:56:22","modified_gmt":"2026-02-24T18:56:22","slug":"ragnhild-rod-zoubek-franz-seyr-in-memoriam","status":"publish","type":"post","link":"https:\/\/www.kunstwerkstatt.at\/wp\/?p=15999","title":{"rendered":"Ragnhild R\u00f8d-Zoubek &amp; Franz Seyr  &#8211; In Memoriam"},"content":{"rendered":"\n<p>Vernissage: Freitag, 13. Februar 2026 &#8211; 19:00 Uhr<br>Begr\u00fc\u00dfung: Josef Dorninger<br>Er\u00f6ffnung: B\u00fcrgermeister Peter Eisenschenk<br>Einf\u00fchrung: Heide Breuer und Rainer Friedl<br>Musik: Georg F. Seyr, Gitarre &#8211; Georg Schmelzer-Ziringer, Bass <br>Finissage: 01.03. &#8211; 17:00 Uhr &#8211; Lesung: Hedwig Seyr-Glatz<\/p>\n\n\n\n<div style=\"height:27px\" aria-hidden=\"true\" class=\"wp-block-spacer\"><\/div>\n\n\n\n<h3 class=\"wp-block-heading\">Video von der Ausstellung<\/h3>\n\n\n\n<figure class=\"wp-block-embed is-type-video is-provider-youtube wp-block-embed-youtube wp-embed-aspect-16-9 wp-has-aspect-ratio\"><div class=\"wp-block-embed__wrapper\">\n<iframe loading=\"lazy\" title=\"Ragnhild R\u00f8d-Zoubek &amp; Franz Seyr - In Memoriam\" width=\"688\" height=\"387\" src=\"https:\/\/www.youtube.com\/embed\/weTq5i56cAY?feature=oembed\" frameborder=\"0\" allow=\"accelerometer; autoplay; clipboard-write; encrypted-media; gyroscope; picture-in-picture; web-share\" referrerpolicy=\"strict-origin-when-cross-origin\" allowfullscreen><\/iframe>\n<\/div><\/figure>\n\n\n\n<h3 class=\"wp-block-heading\">Fotos von der Vernissage<\/h3>\n\n\n\n<figure class=\"wp-block-gallery has-nested-images columns-2 is-cropped wp-block-gallery-1 is-layout-flex wp-block-gallery-is-layout-flex\">\n<figure class=\"wp-block-image size-large\"><img loading=\"lazy\" decoding=\"async\" width=\"450\" height=\"338\" data-id=\"16136\" src=\"https:\/\/www.kunstwerkstatt.at\/wp\/wp-content\/uploads\/2026\/01\/IMG_3317-450x338.jpeg\" alt=\"\" class=\"wp-image-16136\" srcset=\"https:\/\/www.kunstwerkstatt.at\/wp\/wp-content\/uploads\/2026\/01\/IMG_3317-450x338.jpeg 450w, https:\/\/www.kunstwerkstatt.at\/wp\/wp-content\/uploads\/2026\/01\/IMG_3317-300x225.jpeg 300w, https:\/\/www.kunstwerkstatt.at\/wp\/wp-content\/uploads\/2026\/01\/IMG_3317-768x576.jpeg 768w, https:\/\/www.kunstwerkstatt.at\/wp\/wp-content\/uploads\/2026\/01\/IMG_3317-1536x1152.jpeg 1536w, https:\/\/www.kunstwerkstatt.at\/wp\/wp-content\/uploads\/2026\/01\/IMG_3317-2048x1536.jpeg 2048w, https:\/\/www.kunstwerkstatt.at\/wp\/wp-content\/uploads\/2026\/01\/IMG_3317-1600x1200.jpeg 1600w\" sizes=\"auto, (max-width: 450px) 100vw, 450px\" \/><\/figure>\n\n\n\n<figure class=\"wp-block-image size-large\"><img loading=\"lazy\" decoding=\"async\" width=\"450\" height=\"253\" data-id=\"16137\" src=\"https:\/\/www.kunstwerkstatt.at\/wp\/wp-content\/uploads\/2026\/01\/IMG_4324-450x253.jpg\" alt=\"\" class=\"wp-image-16137\" srcset=\"https:\/\/www.kunstwerkstatt.at\/wp\/wp-content\/uploads\/2026\/01\/IMG_4324-450x253.jpg 450w, https:\/\/www.kunstwerkstatt.at\/wp\/wp-content\/uploads\/2026\/01\/IMG_4324-300x169.jpg 300w, https:\/\/www.kunstwerkstatt.at\/wp\/wp-content\/uploads\/2026\/01\/IMG_4324-768x432.jpg 768w, https:\/\/www.kunstwerkstatt.at\/wp\/wp-content\/uploads\/2026\/01\/IMG_4324-1536x864.jpg 1536w, https:\/\/www.kunstwerkstatt.at\/wp\/wp-content\/uploads\/2026\/01\/IMG_4324-2048x1152.jpg 2048w, https:\/\/www.kunstwerkstatt.at\/wp\/wp-content\/uploads\/2026\/01\/IMG_4324-1600x900.jpg 1600w\" sizes=\"auto, (max-width: 450px) 100vw, 450px\" \/><\/figure>\n\n\n\n<figure class=\"wp-block-image size-large\"><img loading=\"lazy\" decoding=\"async\" width=\"450\" height=\"338\" data-id=\"16139\" src=\"https:\/\/www.kunstwerkstatt.at\/wp\/wp-content\/uploads\/2026\/01\/IMG_3323-450x338.jpeg\" alt=\"\" class=\"wp-image-16139\" srcset=\"https:\/\/www.kunstwerkstatt.at\/wp\/wp-content\/uploads\/2026\/01\/IMG_3323-450x338.jpeg 450w, https:\/\/www.kunstwerkstatt.at\/wp\/wp-content\/uploads\/2026\/01\/IMG_3323-300x225.jpeg 300w, https:\/\/www.kunstwerkstatt.at\/wp\/wp-content\/uploads\/2026\/01\/IMG_3323-768x576.jpeg 768w, https:\/\/www.kunstwerkstatt.at\/wp\/wp-content\/uploads\/2026\/01\/IMG_3323-1536x1152.jpeg 1536w, https:\/\/www.kunstwerkstatt.at\/wp\/wp-content\/uploads\/2026\/01\/IMG_3323-2048x1536.jpeg 2048w, https:\/\/www.kunstwerkstatt.at\/wp\/wp-content\/uploads\/2026\/01\/IMG_3323-1600x1200.jpeg 1600w\" sizes=\"auto, (max-width: 450px) 100vw, 450px\" \/><\/figure>\n\n\n\n<figure class=\"wp-block-image size-large\"><img loading=\"lazy\" decoding=\"async\" width=\"450\" height=\"600\" data-id=\"16133\" src=\"https:\/\/www.kunstwerkstatt.at\/wp\/wp-content\/uploads\/2026\/01\/IMG_3324-450x600.jpeg\" alt=\"\" class=\"wp-image-16133\" srcset=\"https:\/\/www.kunstwerkstatt.at\/wp\/wp-content\/uploads\/2026\/01\/IMG_3324-450x600.jpeg 450w, https:\/\/www.kunstwerkstatt.at\/wp\/wp-content\/uploads\/2026\/01\/IMG_3324-225x300.jpeg 225w, https:\/\/www.kunstwerkstatt.at\/wp\/wp-content\/uploads\/2026\/01\/IMG_3324-768x1024.jpeg 768w, https:\/\/www.kunstwerkstatt.at\/wp\/wp-content\/uploads\/2026\/01\/IMG_3324-1152x1536.jpeg 1152w, https:\/\/www.kunstwerkstatt.at\/wp\/wp-content\/uploads\/2026\/01\/IMG_3324-1536x2048.jpeg 1536w, https:\/\/www.kunstwerkstatt.at\/wp\/wp-content\/uploads\/2026\/01\/IMG_3324-1600x2133.jpeg 1600w, https:\/\/www.kunstwerkstatt.at\/wp\/wp-content\/uploads\/2026\/01\/IMG_3324-scaled.jpeg 1920w\" sizes=\"auto, (max-width: 450px) 100vw, 450px\" \/><\/figure>\n\n\n\n<figure class=\"wp-block-image size-large\"><img loading=\"lazy\" decoding=\"async\" width=\"450\" height=\"338\" data-id=\"16140\" src=\"https:\/\/www.kunstwerkstatt.at\/wp\/wp-content\/uploads\/2026\/01\/IMG_3332-450x338.jpeg\" alt=\"\" class=\"wp-image-16140\" srcset=\"https:\/\/www.kunstwerkstatt.at\/wp\/wp-content\/uploads\/2026\/01\/IMG_3332-450x338.jpeg 450w, https:\/\/www.kunstwerkstatt.at\/wp\/wp-content\/uploads\/2026\/01\/IMG_3332-300x225.jpeg 300w, https:\/\/www.kunstwerkstatt.at\/wp\/wp-content\/uploads\/2026\/01\/IMG_3332-768x576.jpeg 768w, https:\/\/www.kunstwerkstatt.at\/wp\/wp-content\/uploads\/2026\/01\/IMG_3332-1536x1152.jpeg 1536w, https:\/\/www.kunstwerkstatt.at\/wp\/wp-content\/uploads\/2026\/01\/IMG_3332-2048x1536.jpeg 2048w, https:\/\/www.kunstwerkstatt.at\/wp\/wp-content\/uploads\/2026\/01\/IMG_3332-1600x1200.jpeg 1600w\" sizes=\"auto, (max-width: 450px) 100vw, 450px\" \/><\/figure>\n\n\n\n<figure class=\"wp-block-image size-large\"><img loading=\"lazy\" decoding=\"async\" width=\"450\" height=\"338\" data-id=\"16134\" src=\"https:\/\/www.kunstwerkstatt.at\/wp\/wp-content\/uploads\/2026\/01\/IMG_3335-450x338.jpeg\" alt=\"\" class=\"wp-image-16134\" srcset=\"https:\/\/www.kunstwerkstatt.at\/wp\/wp-content\/uploads\/2026\/01\/IMG_3335-450x338.jpeg 450w, https:\/\/www.kunstwerkstatt.at\/wp\/wp-content\/uploads\/2026\/01\/IMG_3335-300x225.jpeg 300w, https:\/\/www.kunstwerkstatt.at\/wp\/wp-content\/uploads\/2026\/01\/IMG_3335-768x576.jpeg 768w, https:\/\/www.kunstwerkstatt.at\/wp\/wp-content\/uploads\/2026\/01\/IMG_3335-1536x1152.jpeg 1536w, https:\/\/www.kunstwerkstatt.at\/wp\/wp-content\/uploads\/2026\/01\/IMG_3335-2048x1536.jpeg 2048w, https:\/\/www.kunstwerkstatt.at\/wp\/wp-content\/uploads\/2026\/01\/IMG_3335-1600x1200.jpeg 1600w\" sizes=\"auto, (max-width: 450px) 100vw, 450px\" \/><\/figure>\n\n\n\n<figure class=\"wp-block-image size-large\"><img loading=\"lazy\" decoding=\"async\" width=\"450\" height=\"338\" data-id=\"16132\" src=\"https:\/\/www.kunstwerkstatt.at\/wp\/wp-content\/uploads\/2026\/01\/IMG_3336-450x338.jpeg\" alt=\"\" class=\"wp-image-16132\" srcset=\"https:\/\/www.kunstwerkstatt.at\/wp\/wp-content\/uploads\/2026\/01\/IMG_3336-450x338.jpeg 450w, https:\/\/www.kunstwerkstatt.at\/wp\/wp-content\/uploads\/2026\/01\/IMG_3336-300x225.jpeg 300w, https:\/\/www.kunstwerkstatt.at\/wp\/wp-content\/uploads\/2026\/01\/IMG_3336-768x576.jpeg 768w, https:\/\/www.kunstwerkstatt.at\/wp\/wp-content\/uploads\/2026\/01\/IMG_3336-1536x1152.jpeg 1536w, https:\/\/www.kunstwerkstatt.at\/wp\/wp-content\/uploads\/2026\/01\/IMG_3336-2048x1536.jpeg 2048w, https:\/\/www.kunstwerkstatt.at\/wp\/wp-content\/uploads\/2026\/01\/IMG_3336-1600x1200.jpeg 1600w\" sizes=\"auto, (max-width: 450px) 100vw, 450px\" \/><\/figure>\n\n\n\n<figure class=\"wp-block-image size-large\"><img loading=\"lazy\" decoding=\"async\" width=\"450\" height=\"338\" data-id=\"16138\" src=\"https:\/\/www.kunstwerkstatt.at\/wp\/wp-content\/uploads\/2026\/01\/IMG_3345-450x338.jpeg\" alt=\"\" class=\"wp-image-16138\" srcset=\"https:\/\/www.kunstwerkstatt.at\/wp\/wp-content\/uploads\/2026\/01\/IMG_3345-450x338.jpeg 450w, https:\/\/www.kunstwerkstatt.at\/wp\/wp-content\/uploads\/2026\/01\/IMG_3345-300x225.jpeg 300w, https:\/\/www.kunstwerkstatt.at\/wp\/wp-content\/uploads\/2026\/01\/IMG_3345-768x576.jpeg 768w, https:\/\/www.kunstwerkstatt.at\/wp\/wp-content\/uploads\/2026\/01\/IMG_3345-1536x1152.jpeg 1536w, https:\/\/www.kunstwerkstatt.at\/wp\/wp-content\/uploads\/2026\/01\/IMG_3345-2048x1536.jpeg 2048w, https:\/\/www.kunstwerkstatt.at\/wp\/wp-content\/uploads\/2026\/01\/IMG_3345-1600x1200.jpeg 1600w\" sizes=\"auto, (max-width: 450px) 100vw, 450px\" \/><\/figure>\n\n\n\n<figure class=\"wp-block-image size-large\"><img loading=\"lazy\" decoding=\"async\" width=\"450\" height=\"338\" data-id=\"16135\" src=\"https:\/\/www.kunstwerkstatt.at\/wp\/wp-content\/uploads\/2026\/01\/IMG_3338-450x338.jpeg\" alt=\"\" class=\"wp-image-16135\" srcset=\"https:\/\/www.kunstwerkstatt.at\/wp\/wp-content\/uploads\/2026\/01\/IMG_3338-450x338.jpeg 450w, https:\/\/www.kunstwerkstatt.at\/wp\/wp-content\/uploads\/2026\/01\/IMG_3338-300x225.jpeg 300w, https:\/\/www.kunstwerkstatt.at\/wp\/wp-content\/uploads\/2026\/01\/IMG_3338-768x576.jpeg 768w, https:\/\/www.kunstwerkstatt.at\/wp\/wp-content\/uploads\/2026\/01\/IMG_3338-1536x1152.jpeg 1536w, https:\/\/www.kunstwerkstatt.at\/wp\/wp-content\/uploads\/2026\/01\/IMG_3338-2048x1536.jpeg 2048w, https:\/\/www.kunstwerkstatt.at\/wp\/wp-content\/uploads\/2026\/01\/IMG_3338-1600x1200.jpeg 1600w\" sizes=\"auto, (max-width: 450px) 100vw, 450px\" \/><\/figure>\n\n\n\n<figure class=\"wp-block-image size-large\"><img loading=\"lazy\" decoding=\"async\" width=\"450\" height=\"338\" data-id=\"16152\" src=\"https:\/\/www.kunstwerkstatt.at\/wp\/wp-content\/uploads\/2026\/01\/IMG_20260213_195844_1-450x338.jpeg\" alt=\"\" class=\"wp-image-16152\" srcset=\"https:\/\/www.kunstwerkstatt.at\/wp\/wp-content\/uploads\/2026\/01\/IMG_20260213_195844_1-450x338.jpeg 450w, https:\/\/www.kunstwerkstatt.at\/wp\/wp-content\/uploads\/2026\/01\/IMG_20260213_195844_1-300x225.jpeg 300w, https:\/\/www.kunstwerkstatt.at\/wp\/wp-content\/uploads\/2026\/01\/IMG_20260213_195844_1-768x576.jpeg 768w, https:\/\/www.kunstwerkstatt.at\/wp\/wp-content\/uploads\/2026\/01\/IMG_20260213_195844_1.jpeg 1280w\" sizes=\"auto, (max-width: 450px) 100vw, 450px\" \/><\/figure>\n<\/figure>\n","protected":false},"excerpt":{"rendered":"<p>Vernissage: Freitag, 13. Februar 2026 &#8211; 19:00 UhrBegr\u00fc\u00dfung: Josef DorningerEr\u00f6ffnung: B\u00fcrgermeister Peter EisenschenkEinf\u00fchrung: Heide Breuer und Rainer FriedlMusik: Georg F.&hellip;<\/p>\n","protected":false},"author":2,"featured_media":16058,"comment_status":"closed","ping_status":"closed","sticky":false,"template":"","format":"standard","meta":{"ngg_post_thumbnail":0,"footnotes":""},"categories":[3,81,5],"tags":[],"class_list":["post-15999","post","type-post","status-publish","format-standard","has-post-thumbnail","hentry","category-ausstellung","category-bildende-kunst","category-fotos"],"_links":{"self":[{"href":"https:\/\/www.kunstwerkstatt.at\/wp\/index.php?rest_route=\/wp\/v2\/posts\/15999","targetHints":{"allow":["GET"]}}],"collection":[{"href":"https:\/\/www.kunstwerkstatt.at\/wp\/index.php?rest_route=\/wp\/v2\/posts"}],"about":[{"href":"https:\/\/www.kunstwerkstatt.at\/wp\/index.php?rest_route=\/wp\/v2\/types\/post"}],"author":[{"embeddable":true,"href":"https:\/\/www.kunstwerkstatt.at\/wp\/index.php?rest_route=\/wp\/v2\/users\/2"}],"replies":[{"embeddable":true,"href":"https:\/\/www.kunstwerkstatt.at\/wp\/index.php?rest_route=%2Fwp%2Fv2%2Fcomments&post=15999"}],"version-history":[{"count":9,"href":"https:\/\/www.kunstwerkstatt.at\/wp\/index.php?rest_route=\/wp\/v2\/posts\/15999\/revisions"}],"predecessor-version":[{"id":16155,"href":"https:\/\/www.kunstwerkstatt.at\/wp\/index.php?rest_route=\/wp\/v2\/posts\/15999\/revisions\/16155"}],"wp:featuredmedia":[{"embeddable":true,"href":"https:\/\/www.kunstwerkstatt.at\/wp\/index.php?rest_route=\/wp\/v2\/media\/16058"}],"wp:attachment":[{"href":"https:\/\/www.kunstwerkstatt.at\/wp\/index.php?rest_route=%2Fwp%2Fv2%2Fmedia&parent=15999"}],"wp:term":[{"taxonomy":"category","embeddable":true,"href":"https:\/\/www.kunstwerkstatt.at\/wp\/index.php?rest_route=%2Fwp%2Fv2%2Fcategories&post=15999"},{"taxonomy":"post_tag","embeddable":true,"href":"https:\/\/www.kunstwerkstatt.at\/wp\/index.php?rest_route=%2Fwp%2Fv2%2Ftags&post=15999"}],"curies":[{"name":"wp","href":"https:\/\/api.w.org\/{rel}","templated":true}]}}