{"id":16512,"date":"2001-02-08T15:38:00","date_gmt":"2001-02-08T14:38:00","guid":{"rendered":"https:\/\/www.kunstwerkstatt.at\/wp\/?p=16512"},"modified":"2026-08-03T14:32:56","modified_gmt":"2026-08-03T13:32:56","slug":"roland-paal","status":"publish","type":"post","link":"https:\/\/www.kunstwerkstatt.at\/wp\/?p=16512","title":{"rendered":"Roland Paal"},"content":{"rendered":"\n<p class=\"has-medium-font-size wp-block-paragraph\"><strong><strong>WIR:KWT 2026 mit.welten <br><\/strong><\/strong>\u201eWIR sind viele Welten unter ein und demselben Himmel\u201c<\/p>\n\n\n\n<p class=\"wp-block-paragraph\">&#8218;Fotomarathon&#8216;  <\/p>\n\n\n\n<figure class=\"wp-block-image size-large is-resized\"><img loading=\"lazy\" decoding=\"async\" width=\"450\" height=\"215\" src=\"https:\/\/www.kunstwerkstatt.at\/wp\/wp-content\/uploads\/2001\/02\/MosaikWIRfin-450x215.jpg\" alt=\"\" class=\"wp-image-16774\" style=\"width:802px;height:auto\" srcset=\"https:\/\/www.kunstwerkstatt.at\/wp\/wp-content\/uploads\/2001\/02\/MosaikWIRfin-450x215.jpg 450w, https:\/\/www.kunstwerkstatt.at\/wp\/wp-content\/uploads\/2001\/02\/MosaikWIRfin-300x143.jpg 300w, https:\/\/www.kunstwerkstatt.at\/wp\/wp-content\/uploads\/2001\/02\/MosaikWIRfin-768x366.jpg 768w, https:\/\/www.kunstwerkstatt.at\/wp\/wp-content\/uploads\/2001\/02\/MosaikWIRfin-1536x732.jpg 1536w, https:\/\/www.kunstwerkstatt.at\/wp\/wp-content\/uploads\/2001\/02\/MosaikWIRfin-2048x977.jpg 2048w, https:\/\/www.kunstwerkstatt.at\/wp\/wp-content\/uploads\/2001\/02\/MosaikWIRfin-1600x763.jpg 1600w\" sizes=\"auto, (max-width: 450px) 100vw, 450px\" \/><figcaption class=\"wp-element-caption\">Fotomarathon Roland Paal Foto \u00e0 A4 <\/figcaption><\/figure>\n\n\n\n<p class=\"wp-block-paragraph\">oben von links: Kulturelle Vielfalt, W\u00fcrstelstandromantik-Wien, Looking (doubtfully) around-Barcelona<br>unten von links: Vielfalt-Wien, Contrast-Budapest, Einzigartig-Bremen<\/p>\n\n\n\n<p class=\"wp-block-paragraph\">Bei meinen Reisen in \u00d6sterreich und Europa habe ich immer wieder bei Fotoveranstaltungen &#8211; meist als Fotomarathon bezeichnet &#8211; mitgemacht. Dabei handelt es sich um Wettbewerbe, bei denen die Teilnehmenden vorgegebene Themen in der genannten Reihenfolge und innerhalb einer bestimmten Zeit so kreativ wie m\u00f6glich umsetzen sollen. Sind auf den Fotos Personen abgebildet, m\u00fcssen diese zustimmen, dass die Bilder ver\u00f6ffentlicht und gegebenenfalls auch bei Ausstellungen gezeigt werden d\u00fcrfen. Dabei hat man immer wieder die Gelegenheit, mit Leuten in Kontakt zu treten und ich habe das Gl\u00fcck, auf ganz besondere Begegnungen mit ebensolchen Menschen zur\u00fcckblicken zu d\u00fcrfen. Hier nun eine kleine Auswahl dieser Aufnahmen aus den letzten 15 Jahren, deren Motive in allt\u00e4glichen Situationen die Mannigfaltigkeit des Lebens zeigen und die von allen entdeckt werden k\u00f6nnen, die ihre Augen und Herzen \u00f6ffnen. Die in schlichten Rahmen kachelf\u00f6rmig angeordneten Fotos sind auf hochwertigem Fotopapier gedruckt und k\u00f6nnen sowohl einzeln (\u20ac 50), als auch im Gesamten (\u20ac 250) erworben werden, nach R\u00fccksprache sind Ausarbeitungen in anderen Gr\u00f6\u00dfen m\u00f6glich.<\/p>\n\n\n\n<div class=\"wp-block-media-text is-stacked-on-mobile\"><figure class=\"wp-block-media-text__media\"><img loading=\"lazy\" decoding=\"async\" width=\"450\" height=\"599\" src=\"https:\/\/www.kunstwerkstatt.at\/wp\/wp-content\/uploads\/2001\/02\/RolandPaal-450x599.jpg\" alt=\"\" class=\"wp-image-16767 size-full\" srcset=\"https:\/\/www.kunstwerkstatt.at\/wp\/wp-content\/uploads\/2001\/02\/RolandPaal-450x599.jpg 450w, https:\/\/www.kunstwerkstatt.at\/wp\/wp-content\/uploads\/2001\/02\/RolandPaal-225x300.jpg 225w, https:\/\/www.kunstwerkstatt.at\/wp\/wp-content\/uploads\/2001\/02\/RolandPaal.jpg 751w\" sizes=\"auto, (max-width: 450px) 100vw, 450px\" \/><\/figure><div class=\"wp-block-media-text__content\">\n<p class=\"wp-block-paragraph\">Name: Roland Paal (62)<br>Beruf: IT-Betreuer f\u00fcr Apotheken<br><br>Ich fotografiere seit ziemlich genau 50 Jahren &#8211; zu meinem 12. Geburtstag hat mir n\u00e4mlich mein erblindender Gro\u00dfvater seine Zeiss Ikon Contina-matic III als Geschenk vermacht. Um damit umgehen zu k\u00f6nnen, war es damals notwendig, die zugrunde liegende Funktion genau verstehen zu lernen. Von Anfang an hatte ich mit meinen Bildern dann die meiste Freude, wenn es gelang, Besonderheiten an Dingen oder bestimmte Momente erkannt zu haben die im Prinzip jeder sehen kann. Das ist bis heute mein Motto und &#8211; neben tollen Gemeinschaftserlebnissen &#8211; mit ein Grund f\u00fcr meine Begeisterung, wenn ich bei Fotowettbewerben teilnehme. Derzeit bin ich beruflich sehr viel in \u00d6sterreich unterwegs, auch hier, nicht nur im Urlaub, habe ich immer meine mittlerweile modernere Kamera dabei. Es ist immer schwierig, sich selbst zu beschreiben, vielleicht bin ich eher der aufmerksame Reisende, als der reisende Fotograf.<\/p>\n<\/div><\/div>\n","protected":false},"excerpt":{"rendered":"<p>WIR:KWT 2026 mit.welten \u201eWIR sind viele Welten unter ein und demselben Himmel\u201c &#8218;Fotomarathon&#8216; oben von links: Kulturelle Vielfalt, W\u00fcrstelstandromantik-Wien, Looking&hellip;<\/p>\n","protected":false},"author":2,"featured_media":0,"comment_status":"closed","ping_status":"closed","sticky":false,"template":"","format":"standard","meta":{"ngg_post_thumbnail":0,"footnotes":""},"categories":[1],"tags":[],"class_list":["post-16512","post","type-post","status-publish","format-standard","hentry","category-uncategorized"],"_links":{"self":[{"href":"https:\/\/www.kunstwerkstatt.at\/wp\/index.php?rest_route=\/wp\/v2\/posts\/16512","targetHints":{"allow":["GET"]}}],"collection":[{"href":"https:\/\/www.kunstwerkstatt.at\/wp\/index.php?rest_route=\/wp\/v2\/posts"}],"about":[{"href":"https:\/\/www.kunstwerkstatt.at\/wp\/index.php?rest_route=\/wp\/v2\/types\/post"}],"author":[{"embeddable":true,"href":"https:\/\/www.kunstwerkstatt.at\/wp\/index.php?rest_route=\/wp\/v2\/users\/2"}],"replies":[{"embeddable":true,"href":"https:\/\/www.kunstwerkstatt.at\/wp\/index.php?rest_route=%2Fwp%2Fv2%2Fcomments&post=16512"}],"version-history":[{"count":10,"href":"https:\/\/www.kunstwerkstatt.at\/wp\/index.php?rest_route=\/wp\/v2\/posts\/16512\/revisions"}],"predecessor-version":[{"id":16803,"href":"https:\/\/www.kunstwerkstatt.at\/wp\/index.php?rest_route=\/wp\/v2\/posts\/16512\/revisions\/16803"}],"wp:attachment":[{"href":"https:\/\/www.kunstwerkstatt.at\/wp\/index.php?rest_route=%2Fwp%2Fv2%2Fmedia&parent=16512"}],"wp:term":[{"taxonomy":"category","embeddable":true,"href":"https:\/\/www.kunstwerkstatt.at\/wp\/index.php?rest_route=%2Fwp%2Fv2%2Fcategories&post=16512"},{"taxonomy":"post_tag","embeddable":true,"href":"https:\/\/www.kunstwerkstatt.at\/wp\/index.php?rest_route=%2Fwp%2Fv2%2Ftags&post=16512"}],"curies":[{"name":"wp","href":"https:\/\/api.w.org\/{rel}","templated":true}]}}