{"id":374,"date":"2009-02-01T23:25:39","date_gmt":"2009-02-01T22:25:39","guid":{"rendered":"http:\/\/www.kunstwerkstatt.at\/wp\/?p=374"},"modified":"2009-03-12T18:29:30","modified_gmt":"2009-03-12T17:29:30","slug":"dolores-schmidinger-best-of","status":"publish","type":"post","link":"https:\/\/www.kunstwerkstatt.at\/wp\/?p=374","title":{"rendered":"Dolores Schmidinger &#8211; Best of ABGESAGT!"},"content":{"rendered":"<p><img loading=\"lazy\" decoding=\"async\" class=\"alignnone size-full wp-image-449\" title=\"dolly-hp1\" src=\"https:\/\/www.kunstwerkstatt.at\/wp\/wp-content\/uploads\/2009\/02\/dolly-hp1.jpg\" alt=\"dolly-hp1\" width=\"450\" height=\"183\" srcset=\"https:\/\/www.kunstwerkstatt.at\/wp\/wp-content\/uploads\/2009\/02\/dolly-hp1.jpg 425w, https:\/\/www.kunstwerkstatt.at\/wp\/wp-content\/uploads\/2009\/02\/dolly-hp1-300x122.jpg 300w\" sizes=\"auto, (max-width: 450px) 100vw, 450px\" \/><\/p>\n<p class=\"MsoNormal\" style=\"margin: 0cm 0cm 0pt;\">\n<p>Grad hab ich\u00b4s erfahren!<\/p>\n<p>Schade, aber hoffentlich wird sie bald wieder gesund, die besten W\u00fcnsche hab ich \u00fcbermittelt. Als &#8222;Tausch&#8220; weil der Fr\u00fchling ist schon verplant, hab ich das Angebot, dass Frau Schmidinger die Vorpremiere ihres neuen Programms im Herbst bei uns macht. Das ist ein guter Vorschlag.<\/p>\n<p>Die Karten bitte einfach zur\u00fcckbringen wo sie sie gekauft haben. Wir k\u00f6nnen die Karten auch umtauschen f\u00fcr die Vorpremiere von Lukas Resetarits am 6. oder 7. M\u00e4rz. unter <a href=\"mailto:office@kunstwerkstatt.at\">office@kunstwerkstatt.at<\/a> oder 0681 104 21 991<\/span><\/p>\n<p>Ich danke f\u00fcr Ihr Verst\u00e4ndnis.<\/p>\n<p>Mit freundlichen Gr\u00fc\u00dfen<br \/>\nKatrin Werzinger<\/p>\n","protected":false},"excerpt":{"rendered":"<p>Grad hab ich\u00b4s erfahren! Schade, aber hoffentlich wird sie bald wieder gesund, die besten W\u00fcnsche hab ich \u00fcbermittelt. Als &#8222;Tausch&#8220;&hellip;<\/p>\n","protected":false},"author":4,"featured_media":0,"comment_status":"open","ping_status":"closed","sticky":false,"template":"","format":"standard","meta":{"ngg_post_thumbnail":0,"footnotes":""},"categories":[6,11],"tags":[],"class_list":["post-374","post","type-post","status-publish","format-standard","hentry","category-kabarett","category-news"],"_links":{"self":[{"href":"https:\/\/www.kunstwerkstatt.at\/wp\/index.php?rest_route=\/wp\/v2\/posts\/374","targetHints":{"allow":["GET"]}}],"collection":[{"href":"https:\/\/www.kunstwerkstatt.at\/wp\/index.php?rest_route=\/wp\/v2\/posts"}],"about":[{"href":"https:\/\/www.kunstwerkstatt.at\/wp\/index.php?rest_route=\/wp\/v2\/types\/post"}],"author":[{"embeddable":true,"href":"https:\/\/www.kunstwerkstatt.at\/wp\/index.php?rest_route=\/wp\/v2\/users\/4"}],"replies":[{"embeddable":true,"href":"https:\/\/www.kunstwerkstatt.at\/wp\/index.php?rest_route=%2Fwp%2Fv2%2Fcomments&post=374"}],"version-history":[{"count":24,"href":"https:\/\/www.kunstwerkstatt.at\/wp\/index.php?rest_route=\/wp\/v2\/posts\/374\/revisions"}],"predecessor-version":[{"id":691,"href":"https:\/\/www.kunstwerkstatt.at\/wp\/index.php?rest_route=\/wp\/v2\/posts\/374\/revisions\/691"}],"wp:attachment":[{"href":"https:\/\/www.kunstwerkstatt.at\/wp\/index.php?rest_route=%2Fwp%2Fv2%2Fmedia&parent=374"}],"wp:term":[{"taxonomy":"category","embeddable":true,"href":"https:\/\/www.kunstwerkstatt.at\/wp\/index.php?rest_route=%2Fwp%2Fv2%2Fcategories&post=374"},{"taxonomy":"post_tag","embeddable":true,"href":"https:\/\/www.kunstwerkstatt.at\/wp\/index.php?rest_route=%2Fwp%2Fv2%2Ftags&post=374"}],"curies":[{"name":"wp","href":"https:\/\/api.w.org\/{rel}","templated":true}]}}