{"id":4149,"date":"2011-12-24T20:18:44","date_gmt":"2011-12-24T19:18:44","guid":{"rendered":"http:\/\/www.kunstwerkstatt.at\/wp\/?p=4149"},"modified":"2013-04-04T23:35:24","modified_gmt":"2013-04-04T22:35:24","slug":"sa-23-03-reinhard-nowak-juchuu-30-jahre-nowak","status":"publish","type":"post","link":"https:\/\/www.kunstwerkstatt.at\/wp\/?p=4149","title":{"rendered":"23.03. &#8211; Kabarett &#8211;  JUCHUU! 30 Jahre NOWAK"},"content":{"rendered":"<p><a rel=\"attachment wp-att-4151\" href=\"https:\/\/www.kunstwerkstatt.at\/wp\/?attachment_id=4151\"><img loading=\"lazy\" decoding=\"async\" class=\"alignleft size-full wp-image-4151\" title=\"presse06_NOWAK_Juchuu-HP\" src=\"https:\/\/www.kunstwerkstatt.at\/wp\/wp-content\/uploads\/2012\/11\/presse06_NOWAK_Juchuu-HP.jpg\" alt=\"\" width=\"450\" height=\"150\" srcset=\"https:\/\/www.kunstwerkstatt.at\/wp\/wp-content\/uploads\/2012\/11\/presse06_NOWAK_Juchuu-HP.jpg 450w, https:\/\/www.kunstwerkstatt.at\/wp\/wp-content\/uploads\/2012\/11\/presse06_NOWAK_Juchuu-HP-300x100.jpg 300w\" sizes=\"auto, (max-width: 450px) 100vw, 450px\" \/><\/a><\/p>\n<p>E: VVK: 18 \u20ac, AK: 20 \u20ac, KWT-MG: 15 \u20ac, Karten bei Fahrschule Werzinger, Trafik am Hauptplatz, Kabarettshop Gute Unterhaltung<\/p>\n<p>Wer etwas in der Kabarett- oder Theaterszene auf sich h\u00e4lt, hat einen Preis, oder mehrere am Kaminsims stehen.<br \/>\nJetzt hat Nowak keinen Kaminsims, aber er h\u00e4tt&#8216; halt auch gerne einen Preis.<!--more--><\/p>\n<p>Und siehe da: er ist der diesj\u00e4hrige Preistr\u00e4ger des renommierten &#8222;Farkas\/Waldbrunn&#8220;- Preises.<\/p>\n<p>Und wie es sich bei so einer Preisverleihung geh\u00f6rt, muss allen gedankt werden, die die Verleihung nicht verhindern konnten.<\/p>\n<p>Also beginnt Nowak, die letzten 30 Jahre Revue passieren zu lassen. 30 Jahre, die ihn dorthin gef\u00fchrt haben, wo er jetzt steht. Auf der B\u00fchne. Mit einem Preis!<\/p>\n<p>Er erinnert sich, wie alles begann. An sein erstes Mal&#8230; k\u00fcnstlerisch nat\u00fcrlich. Gefolgt von seinen sagenumwobenen Auftritten in der Josefstadt. Denn noch heute fragen sich die Schauspielsch\u00fcler im ganzen Land: Welche Rolle hat der Nowak beim gro\u00dfen Theaterskandal gespielt? An diesem Abend erfahren wir es von ihm h\u00f6chst pers\u00f6nlich.<\/p>\n<p>Oder, als er mit dem legend\u00e4ren Helmut Qualtinger nicht nur die Bretter die die Welt bedeuten teilte, sondern auch das eine oder andere Glas Bier.<\/p>\n<p>Stimmt es, dass alle Schauspieler Groupies haben? Und wenn ja: was macht man mit denen? Nowak hat es erfahren und teilt sein Wissen schonungslos mit uns.<\/p>\n<p>Denn nichts ist schockierender f\u00fcr Zuseher, als aus berufenem Munde zu erfahren, wie es wirklich zugeht hinter den Kulissen, zwischen den Kost\u00fcmen, oder in der Theater-Kantine.<\/p>\n<p>Aber wie immer bei solchen Anl\u00e4ssen werden auch die intimsten Geheimnisse preisgegeben.<\/p>\n<p>Zum Beispiel: Wie merkt sich der Nowak so viel Text? Interessiert? Kommen Sie zur Preisverleihung.<\/p>\n<p>Oder wenn Sie schon immer wissen wollten, warum es keine Schauspieler, also keine guten, gibt, die gr\u00f6\u00dfer sind als 172 cm. Kommen Sie zur Preisverleihung. \u00dcbrigens Nowak ist 172cm. Merken Sie was?<\/p>\n<p>Andere schreiben Biografien. Nowak spielt und erz\u00e4hlt seine. Kein Auge bleibt trocken, keiner der unz\u00e4hligen Kollegen unerw\u00e4hnt und keine Facette seines kabarettistischen Schaffens unbeleuchtet.<\/p>\n<p>Denn erstmals werden der staunenden \u00d6ffentlichkeit auch denkw\u00fcrdige Ausschnitte aus seinen vergangenen Programmen gezeigt. Und nicht nur die Besten&#8230;<\/p>\n<p>An diesem Abend dankt Reinhard Nowak besonders&#8230; eigentlich eh allen! Vor allem Ihnen, wenn Sie erscheinen.<\/p>\n","protected":false},"excerpt":{"rendered":"<p>E: VVK: 18 \u20ac, AK: 20 \u20ac, KWT-MG: 15 \u20ac, Karten bei Fahrschule Werzinger, Trafik am Hauptplatz, Kabarettshop Gute Unterhaltung&hellip;<\/p>\n","protected":false},"author":2,"featured_media":0,"comment_status":"open","ping_status":"closed","sticky":false,"template":"","format":"standard","meta":{"ngg_post_thumbnail":0,"footnotes":""},"categories":[6],"tags":[],"class_list":["post-4149","post","type-post","status-publish","format-standard","hentry","category-kabarett"],"_links":{"self":[{"href":"https:\/\/www.kunstwerkstatt.at\/wp\/index.php?rest_route=\/wp\/v2\/posts\/4149","targetHints":{"allow":["GET"]}}],"collection":[{"href":"https:\/\/www.kunstwerkstatt.at\/wp\/index.php?rest_route=\/wp\/v2\/posts"}],"about":[{"href":"https:\/\/www.kunstwerkstatt.at\/wp\/index.php?rest_route=\/wp\/v2\/types\/post"}],"author":[{"embeddable":true,"href":"https:\/\/www.kunstwerkstatt.at\/wp\/index.php?rest_route=\/wp\/v2\/users\/2"}],"replies":[{"embeddable":true,"href":"https:\/\/www.kunstwerkstatt.at\/wp\/index.php?rest_route=%2Fwp%2Fv2%2Fcomments&post=4149"}],"version-history":[{"count":22,"href":"https:\/\/www.kunstwerkstatt.at\/wp\/index.php?rest_route=\/wp\/v2\/posts\/4149\/revisions"}],"predecessor-version":[{"id":4551,"href":"https:\/\/www.kunstwerkstatt.at\/wp\/index.php?rest_route=\/wp\/v2\/posts\/4149\/revisions\/4551"}],"wp:attachment":[{"href":"https:\/\/www.kunstwerkstatt.at\/wp\/index.php?rest_route=%2Fwp%2Fv2%2Fmedia&parent=4149"}],"wp:term":[{"taxonomy":"category","embeddable":true,"href":"https:\/\/www.kunstwerkstatt.at\/wp\/index.php?rest_route=%2Fwp%2Fv2%2Fcategories&post=4149"},{"taxonomy":"post_tag","embeddable":true,"href":"https:\/\/www.kunstwerkstatt.at\/wp\/index.php?rest_route=%2Fwp%2Fv2%2Ftags&post=4149"}],"curies":[{"name":"wp","href":"https:\/\/api.w.org\/{rel}","templated":true}]}}