{"id":4285,"date":"2011-12-31T23:18:29","date_gmt":"2011-12-31T22:18:29","guid":{"rendered":"http:\/\/www.kunstwerkstatt.at\/wp\/?p=4285"},"modified":"2013-05-28T21:18:06","modified_gmt":"2013-05-28T20:18:06","slug":"10-5-19h00-vernissage-k-u-sch","status":"publish","type":"post","link":"https:\/\/www.kunstwerkstatt.at\/wp\/?p=4285","title":{"rendered":"Ausstellung: K.U.SCH."},"content":{"rendered":"<p><a rel=\"attachment wp-att-4510\" href=\"https:\/\/www.kunstwerkstatt.at\/wp\/?attachment_id=4510\"><img loading=\"lazy\" decoding=\"async\" class=\"alignleft size-full wp-image-4510\" title=\"H\u00e4user_HP\" src=\"https:\/\/www.kunstwerkstatt.at\/wp\/wp-content\/uploads\/2012\/08\/H\u00e4user_HP1.jpg\" alt=\"\" width=\"450\" height=\"150\" srcset=\"https:\/\/www.kunstwerkstatt.at\/wp\/wp-content\/uploads\/2012\/08\/H\u00e4user_HP1.jpg 450w, https:\/\/www.kunstwerkstatt.at\/wp\/wp-content\/uploads\/2012\/08\/H\u00e4user_HP1-300x100.jpg 300w\" sizes=\"auto, (max-width: 450px) 100vw, 450px\" \/><\/a><\/p>\n<p>Vernissage: 10.5. 19h00<br \/>\nAusstellungsdauer: bis 26. Mai<br \/>\n\u00d6ffnungszeiten: Fr.- So. 14-18 Uhr<\/p>\n<p>K.U.SCH. = Renate Kr\u00e4tschmer Und J\u00f6rg SCHwarzenberger<br \/>\nBeide 1943 in Wien geboren, beide Absolventen der Hochschule f\u00fcr Angewandte Kunst in Wien.\u00a0 <!--more--><\/p>\n<p>1969 Beginn der Zusammenarbeit, seit 1972 als Kooperative K.U.SCH.<\/p>\n<p>Die k\u00fcnstlerische Entwicklung f\u00fchrt \u00fcber die Auseinandersetzung mit &#8222;Land-Art&#8220; und &#8222;Konzept-Kunst&#8220; zu einer Art universellen Kunst- und Lebensauffassung, der die Grenzen zwischen Kunst und Nichtkunst offen sind, und die sinnvoll zu einer Bem\u00fchung um alle m\u00f6glichen fachlichen Querverbindung f\u00fchrt, und ein Spektrum \u00f6ffnet, von der &#8222;Kunst als Spektakel&#8220; bis zur &#8222;Kunst als Forschung&#8220;.<\/p>\n<p>Das hei\u00dft also vor allem: Bau von Gegenst\u00e4nden (das Ding als Bauwerk), absurde Gegenst\u00e4nde, Gebrauchsgegenst\u00e4nde (M\u00f6bel, Kleidung), Raum-Konzepte, Rauminstallationen, Aktionen, Animationen, Performances, Musik, Filme, Collagen, Schriften zur Kulturfrage.<\/p>\n<p>Von 1966 bis 1971 entstanden eine Reihe von Arbeiten in der Landschaft (Gel\u00e4ndeinterventionen) : Makrigialos (Kreta), Stara Baska (Krk), Lindabrunn (N.\u00d6.), die von 1978 an mit Gartenprojekten ihre Fortsetzung finden. Auch zwei 1975 und 1978 realisierte Terrassen-Pl\u00e4tze (Schule &amp; Wohnpark) geh\u00f6ren in diese Reihe.<\/p>\n<p>1970 \tGr\u00fcndung der &#8222;Visuellen Werkstatt&#8220; Wien<\/p>\n<p>seit 1971 \tKontakte zur internationalen Mail-Art Bewegung, zu Fluxus und zu den &#8222;Neo-Dadaisten&#8220;.<\/p>\n<p>1974 \tRom-Stipendium (Weiterentwicklung der Form des experimentellen Dokumentarfilms).<\/p>\n<p>seit 1974 \tMitglieder der Wiener Secession<\/p>\n<p>1977 \tGr\u00fcndungsmitglied und Mitarbeiter der Zeitschrift &#8222;Falter&#8220;<\/p>\n<p>1977 \tGr\u00fcndung des &#8222;Zirkus der Kurpfuscher&#8220;, mit dem bis 1980 eine Reihe von Spontanaktionen und Animationen realisiert wurden.<\/p>\n<p>1983 \t\u00d6sterreichisches Staatsstipendium f\u00fcr bildende Kunst<\/p>\n<p>1987 \tEnsemble f\u00fcr das Foyer im Austria-Centre-Vienna<\/p>\n<p>1988 \tBeginn einer Reihe von Prozessionstheater-Projekten<\/p>\n<p>1991 \tB\u00fchnenbilder zu &#8222;Rost oder das Denken ist immer&#8220; von J\u00fcrg Laederach und &#8222;Der Duft der Frauen&#8220; von Johannes C. Hoflehner, beides &#8222;Ausstellungsraum 1020&#8220;, Wien<\/p>\n<p>1992 \tSkulpturales Bauwerk (in Zusammenarbeit mit Architekt Ernst Mrazek), Kindergarten Gerasdorf bei Wien.<\/p>\n<p>1993 \tB\u00fchnenbild zu &#8222;Rest&#8220; von Johannes C. Hoflehner, Theater des Augenblicks, Wien<\/p>\n<p>1995 \tGro\u00dfer Kunstpreis des Landes Nieder\u00f6sterreich<\/p>\n<p>1996 \tBeginn einer Reihe von Laufstegtheater-Projekten<\/p>\n<p>1998 \tMetallsymposium in Hiroshima, Japan<\/p>\n<p>2003 \t&#8222;Sound-Pot&#8220; Sound-Installation, Industriegebiet Festival, Kottingbrunn, N.\u00d6.<\/p>\n<p>&#8222;Interruppig banalosophische Dialoge&#8220; Performance, K\u00fcnstlerhaus, Wien<\/p>\n<p>2004 \tChina-Stipendium (Nanjing)<\/p>\n<p>2005 \t&#8222;Das Laufstegtheater von K.U.SCH.&#8220; Klangturm, St.P\u00f6lten, N.\u00d6.<\/p>\n<p><a rel=\"attachment wp-att-4515\" href=\"https:\/\/www.kunstwerkstatt.at\/wp\/?attachment_id=4515\"><img loading=\"lazy\" decoding=\"async\" class=\"alignleft size-full wp-image-4515\" title=\"scaled.bild_fuerTulln01_mock72\" src=\"https:\/\/www.kunstwerkstatt.at\/wp\/wp-content\/uploads\/2012\/08\/scaled.bild_fuerTulln01_mock72.jpg\" alt=\"\" width=\"450\" height=\"447\" srcset=\"https:\/\/www.kunstwerkstatt.at\/wp\/wp-content\/uploads\/2012\/08\/scaled.bild_fuerTulln01_mock72.jpg 450w, https:\/\/www.kunstwerkstatt.at\/wp\/wp-content\/uploads\/2012\/08\/scaled.bild_fuerTulln01_mock72-150x150.jpg 150w, https:\/\/www.kunstwerkstatt.at\/wp\/wp-content\/uploads\/2012\/08\/scaled.bild_fuerTulln01_mock72-300x298.jpg 300w\" sizes=\"auto, (max-width: 450px) 100vw, 450px\" \/><\/a><a rel=\"attachment wp-att-4518\" href=\"https:\/\/www.kunstwerkstatt.at\/wp\/?attachment_id=4518\"><img loading=\"lazy\" decoding=\"async\" class=\"alignleft size-full wp-image-4518\" title=\"Web\" src=\"https:\/\/www.kunstwerkstatt.at\/wp\/wp-content\/uploads\/2012\/08\/scaled.NUEVA-FORM_PRINT_ON_BACKLIT-FILM_90x90cm_20131.jpg\" alt=\"\" width=\"450\" height=\"450\" srcset=\"https:\/\/www.kunstwerkstatt.at\/wp\/wp-content\/uploads\/2012\/08\/scaled.NUEVA-FORM_PRINT_ON_BACKLIT-FILM_90x90cm_20131.jpg 450w, https:\/\/www.kunstwerkstatt.at\/wp\/wp-content\/uploads\/2012\/08\/scaled.NUEVA-FORM_PRINT_ON_BACKLIT-FILM_90x90cm_20131-150x150.jpg 150w, https:\/\/www.kunstwerkstatt.at\/wp\/wp-content\/uploads\/2012\/08\/scaled.NUEVA-FORM_PRINT_ON_BACKLIT-FILM_90x90cm_20131-300x300.jpg 300w\" sizes=\"auto, (max-width: 450px) 100vw, 450px\" \/><\/a><a rel=\"attachment wp-att-4519\" href=\"https:\/\/www.kunstwerkstatt.at\/wp\/?attachment_id=4519\"><img loading=\"lazy\" decoding=\"async\" class=\"alignleft size-full wp-image-4519\" title=\"scaled.\u00dcber die Schulterachse geworfen_2005\" src=\"https:\/\/www.kunstwerkstatt.at\/wp\/wp-content\/uploads\/2012\/08\/scaled.\u00dcber-die-Schulterachse-geworfen_20051.jpg\" alt=\"\" width=\"450\" height=\"600\" srcset=\"https:\/\/www.kunstwerkstatt.at\/wp\/wp-content\/uploads\/2012\/08\/scaled.\u00dcber-die-Schulterachse-geworfen_20051.jpg 450w, https:\/\/www.kunstwerkstatt.at\/wp\/wp-content\/uploads\/2012\/08\/scaled.\u00dcber-die-Schulterachse-geworfen_20051-225x300.jpg 225w\" sizes=\"auto, (max-width: 450px) 100vw, 450px\" \/><\/a><\/p>\n","protected":false},"excerpt":{"rendered":"<p>Vernissage: 10.5. 19h00 Ausstellungsdauer: bis 26. Mai \u00d6ffnungszeiten: Fr.- So. 14-18 Uhr K.U.SCH. = Renate Kr\u00e4tschmer Und J\u00f6rg SCHwarzenberger Beide&hellip;<\/p>\n","protected":false},"author":2,"featured_media":0,"comment_status":"open","ping_status":"closed","sticky":false,"template":"","format":"standard","meta":{"ngg_post_thumbnail":0,"footnotes":""},"categories":[3],"tags":[],"class_list":["post-4285","post","type-post","status-publish","format-standard","hentry","category-ausstellung"],"_links":{"self":[{"href":"https:\/\/www.kunstwerkstatt.at\/wp\/index.php?rest_route=\/wp\/v2\/posts\/4285","targetHints":{"allow":["GET"]}}],"collection":[{"href":"https:\/\/www.kunstwerkstatt.at\/wp\/index.php?rest_route=\/wp\/v2\/posts"}],"about":[{"href":"https:\/\/www.kunstwerkstatt.at\/wp\/index.php?rest_route=\/wp\/v2\/types\/post"}],"author":[{"embeddable":true,"href":"https:\/\/www.kunstwerkstatt.at\/wp\/index.php?rest_route=\/wp\/v2\/users\/2"}],"replies":[{"embeddable":true,"href":"https:\/\/www.kunstwerkstatt.at\/wp\/index.php?rest_route=%2Fwp%2Fv2%2Fcomments&post=4285"}],"version-history":[{"count":25,"href":"https:\/\/www.kunstwerkstatt.at\/wp\/index.php?rest_route=\/wp\/v2\/posts\/4285\/revisions"}],"predecessor-version":[{"id":4674,"href":"https:\/\/www.kunstwerkstatt.at\/wp\/index.php?rest_route=\/wp\/v2\/posts\/4285\/revisions\/4674"}],"wp:attachment":[{"href":"https:\/\/www.kunstwerkstatt.at\/wp\/index.php?rest_route=%2Fwp%2Fv2%2Fmedia&parent=4285"}],"wp:term":[{"taxonomy":"category","embeddable":true,"href":"https:\/\/www.kunstwerkstatt.at\/wp\/index.php?rest_route=%2Fwp%2Fv2%2Fcategories&post=4285"},{"taxonomy":"post_tag","embeddable":true,"href":"https:\/\/www.kunstwerkstatt.at\/wp\/index.php?rest_route=%2Fwp%2Fv2%2Ftags&post=4285"}],"curies":[{"name":"wp","href":"https:\/\/api.w.org\/{rel}","templated":true}]}}