{"id":4302,"date":"2012-01-03T23:37:54","date_gmt":"2012-01-03T22:37:54","guid":{"rendered":"http:\/\/www.kunstwerkstatt.at\/wp\/?p=4302"},"modified":"2013-07-13T08:52:59","modified_gmt":"2013-07-13T07:52:59","slug":"14-06-19h00-vernissage-cmelka-stamenov","status":"publish","type":"post","link":"https:\/\/www.kunstwerkstatt.at\/wp\/?p=4302","title":{"rendered":"Ausstellung \/\/ cmelka &#038; stamenov"},"content":{"rendered":"<p><a rel=\"attachment wp-att-4675\" href=\"https:\/\/www.kunstwerkstatt.at\/wp\/?attachment_id=4675\"><img loading=\"lazy\" decoding=\"async\" class=\"alignleft size-full wp-image-4675\" title=\"chmelka-stamenov-hp\" src=\"https:\/\/www.kunstwerkstatt.at\/wp\/wp-content\/uploads\/2012\/07\/chmelka-stamenov-hp.jpg\" alt=\"\" width=\"450\" height=\"150\" srcset=\"https:\/\/www.kunstwerkstatt.at\/wp\/wp-content\/uploads\/2012\/07\/chmelka-stamenov-hp.jpg 450w, https:\/\/www.kunstwerkstatt.at\/wp\/wp-content\/uploads\/2012\/07\/chmelka-stamenov-hp-300x100.jpg 300w\" sizes=\"auto, (max-width: 450px) 100vw, 450px\" \/><\/a><\/p>\n<p>Vernissage: 15. Juni 2013, 19h00<\/p>\n<p>Ausstellungsdauer: bis 30. Juni<br \/>\n\u00d6ffnungszeiten: Fr.- So. 14-18 Uhr<!--more--><\/p>\n<p><strong>Helga Cmelka<\/strong> ist Malerin und Grafikerin \u2013 1952 geboren in M\u00f6dling\/N\u00d6; lebt und arbeitet in Brunn a. Geb. und Wien;<br \/>\nseit 1990 Mitglied des Wiener K\u00fcnstlerhauses leitet seit 1994 mit Robert Svoboda den kunstraumarcade in M\u00f6dling, N\u00d6<\/p>\n<p>Ausstellungen zuletzt:  2009 \u201eDer Faden ist die Linie\u201c, K\u00fcnstlerInnen der Artothek 09, Artothek Krems\/Donau; \u201eflu\u00dfaufw\u00e4rts\u201c, Stadtgalerie Maltator, Gm\u00fcnd in K\u00e4rnten; 2010 \u201eBilder und Objekte\u201c, Alte Schmiede, Sch\u00f6nberg am Kamp; 2011 \u201efestgehalten\u201c, Galerie G, Judenburg; 2012 \u201egedanken \u2013 striche\u201c, Wiener K\u00fcnstlerhaus (mit Babsi Daum); \u201eZwischen Himmel und Erde&#8220;, Galerie Miklautz, Gm\u00fcnd in K\u00e4rnten; \u201eTr\u00e5den \u00e4r linjen\u201c, Galleri Lokomotiv \u00d6KKV \u00d6rnsk\u00f6ldsvik\/S;<\/p>\n<p>Beteiligungen u.a.: 2009 \u201eSTARK BEW\u00d6LKT\u201c \u2013 MUSA, Wien; \u201estrips.circles\u201c, ecoart\/ecoplus, Wien; \u201efrom A matrix\u201c, Stadtgalerie Ljubljana\/SLO; \u201eInternation Printwork 2010\u201c, Horst Janssen Museum\/Oldenburg\/D; 2011 \u201eVerzweigte Verbindungen\u201c,<\/p>\n<p>\u2013Galerie Prisma, Bozen\/I; \u201e\u00dcberschneidungen II\u201c, Galerie Walker, Schloss Ebenau\/K; \u201eTwo Worlds \u2013 Different Points o f Viewing\u201c, Bank Negara, Museum and Art Gallery, Kuala Lumpur, Malaysia<\/p>\n<p><strong>Marta Stamenov<\/strong><\/p>\n<p>Geb.1958 in Sofia, Bulgarien, lebt seit 1972 in \u00d6sterreich<br \/>\nStudium der Kunstgeschichte in Wien und Salzburg, Promotion 1984<br \/>\nWohnt und arbeitet in Pukersdorf  als Freischaffende K\u00fcnstlerin und Restauratorin.<\/p>\n<p>Marta Stamenov ist sich in ihren zumeist gro\u00dfformatigen Arbeiten wie auch Skulpturen stets treu geblieben: immer kreisen ihre Arbeiten um Fragen von Natur und Nat\u00fcrlichkeit, Kunst und K\u00fcnstlichkeit wiewohl auch Einfall versus Zufall. Die singul\u00e4ren Formationen von Steinen, das Schimmern des Sandes oder die Materialit\u00e4t von Erde bilden ihr sowohl das knapp bemessene \u201eMotivrepertoire\u201c als auch das kreativ eingesetztes Material f\u00fcr meditativ ausgerichtete Sch\u00f6pfungen, die sie assoziativ aufzuladen versteht. Ihre Arbeiten stehen zudem im permanenten Diskurs \u00fcber das Primat von Form und Inhalt \u2013 gem\u00e4\u00df auch der Maxime Max Liebermanns: Der malerische Gehalt eines Bildes ist umso gr\u00f6\u00dfer, je geringer das Interesse an seinem Gegenstande selbst ist.<\/p>\n","protected":false},"excerpt":{"rendered":"<p>Vernissage: 15. Juni 2013, 19h00 Ausstellungsdauer: bis 30. Juni \u00d6ffnungszeiten: Fr.- So. 14-18 Uhr<\/p>\n","protected":false},"author":2,"featured_media":0,"comment_status":"open","ping_status":"closed","sticky":false,"template":"","format":"standard","meta":{"ngg_post_thumbnail":0,"footnotes":""},"categories":[3],"tags":[],"class_list":["post-4302","post","type-post","status-publish","format-standard","hentry","category-ausstellung"],"_links":{"self":[{"href":"https:\/\/www.kunstwerkstatt.at\/wp\/index.php?rest_route=\/wp\/v2\/posts\/4302","targetHints":{"allow":["GET"]}}],"collection":[{"href":"https:\/\/www.kunstwerkstatt.at\/wp\/index.php?rest_route=\/wp\/v2\/posts"}],"about":[{"href":"https:\/\/www.kunstwerkstatt.at\/wp\/index.php?rest_route=\/wp\/v2\/types\/post"}],"author":[{"embeddable":true,"href":"https:\/\/www.kunstwerkstatt.at\/wp\/index.php?rest_route=\/wp\/v2\/users\/2"}],"replies":[{"embeddable":true,"href":"https:\/\/www.kunstwerkstatt.at\/wp\/index.php?rest_route=%2Fwp%2Fv2%2Fcomments&post=4302"}],"version-history":[{"count":30,"href":"https:\/\/www.kunstwerkstatt.at\/wp\/index.php?rest_route=\/wp\/v2\/posts\/4302\/revisions"}],"predecessor-version":[{"id":5196,"href":"https:\/\/www.kunstwerkstatt.at\/wp\/index.php?rest_route=\/wp\/v2\/posts\/4302\/revisions\/5196"}],"wp:attachment":[{"href":"https:\/\/www.kunstwerkstatt.at\/wp\/index.php?rest_route=%2Fwp%2Fv2%2Fmedia&parent=4302"}],"wp:term":[{"taxonomy":"category","embeddable":true,"href":"https:\/\/www.kunstwerkstatt.at\/wp\/index.php?rest_route=%2Fwp%2Fv2%2Fcategories&post=4302"},{"taxonomy":"post_tag","embeddable":true,"href":"https:\/\/www.kunstwerkstatt.at\/wp\/index.php?rest_route=%2Fwp%2Fv2%2Ftags&post=4302"}],"curies":[{"name":"wp","href":"https:\/\/api.w.org\/{rel}","templated":true}]}}