{"id":454,"date":"2009-03-10T13:15:54","date_gmt":"2009-03-10T12:15:54","guid":{"rendered":"http:\/\/www.kunstwerkstatt.at\/wp\/?p=454"},"modified":"2009-04-06T12:43:00","modified_gmt":"2009-04-06T11:43:00","slug":"gruen2g-spielt-clapton","status":"publish","type":"post","link":"https:\/\/www.kunstwerkstatt.at\/wp\/?p=454","title":{"rendered":"gruen2g spielt clapton!"},"content":{"rendered":"<p><img decoding=\"async\" class=\"alignnone size-full wp-image-455\" title=\"gruen2ghp\" src=\"https:\/\/www.kunstwerkstatt.at\/wp\/wp-content\/uploads\/2009\/02\/gruen2ghp.jpg\" alt=\"gruen2ghp\" width=\"450\" srcset=\"https:\/\/www.kunstwerkstatt.at\/wp\/wp-content\/uploads\/2009\/02\/gruen2ghp.jpg 510w, https:\/\/www.kunstwerkstatt.at\/wp\/wp-content\/uploads\/2009\/02\/gruen2ghp-300x116.jpg 300w\" sizes=\"(max-width: 510px) 100vw, 510px\" \/><\/p>\n<p><strong>Am Samstag 21. M\u00e4rz, 20 Uhr<\/strong><\/p>\n<p><strong>E: VVK: 12\u20ac, AK: 14\u20ac, KWT-MG: 8\u20ac<\/strong><\/p>\n<p>In den Achzigerjahren wurde er als Gitarrist der legend\u00e4ren Formation Ostbahnkurti &amp; die Chefpartie bekannt. Der vielseitige Wolfgang Gr\u00fcnzweig verwirklicht aber seit langem sein eigenes Musikprojekt. Seine Band gruen2g \u00fcberzeugt immer wieder mit immens eigenst\u00e4ndiger und spannender, \u00f6sterreichischer Musik, angesiedelt zwischen Pop und Rock vom Feinsten.<\/p>\n<p><!--more--><\/p>\n<p>In diesem Jahr noch soll die bislang f\u00fcnfte CD erscheinen. Davor hat sich die Band aber ein Projekt der Extraklasse vorgenommen. Seit Herbst 2008 gibt\u2019s gruen2g spielt clapton! Ganz in der Tradition gro\u00dfer Bands geht es um die musikalische Interpretation von Allzeit Klassikern der Poprock- und Bluesrockgeschichte. Die Latte liegt hoch \u2013 so soll es sein! Genau drin liegt der Reiz dieses Projekts f\u00fcr Band und Publikum!<\/p>\n<p>gruen2g spielt aktuell in folgender Besetzung: Wolfgang Gr\u00fcnzweig (Voc, Git), Uschi Hollauf (Voc), Karl Takats (Sax), Stephan W\u00fcrzl (Kb), Bertl Pistracher (Bass), Jakob Gr\u00fcnzweig (Drums).<\/p>\n<p>gruen2g spielt clapton! Ein Muss f\u00fcr Clapton-fans, eine Freude f\u00fcr gruen2g-fans!<\/p>\n","protected":false},"excerpt":{"rendered":"<p>Am Samstag 21. M\u00e4rz, 20 Uhr E: VVK: 12\u20ac, AK: 14\u20ac, KWT-MG: 8\u20ac In den Achzigerjahren wurde er als Gitarrist&hellip;<\/p>\n","protected":false},"author":2,"featured_media":0,"comment_status":"open","ping_status":"closed","sticky":false,"template":"","format":"standard","meta":{"ngg_post_thumbnail":0,"footnotes":""},"categories":[8,11],"tags":[],"class_list":["post-454","post","type-post","status-publish","format-standard","hentry","category-konzert","category-news"],"_links":{"self":[{"href":"https:\/\/www.kunstwerkstatt.at\/wp\/index.php?rest_route=\/wp\/v2\/posts\/454","targetHints":{"allow":["GET"]}}],"collection":[{"href":"https:\/\/www.kunstwerkstatt.at\/wp\/index.php?rest_route=\/wp\/v2\/posts"}],"about":[{"href":"https:\/\/www.kunstwerkstatt.at\/wp\/index.php?rest_route=\/wp\/v2\/types\/post"}],"author":[{"embeddable":true,"href":"https:\/\/www.kunstwerkstatt.at\/wp\/index.php?rest_route=\/wp\/v2\/users\/2"}],"replies":[{"embeddable":true,"href":"https:\/\/www.kunstwerkstatt.at\/wp\/index.php?rest_route=%2Fwp%2Fv2%2Fcomments&post=454"}],"version-history":[{"count":23,"href":"https:\/\/www.kunstwerkstatt.at\/wp\/index.php?rest_route=\/wp\/v2\/posts\/454\/revisions"}],"predecessor-version":[{"id":866,"href":"https:\/\/www.kunstwerkstatt.at\/wp\/index.php?rest_route=\/wp\/v2\/posts\/454\/revisions\/866"}],"wp:attachment":[{"href":"https:\/\/www.kunstwerkstatt.at\/wp\/index.php?rest_route=%2Fwp%2Fv2%2Fmedia&parent=454"}],"wp:term":[{"taxonomy":"category","embeddable":true,"href":"https:\/\/www.kunstwerkstatt.at\/wp\/index.php?rest_route=%2Fwp%2Fv2%2Fcategories&post=454"},{"taxonomy":"post_tag","embeddable":true,"href":"https:\/\/www.kunstwerkstatt.at\/wp\/index.php?rest_route=%2Fwp%2Fv2%2Ftags&post=454"}],"curies":[{"name":"wp","href":"https:\/\/api.w.org\/{rel}","templated":true}]}}