{"id":4656,"date":"2012-01-21T14:54:44","date_gmt":"2012-01-21T13:54:44","guid":{"rendered":"http:\/\/www.kunstwerkstatt.at\/wp\/?p=4656"},"modified":"2013-11-26T20:13:48","modified_gmt":"2013-11-26T19:13:48","slug":"fr-8-nov-19h00-vernissage-karin-binder","status":"publish","type":"post","link":"https:\/\/www.kunstwerkstatt.at\/wp\/?p=4656","title":{"rendered":"Ausstellung \/\/ Karin Binder &#8222;nat\u00fcrlich&#8220;"},"content":{"rendered":"<p><a href=\"https:\/\/www.kunstwerkstatt.at\/wp\/wp-content\/uploads\/2012\/07\/Verni-karinbinder-HP.jpg\"><img loading=\"lazy\" decoding=\"async\" class=\"alignleft size-full wp-image-5063\" alt=\"Verni-karinbinder-HP\" src=\"https:\/\/www.kunstwerkstatt.at\/wp\/wp-content\/uploads\/2012\/07\/Verni-karinbinder-HP.jpg\" width=\"450\" height=\"150\" srcset=\"https:\/\/www.kunstwerkstatt.at\/wp\/wp-content\/uploads\/2012\/07\/Verni-karinbinder-HP.jpg 450w, https:\/\/www.kunstwerkstatt.at\/wp\/wp-content\/uploads\/2012\/07\/Verni-karinbinder-HP-300x100.jpg 300w\" sizes=\"auto, (max-width: 450px) 100vw, 450px\" \/><\/a><br \/>\nVernissage:<br \/>\nFr. 8. November 19h00\u00a0 \/\/ Karin Binder -&#8222;nat\u00fcrlich&#8220; &#8211; Textil \/ Video<\/p>\n<p>Die K\u00fcnstlerin lebt und arbeitet in \u00d6sterreich, Wien, in den Bereichen Architektur, Film\/Video, Fotografie, Installationskunst, Objektkunst, Textilkunst.<\/p>\n<p>Ausstellungsdauer: bis 24. November<br \/>\n\u00d6ffnungszeiten: Fr.- So. 14-18 Uhr<!--more--><\/p>\n<p>Karin Binder, geboren 1957 in Leoben\/Steiermark, absolvierte die HTBLA Graz\/ textiles Gestalten. Studium an der Hochschule f\u00fcr k\u00fcnstlerische und industrielle Gestaltung, Linz\/ Meisterklasse Textil, Prof. F. Riedl, Diplom 1983.<\/p>\n<p>Auf langen Studienreisen, vor allem im asiatischen Raum, besch\u00e4ftigte sie sich mit Textilkunst. Sie ist freischaffend als Textilk\u00fcnstlerin und Objektk\u00fcnstlerin im Multimedia-Bereich, sowie Organisatorin von Kunst-Kulturprojekten sowie als Organisatorin von Kunstprojekten t\u00e4tig. Ein weiterer zentraler Besch\u00e4ftigungsbereich ist die Lehrt\u00e4tigkeit.<\/p>\n<p>Statement: Faser ist ein Organismus der Natur. In der Geschichte hatte Faser immer einen ganz besonderen Stellenwert. Sie diente zum Schutz gegen \u00e4u\u00dfere Einfl\u00fcsse der Natur in Form von Behausung, sp\u00e4ter als Schutz f\u00fcr den K\u00f6rper. Das war f\u00fcr meine Arbeit ein grundlegender Gedanke.<\/p>\n<p>&nbsp;<\/p>\n","protected":false},"excerpt":{"rendered":"<p>Vernissage: Fr. 8. November 19h00\u00a0 \/\/ Karin Binder -&#8222;nat\u00fcrlich&#8220; &#8211; Textil \/ Video Die K\u00fcnstlerin lebt und arbeitet in \u00d6sterreich,&hellip;<\/p>\n","protected":false},"author":2,"featured_media":0,"comment_status":"open","ping_status":"closed","sticky":false,"template":"","format":"standard","meta":{"ngg_post_thumbnail":0,"footnotes":""},"categories":[3],"tags":[],"class_list":["post-4656","post","type-post","status-publish","format-standard","hentry","category-ausstellung"],"_links":{"self":[{"href":"https:\/\/www.kunstwerkstatt.at\/wp\/index.php?rest_route=\/wp\/v2\/posts\/4656","targetHints":{"allow":["GET"]}}],"collection":[{"href":"https:\/\/www.kunstwerkstatt.at\/wp\/index.php?rest_route=\/wp\/v2\/posts"}],"about":[{"href":"https:\/\/www.kunstwerkstatt.at\/wp\/index.php?rest_route=\/wp\/v2\/types\/post"}],"author":[{"embeddable":true,"href":"https:\/\/www.kunstwerkstatt.at\/wp\/index.php?rest_route=\/wp\/v2\/users\/2"}],"replies":[{"embeddable":true,"href":"https:\/\/www.kunstwerkstatt.at\/wp\/index.php?rest_route=%2Fwp%2Fv2%2Fcomments&post=4656"}],"version-history":[{"count":11,"href":"https:\/\/www.kunstwerkstatt.at\/wp\/index.php?rest_route=\/wp\/v2\/posts\/4656\/revisions"}],"predecessor-version":[{"id":5069,"href":"https:\/\/www.kunstwerkstatt.at\/wp\/index.php?rest_route=\/wp\/v2\/posts\/4656\/revisions\/5069"}],"wp:attachment":[{"href":"https:\/\/www.kunstwerkstatt.at\/wp\/index.php?rest_route=%2Fwp%2Fv2%2Fmedia&parent=4656"}],"wp:term":[{"taxonomy":"category","embeddable":true,"href":"https:\/\/www.kunstwerkstatt.at\/wp\/index.php?rest_route=%2Fwp%2Fv2%2Fcategories&post=4656"},{"taxonomy":"post_tag","embeddable":true,"href":"https:\/\/www.kunstwerkstatt.at\/wp\/index.php?rest_route=%2Fwp%2Fv2%2Ftags&post=4656"}],"curies":[{"name":"wp","href":"https:\/\/api.w.org\/{rel}","templated":true}]}}