{"id":525,"date":"2009-03-10T10:31:19","date_gmt":"2009-03-10T09:31:19","guid":{"rendered":"http:\/\/www.kunstwerkstatt.at\/wp\/?p=525"},"modified":"2009-04-06T12:43:45","modified_gmt":"2009-04-06T11:43:45","slug":"tom-waits-auf-wienerisch","status":"publish","type":"post","link":"https:\/\/www.kunstwerkstatt.at\/wp\/?p=525","title":{"rendered":"Tom Waits auf Wienerisch"},"content":{"rendered":"<p><img decoding=\"async\" class=\"alignnone size-full wp-image-526\" title=\"hundregn-hp\" src=\"https:\/\/www.kunstwerkstatt.at\/wp\/wp-content\/uploads\/2009\/02\/hundregn-hp.jpg\" alt=\"hundregn-hp\" width=\"450\" srcset=\"https:\/\/www.kunstwerkstatt.at\/wp\/wp-content\/uploads\/2009\/02\/hundregn-hp.jpg 510w, https:\/\/www.kunstwerkstatt.at\/wp\/wp-content\/uploads\/2009\/02\/hundregn-hp-300x116.jpg 300w\" sizes=\"(max-width: 510px) 100vw, 510px\" \/><\/p>\n<p><strong>Wia d`Hund im Regen &#8211; Tom Waits auf Wienerisch<br \/>\nAm 14. M\u00e4rz, 20 Uhr<\/strong><\/p>\n<p>In Wien sind sie bereits mehr als ein Geheimtipp. Jetzt kommen sie als Tourbeginn bis es weiter rauf nach Deutschland geht auch wieder in die Kunstwerkstatt. Die Vorpremiere bietet sich an, vor allem weil ja zwei der Protagonisten hier Lokalmatadore sind! Wia&#8217;d Hund im Regen sind Andreas<br \/>\nBankhofer: Text, Stimme, Saxofon; Klaus S\u00fc\u00df: Orgel und Klavier; Georg<br \/>\nSeyr: Kontrabass und Gitarre; Daniel Klemmer: Schlagwerke aller Art wie L\u00f6ffel, Cajon, &#8230;<\/p>\n<p><!--more--><br \/>\nMinimalistisch und trunken von Gef\u00fchl bringen sie Tom Waits nach Wien &#8211; und zwar nicht einfach mit \u00dcbersetzungen, sondern mit intelligenten Nachdichtungen. Aus einem legend\u00e4ren Lokal am Holywood Boulevard (Heartattack and vine) wird da &#8222;De Kamara in Wean&#8220; und der Schokojesus (Chocolate Jesus) wird im Zuckergsch\u00e4ft am Spittlberg angebetet. H\u00f6rens- und sehenswert!<\/p>\n","protected":false},"excerpt":{"rendered":"<p>Wia d`Hund im Regen &#8211; Tom Waits auf Wienerisch Am 14. M\u00e4rz, 20 Uhr In Wien sind sie bereits mehr&hellip;<\/p>\n","protected":false},"author":2,"featured_media":0,"comment_status":"open","ping_status":"closed","sticky":false,"template":"","format":"standard","meta":{"ngg_post_thumbnail":0,"footnotes":""},"categories":[8,11],"tags":[],"class_list":["post-525","post","type-post","status-publish","format-standard","hentry","category-konzert","category-news"],"_links":{"self":[{"href":"https:\/\/www.kunstwerkstatt.at\/wp\/index.php?rest_route=\/wp\/v2\/posts\/525","targetHints":{"allow":["GET"]}}],"collection":[{"href":"https:\/\/www.kunstwerkstatt.at\/wp\/index.php?rest_route=\/wp\/v2\/posts"}],"about":[{"href":"https:\/\/www.kunstwerkstatt.at\/wp\/index.php?rest_route=\/wp\/v2\/types\/post"}],"author":[{"embeddable":true,"href":"https:\/\/www.kunstwerkstatt.at\/wp\/index.php?rest_route=\/wp\/v2\/users\/2"}],"replies":[{"embeddable":true,"href":"https:\/\/www.kunstwerkstatt.at\/wp\/index.php?rest_route=%2Fwp%2Fv2%2Fcomments&post=525"}],"version-history":[{"count":9,"href":"https:\/\/www.kunstwerkstatt.at\/wp\/index.php?rest_route=\/wp\/v2\/posts\/525\/revisions"}],"predecessor-version":[{"id":867,"href":"https:\/\/www.kunstwerkstatt.at\/wp\/index.php?rest_route=\/wp\/v2\/posts\/525\/revisions\/867"}],"wp:attachment":[{"href":"https:\/\/www.kunstwerkstatt.at\/wp\/index.php?rest_route=%2Fwp%2Fv2%2Fmedia&parent=525"}],"wp:term":[{"taxonomy":"category","embeddable":true,"href":"https:\/\/www.kunstwerkstatt.at\/wp\/index.php?rest_route=%2Fwp%2Fv2%2Fcategories&post=525"},{"taxonomy":"post_tag","embeddable":true,"href":"https:\/\/www.kunstwerkstatt.at\/wp\/index.php?rest_route=%2Fwp%2Fv2%2Ftags&post=525"}],"curies":[{"name":"wp","href":"https:\/\/api.w.org\/{rel}","templated":true}]}}