{"id":5438,"date":"2012-03-04T00:03:47","date_gmt":"2012-03-03T23:03:47","guid":{"rendered":"http:\/\/www.kunstwerkstatt.at\/wp\/?p=5438"},"modified":"2014-12-18T22:12:34","modified_gmt":"2014-12-18T21:12:34","slug":"artvent-2014","status":"publish","type":"post","link":"https:\/\/www.kunstwerkstatt.at\/wp\/?p=5438","title":{"rendered":"neu neu neu &#8211; ARTvent 2014  \/\/ 5.-14. dez \/ fr-so: 14-19h00"},"content":{"rendered":"<p><a href=\"https:\/\/www.kunstwerkstatt.at\/wp\/wp-content\/uploads\/2014\/07\/ARTvent2014-3HP.jpg\"><img loading=\"lazy\" decoding=\"async\" class=\"alignleft size-full wp-image-5666\" src=\"https:\/\/www.kunstwerkstatt.at\/wp\/wp-content\/uploads\/2014\/07\/ARTvent2014-3HP.jpg\" alt=\"ARTvent2014-3HP\" width=\"450\" height=\"150\" srcset=\"https:\/\/www.kunstwerkstatt.at\/wp\/wp-content\/uploads\/2014\/07\/ARTvent2014-3HP.jpg 450w, https:\/\/www.kunstwerkstatt.at\/wp\/wp-content\/uploads\/2014\/07\/ARTvent2014-3HP-300x100.jpg 300w\" sizes=\"auto, (max-width: 450px) 100vw, 450px\" \/><\/a>nur zwei Wochenenden<br \/>\n<strong>Zugang \u00fcber die Donaul\u00e4nde beim Donaubrunnen<\/strong><br \/>\nAlle Jahre wieder stellen die K\u00fcnstlerinnen und K\u00fcnstler der Kunstwerkstatt Tulln ihre Arbeiten aus und bieten die M\u00f6glichkeit\u00a0 etwas Originelles als Weihnachtsgeschenk zu finden \u2013 oder sich selbst zu beschenken. Manche K\u00fcnstlerin und mancher K\u00fcnstler l\u00e4sst sich beim Arbeiten \u00fcber die Schulter schauen. <!--more--><\/p>\n<p><a href=\"https:\/\/www.kunstwerkstatt.at\/wp\/wp-content\/uploads\/2014\/07\/ARTvent2014-1FB.jpg\"><img loading=\"lazy\" decoding=\"async\" class=\"alignleft size-large wp-image-5667\" src=\"https:\/\/www.kunstwerkstatt.at\/wp\/wp-content\/uploads\/2014\/07\/ARTvent2014-1FB-450x150.jpg\" alt=\"ARTvent2014-1FB\" width=\"450\" height=\"150\" srcset=\"https:\/\/www.kunstwerkstatt.at\/wp\/wp-content\/uploads\/2014\/07\/ARTvent2014-1FB-450x150.jpg 450w, https:\/\/www.kunstwerkstatt.at\/wp\/wp-content\/uploads\/2014\/07\/ARTvent2014-1FB-300x100.jpg 300w\" sizes=\"auto, (max-width: 450px) 100vw, 450px\" \/><\/a><\/p>\n<p>Dieses Jahr kann man die Glasperlenentstehung verfolgen und Franz bringt ab 12.-14. Dezember seine Druckerpresse mit.<br \/>\nam <strong>Sonntag den 14. Dezember<\/strong> (etwa ab 16:30)<strong> besuchen uns &#8222;Evas Jazzgirls&#8220;<\/strong> und stimmen uns stimmlich auf Weihnachten ein.<br \/>\nund au\u00dferdem&#8230;. f\u00fcrs leibliche Wohl! &#8230;. gibt es norwegischen Gl\u00f6gg, s\u00fc\u00dfe Waffeln und mehr.<br \/>\n<strong>Zugang \u00fcber die Donaul\u00e4nde beim Donaubrunnen<\/strong><br \/>\nunsere Aussteller:<br \/>\nKarin Binder &#8211; Naturcollagen<br \/>\nCornelia Caufmann \u2013 ink calligraphy und mehr<br \/>\nJulie Kreuzspiegl &#8211; Acrylbilder<br \/>\nGert Linke \u2013 Stempeldrucke und Grafiken<br \/>\nSzilvia Ortlieb &#8211; Objekte &#8211; naked Raku, &#8222;tubes&#8220;<br \/>\nSusanne Tuulikki Riecker &#8211; textile Unikate<br \/>\nRagnhild R\u00f8d \u2013 kleine Collagen, Krippensituationen<br \/>\nFranz Seitl \u2013 Druckgrafik<br \/>\nEva Tiefenbacher \u2013 alles Glas<br \/>\nKatrin Werzinger \u2013 Rakuengel, Dosen und T\u00e4nzerinnen<br \/>\nGerlinde Zickler &#8211; Bildermix<br \/>\n&#8222;Mittwochsgesellschaft&#8220; und Norbert Kienbeck alias &#8222;Glatzi&#8220; &#8211; lass&#8216; ma uns \u00fcberraschen&#8230;.<\/p>\n<p>und nat\u00fcrlich gibts auch wieder: B\u00fccher der Tullner Schriftsteller<\/p>\n<p>&nbsp;<\/p>\n","protected":false},"excerpt":{"rendered":"<p>nur zwei Wochenenden Zugang \u00fcber die Donaul\u00e4nde beim Donaubrunnen Alle Jahre wieder stellen die K\u00fcnstlerinnen und K\u00fcnstler der Kunstwerkstatt Tulln&hellip;<\/p>\n","protected":false},"author":2,"featured_media":0,"comment_status":"open","ping_status":"closed","sticky":false,"template":"","format":"standard","meta":{"ngg_post_thumbnail":0,"footnotes":""},"categories":[3,12],"tags":[41,40,37,26,35,42,38,36,39],"class_list":["post-5438","post","type-post","status-publish","format-standard","hentry","category-ausstellung","category-performances","tag-acryl","tag-grafik","tag-keramik","tag-kunst","tag-kunsthandwerk","tag-polyclay","tag-porzellan","tag-raku","tag-textil"],"_links":{"self":[{"href":"https:\/\/www.kunstwerkstatt.at\/wp\/index.php?rest_route=\/wp\/v2\/posts\/5438","targetHints":{"allow":["GET"]}}],"collection":[{"href":"https:\/\/www.kunstwerkstatt.at\/wp\/index.php?rest_route=\/wp\/v2\/posts"}],"about":[{"href":"https:\/\/www.kunstwerkstatt.at\/wp\/index.php?rest_route=\/wp\/v2\/types\/post"}],"author":[{"embeddable":true,"href":"https:\/\/www.kunstwerkstatt.at\/wp\/index.php?rest_route=\/wp\/v2\/users\/2"}],"replies":[{"embeddable":true,"href":"https:\/\/www.kunstwerkstatt.at\/wp\/index.php?rest_route=%2Fwp%2Fv2%2Fcomments&post=5438"}],"version-history":[{"count":13,"href":"https:\/\/www.kunstwerkstatt.at\/wp\/index.php?rest_route=\/wp\/v2\/posts\/5438\/revisions"}],"predecessor-version":[{"id":5668,"href":"https:\/\/www.kunstwerkstatt.at\/wp\/index.php?rest_route=\/wp\/v2\/posts\/5438\/revisions\/5668"}],"wp:attachment":[{"href":"https:\/\/www.kunstwerkstatt.at\/wp\/index.php?rest_route=%2Fwp%2Fv2%2Fmedia&parent=5438"}],"wp:term":[{"taxonomy":"category","embeddable":true,"href":"https:\/\/www.kunstwerkstatt.at\/wp\/index.php?rest_route=%2Fwp%2Fv2%2Fcategories&post=5438"},{"taxonomy":"post_tag","embeddable":true,"href":"https:\/\/www.kunstwerkstatt.at\/wp\/index.php?rest_route=%2Fwp%2Fv2%2Ftags&post=5438"}],"curies":[{"name":"wp","href":"https:\/\/api.w.org\/{rel}","templated":true}]}}