{"id":5612,"date":"2012-03-11T22:07:35","date_gmt":"2012-03-11T21:07:35","guid":{"rendered":"http:\/\/www.kunstwerkstatt.at\/wp\/?p=5612"},"modified":"2015-03-11T20:28:30","modified_gmt":"2015-03-11T19:28:30","slug":"sa-28-februar-und-so-1-maerz-kabarett-vorpremiere-lukas-resetarits-schmaeh","status":"publish","type":"post","link":"https:\/\/www.kunstwerkstatt.at\/wp\/?p=5612","title":{"rendered":"sa 28. februar+so 1. m\u00e4rz | kabarett-vorpremiere lukas resetarits &#8211; &#8222;SCHM\u00c4H&#8220;"},"content":{"rendered":"<p><a href=\"https:\/\/www.kunstwerkstatt.at\/wp\/wp-content\/uploads\/2014\/07\/HPkl-Lukas-Schma\u0308h.jpg\"><img loading=\"lazy\" decoding=\"async\" class=\"alignleft size-full wp-image-5627\" src=\"https:\/\/www.kunstwerkstatt.at\/wp\/wp-content\/uploads\/2014\/07\/HPkl-Lukas-Schma\u0308h.jpg\" alt=\"HPkl Lukas-Schma\u0308h\" width=\"450\" height=\"150\" srcset=\"https:\/\/www.kunstwerkstatt.at\/wp\/wp-content\/uploads\/2014\/07\/HPkl-Lukas-Schma\u0308h.jpg 450w, https:\/\/www.kunstwerkstatt.at\/wp\/wp-content\/uploads\/2014\/07\/HPkl-Lukas-Schma\u0308h-300x100.jpg 300w\" sizes=\"auto, (max-width: 450px) 100vw, 450px\" \/><\/a>VVK 20, AK: 23, KWT MG: 18<\/p>\n<p><a href=\"http:\/\/www.knowme.at\/htms_neu\/reset\/reset_t.htm\">weitere Termine<\/a><\/p>\n<p>Eigenartiger Titel, seltsames Wort. L\u00e4sst sich in manchen Zeichens\u00e4tzen nur mit ae schreiben..<\/p>\n<p>Wo kommt es her? Von mittelhochdeutsch smaehe? <!--more-->Wurde es aus dem Jiddischen schem\u00e1 abgeleitet, oder stammt es aus dem Rotwelsch? Alle drei Denkvarianten finden sich im Wienerischen wieder.<\/p>\n<p>Was ist der Schm\u00e4h? Den Wiener Schm\u00e4h als mehr oder weniger charmante Hinterfotzigkeit zu bezeichnen w\u00e4re zu einfach. Die Doppelb\u00f6digkeit im Dialog und in der Interaktion macht ihn erst aus.<\/p>\n<p>In seinem 25. Programm befasst sich Lukas Resetarits mit den vielf\u00e4ltigen Bedeutungen und Ausformungen des Ph\u00e4nomens.<br \/>\nSchm\u00e4h als Betrug: Wer packt uns mit dem Schm\u00e4h?<br \/>\nWerbung , Marketing und Politik (= Werbung und Marketing)?<br \/>\nDie Medien von Print bis Online? Vom tiefsten Gratis-Boulevard bis zur diffamierenden Website werden dubioseste G\u2019schichteln \u2019druckt, deren Wahrheitsgehalt gegen Null geht und die, abgesehen von den enthaltenen Schm\u00e4hungen, weitestgehend schm\u00e4hfrei sind.<\/p>\n<p>Der Protagonist sieht im Schm\u00e4h eine Sprach &#8211; und Denkhaltung, eine Lebensphilosophie und Weltsicht.<br \/>\nGeschichten spannend zu erz\u00e4hlen, das Schm\u00e4hf\u00fchren, also das Abhandeln von Inhalten bis zum Absurden ist nach wie vor eine der St\u00e4rken des \u201eAlten\u201c.<br \/>\nDas Lachen \u00fcber sich selbst (und dann \u00fcber die anderen) geh\u00f6rt untrennbar dazu.<br \/>\nUnd das wird nicht zu kurz kommen.<br \/>\nVersprochen!<br \/>\nOhne Schm\u00e4h!!<\/p>\n","protected":false},"excerpt":{"rendered":"<p>VVK 20, AK: 23, KWT MG: 18 weitere Termine Eigenartiger Titel, seltsames Wort. L\u00e4sst sich in manchen Zeichens\u00e4tzen nur mit&hellip;<\/p>\n","protected":false},"author":2,"featured_media":0,"comment_status":"closed","ping_status":"closed","sticky":false,"template":"","format":"standard","meta":{"ngg_post_thumbnail":0,"footnotes":""},"categories":[6,13],"tags":[],"class_list":["post-5612","post","type-post","status-publish","format-standard","hentry","category-kabarett","category-theater"],"_links":{"self":[{"href":"https:\/\/www.kunstwerkstatt.at\/wp\/index.php?rest_route=\/wp\/v2\/posts\/5612","targetHints":{"allow":["GET"]}}],"collection":[{"href":"https:\/\/www.kunstwerkstatt.at\/wp\/index.php?rest_route=\/wp\/v2\/posts"}],"about":[{"href":"https:\/\/www.kunstwerkstatt.at\/wp\/index.php?rest_route=\/wp\/v2\/types\/post"}],"author":[{"embeddable":true,"href":"https:\/\/www.kunstwerkstatt.at\/wp\/index.php?rest_route=\/wp\/v2\/users\/2"}],"replies":[{"embeddable":true,"href":"https:\/\/www.kunstwerkstatt.at\/wp\/index.php?rest_route=%2Fwp%2Fv2%2Fcomments&post=5612"}],"version-history":[{"count":12,"href":"https:\/\/www.kunstwerkstatt.at\/wp\/index.php?rest_route=\/wp\/v2\/posts\/5612\/revisions"}],"predecessor-version":[{"id":5759,"href":"https:\/\/www.kunstwerkstatt.at\/wp\/index.php?rest_route=\/wp\/v2\/posts\/5612\/revisions\/5759"}],"wp:attachment":[{"href":"https:\/\/www.kunstwerkstatt.at\/wp\/index.php?rest_route=%2Fwp%2Fv2%2Fmedia&parent=5612"}],"wp:term":[{"taxonomy":"category","embeddable":true,"href":"https:\/\/www.kunstwerkstatt.at\/wp\/index.php?rest_route=%2Fwp%2Fv2%2Fcategories&post=5612"},{"taxonomy":"post_tag","embeddable":true,"href":"https:\/\/www.kunstwerkstatt.at\/wp\/index.php?rest_route=%2Fwp%2Fv2%2Ftags&post=5612"}],"curies":[{"name":"wp","href":"https:\/\/api.w.org\/{rel}","templated":true}]}}