{"id":5694,"date":"2012-03-12T11:00:38","date_gmt":"2012-03-12T10:00:38","guid":{"rendered":"http:\/\/www.kunstwerkstatt.at\/wp\/?p=5694"},"modified":"2015-03-31T14:47:51","modified_gmt":"2015-03-31T13:47:51","slug":"fr-6-maerz-19h00-vernissage-richard-kuenz","status":"publish","type":"post","link":"https:\/\/www.kunstwerkstatt.at\/wp\/?p=5694","title":{"rendered":"ausstellung &#8211; richard g. k\u00fcnz"},"content":{"rendered":"<p><a href=\"https:\/\/www.kunstwerkstatt.at\/wp\/wp-content\/uploads\/2015\/01\/Studio-HPkl.jpg\"><img loading=\"lazy\" decoding=\"async\" class=\"alignleft size-full wp-image-5695\" src=\"https:\/\/www.kunstwerkstatt.at\/wp\/wp-content\/uploads\/2015\/01\/Studio-HPkl.jpg\" alt=\"R K\u00fcnz\" width=\"450\" height=\"150\" srcset=\"https:\/\/www.kunstwerkstatt.at\/wp\/wp-content\/uploads\/2015\/01\/Studio-HPkl.jpg 450w, https:\/\/www.kunstwerkstatt.at\/wp\/wp-content\/uploads\/2015\/01\/Studio-HPkl-300x100.jpg 300w\" sizes=\"auto, (max-width: 450px) 100vw, 450px\" \/><\/a>Vernissage: 6. m\u00e4rz 19h00<br \/>\nAusstellungsdauer: so 22. m\u00e4rz<br \/>\n\u00d6ffnungszeiten: fr-so 14-18h00<br \/>\n<!--more--><\/p>\n<p>Richard G. K\u00fcnz<br \/>\nGeb. 1945 in Wien.<\/p>\n<p>Nach der Matura Studium der Architektur an der TU Wien, einige Jahre freier Mitarbeiter in Architekturb\u00fcros, seit 1978 als bildender K\u00fcnstler t\u00e4tig.<br \/>\nSeit 1994 Mitglied im KHaus Wien.<\/p>\n<p>Organisator von Ausstellungen und Kunstprojekten \u2013 z.B.<\/p>\n<p>GEFUNDEN \u2013 Galerie Schloss Ottenstein, 1988.<br \/>\nDas Thema war Kunst und Arch\u00e4ologie, die Bandbreite der Beitr\u00e4ge war gro\u00df, auch mit Werken aus der Sammlung Ludwig.<\/p>\n<p>LAND ART Lilienfeld, 2006<br \/>\nLand Art Symposium im Stiftspark von Lilienfeld. Teilnehmende K\u00fcnsterInnen aus S\u00fcdkorea, Frankreich, Italien, Schweiz und \u00d6sterreich.<\/p>\n<p>Einige Jahre als Autor f\u00fcr die N\u00d6 Kulturberichte t\u00e4tig. Die Themen waren meist der Architektur gewidmet, mit dem ehrlichen Bem\u00fchen darum den vielfach realisierten Baukisch konstruktiv kritisch zu hinterfragen.<\/p>\n<p>1991 Gr\u00fcndung des Vereines FUNDAMENTUM in meiner Wohngemeinde. Auch hier lag der<br \/>\nSchwerpunkt der Bem\u00fchungen darin ein anderes Gestaltungs- und Empfindungsbewu\u00dftsein zu vermitteln.<\/p>\n<p>Zur\u00fcck zur Kunst \u2013 mit ausf\u00fchrlichen Beschreibungen will ich mich zur\u00fcckhalten, die Ausstellung wird einiges zeigen. Die Bandbreite meines Schaffens ist gro\u00df, es hat sich so ergeben und es ist gut so.<\/p>\n<p>Als Vorinformation eine Auflistung der Arbeitsbereiche:<\/p>\n<p>Zeichnung<br \/>\nObjektkunst<br \/>\nRost- und Restobjekte<br \/>\nGro\u00dfe Holzskulpturen<br \/>\nRauminstallationen<br \/>\nPlatzgestaltungen<br \/>\nKunst im \u00f6ffentlichen Raum<br \/>\nLand \u2013 Art, Teilnahme an Projekten in Frankreich und Italien \u2013 Arte Sella<br \/>\nVergrabungsaktionen, z.B. vor dem Heidentor in Carnuntum<\/p>\n<p><a href=\"https:\/\/www.kunstwerkstatt.at\/wp\/wp-content\/uploads\/2014\/06\/scaled.wachtb.-4.jpg\"><img loading=\"lazy\" decoding=\"async\" class=\"alignleft size-full wp-image-5699\" src=\"https:\/\/www.kunstwerkstatt.at\/wp\/wp-content\/uploads\/2014\/06\/scaled.wachtb.-4.jpg\" alt=\"scaled.wachtb. 4\" width=\"449\" height=\"678\" srcset=\"https:\/\/www.kunstwerkstatt.at\/wp\/wp-content\/uploads\/2014\/06\/scaled.wachtb.-4.jpg 449w, https:\/\/www.kunstwerkstatt.at\/wp\/wp-content\/uploads\/2014\/06\/scaled.wachtb.-4-198x300.jpg 198w\" sizes=\"auto, (max-width: 449px) 100vw, 449px\" \/><\/a><a href=\"https:\/\/www.kunstwerkstatt.at\/wp\/wp-content\/uploads\/2014\/06\/scaled.KH-feuerplatz-4.jpg\"><img loading=\"lazy\" decoding=\"async\" class=\"alignleft size-full wp-image-5700\" src=\"https:\/\/www.kunstwerkstatt.at\/wp\/wp-content\/uploads\/2014\/06\/scaled.KH-feuerplatz-4.jpg\" alt=\"scaled.KH feuerplatz 4\" width=\"450\" height=\"600\" srcset=\"https:\/\/www.kunstwerkstatt.at\/wp\/wp-content\/uploads\/2014\/06\/scaled.KH-feuerplatz-4.jpg 450w, https:\/\/www.kunstwerkstatt.at\/wp\/wp-content\/uploads\/2014\/06\/scaled.KH-feuerplatz-4-225x300.jpg 225w\" sizes=\"auto, (max-width: 450px) 100vw, 450px\" \/><\/a><a href=\"https:\/\/www.kunstwerkstatt.at\/wp\/wp-content\/uploads\/2014\/06\/scaled.Wurzelst.-6.jpg\"><img loading=\"lazy\" decoding=\"async\" class=\"alignleft size-full wp-image-5701\" src=\"https:\/\/www.kunstwerkstatt.at\/wp\/wp-content\/uploads\/2014\/06\/scaled.Wurzelst.-6.jpg\" alt=\"scaled.Wurzelst. 6\" width=\"450\" height=\"299\" srcset=\"https:\/\/www.kunstwerkstatt.at\/wp\/wp-content\/uploads\/2014\/06\/scaled.Wurzelst.-6.jpg 450w, https:\/\/www.kunstwerkstatt.at\/wp\/wp-content\/uploads\/2014\/06\/scaled.Wurzelst.-6-300x199.jpg 300w\" sizes=\"auto, (max-width: 450px) 100vw, 450px\" \/><\/a><\/p>\n","protected":false},"excerpt":{"rendered":"<p>Vernissage: 6. m\u00e4rz 19h00 Ausstellungsdauer: so 22. m\u00e4rz \u00d6ffnungszeiten: fr-so 14-18h00<\/p>\n","protected":false},"author":2,"featured_media":0,"comment_status":"open","ping_status":"closed","sticky":false,"template":"","format":"standard","meta":{"ngg_post_thumbnail":0,"footnotes":""},"categories":[3],"tags":[],"class_list":["post-5694","post","type-post","status-publish","format-standard","hentry","category-ausstellung"],"_links":{"self":[{"href":"https:\/\/www.kunstwerkstatt.at\/wp\/index.php?rest_route=\/wp\/v2\/posts\/5694","targetHints":{"allow":["GET"]}}],"collection":[{"href":"https:\/\/www.kunstwerkstatt.at\/wp\/index.php?rest_route=\/wp\/v2\/posts"}],"about":[{"href":"https:\/\/www.kunstwerkstatt.at\/wp\/index.php?rest_route=\/wp\/v2\/types\/post"}],"author":[{"embeddable":true,"href":"https:\/\/www.kunstwerkstatt.at\/wp\/index.php?rest_route=\/wp\/v2\/users\/2"}],"replies":[{"embeddable":true,"href":"https:\/\/www.kunstwerkstatt.at\/wp\/index.php?rest_route=%2Fwp%2Fv2%2Fcomments&post=5694"}],"version-history":[{"count":5,"href":"https:\/\/www.kunstwerkstatt.at\/wp\/index.php?rest_route=\/wp\/v2\/posts\/5694\/revisions"}],"predecessor-version":[{"id":5742,"href":"https:\/\/www.kunstwerkstatt.at\/wp\/index.php?rest_route=\/wp\/v2\/posts\/5694\/revisions\/5742"}],"wp:attachment":[{"href":"https:\/\/www.kunstwerkstatt.at\/wp\/index.php?rest_route=%2Fwp%2Fv2%2Fmedia&parent=5694"}],"wp:term":[{"taxonomy":"category","embeddable":true,"href":"https:\/\/www.kunstwerkstatt.at\/wp\/index.php?rest_route=%2Fwp%2Fv2%2Fcategories&post=5694"},{"taxonomy":"post_tag","embeddable":true,"href":"https:\/\/www.kunstwerkstatt.at\/wp\/index.php?rest_route=%2Fwp%2Fv2%2Ftags&post=5694"}],"curies":[{"name":"wp","href":"https:\/\/api.w.org\/{rel}","templated":true}]}}