{"id":5784,"date":"2012-03-18T10:12:07","date_gmt":"2012-03-18T09:12:07","guid":{"rendered":"http:\/\/www.kunstwerkstatt.at\/wp\/?p=5784"},"modified":"2015-05-07T10:34:55","modified_gmt":"2015-05-07T09:34:55","slug":"noen-artikel","status":"publish","type":"post","link":"https:\/\/www.kunstwerkstatt.at\/wp\/?p=5784","title":{"rendered":"N\u00d6N Artikel"},"content":{"rendered":"<p>Vielen Dank liebe N\u00d6N f\u00fcr den netten Artikel \u00fcber unsere szenische Lesung &#8222;Der Kuss des Todesengels!&#8220;<\/p>\n<p><a href=\"https:\/\/www.kunstwerkstatt.at\/wp\/wp-content\/uploads\/2015\/04\/Screen-Shot-2015-04-26-at-11.08.33.png\"><img loading=\"lazy\" decoding=\"async\" src=\"https:\/\/www.kunstwerkstatt.at\/wp\/wp-content\/uploads\/2015\/04\/Screen-Shot-2015-04-26-at-11.08.33-450x230.png\" alt=\"Screen Shot 2015-04-26 at 11.08.33\" width=\"450\" height=\"230\" class=\"alignleft size-large wp-image-5785\" srcset=\"https:\/\/www.kunstwerkstatt.at\/wp\/wp-content\/uploads\/2015\/04\/Screen-Shot-2015-04-26-at-11.08.33-450x230.png 450w, https:\/\/www.kunstwerkstatt.at\/wp\/wp-content\/uploads\/2015\/04\/Screen-Shot-2015-04-26-at-11.08.33-300x153.png 300w, https:\/\/www.kunstwerkstatt.at\/wp\/wp-content\/uploads\/2015\/04\/Screen-Shot-2015-04-26-at-11.08.33.png 1075w\" sizes=\"auto, (max-width: 450px) 100vw, 450px\" \/><\/a><\/p>\n","protected":false},"excerpt":{"rendered":"<p>Vielen Dank liebe N\u00d6N f\u00fcr den netten Artikel \u00fcber unsere szenische Lesung &#8222;Der Kuss des Todesengels!&#8220;<\/p>\n","protected":false},"author":4,"featured_media":0,"comment_status":"open","ping_status":"closed","sticky":false,"template":"","format":"standard","meta":{"ngg_post_thumbnail":0,"footnotes":""},"categories":[9,16],"tags":[],"class_list":["post-5784","post","type-post","status-publish","format-standard","hentry","category-lesung","category-presse"],"_links":{"self":[{"href":"https:\/\/www.kunstwerkstatt.at\/wp\/index.php?rest_route=\/wp\/v2\/posts\/5784","targetHints":{"allow":["GET"]}}],"collection":[{"href":"https:\/\/www.kunstwerkstatt.at\/wp\/index.php?rest_route=\/wp\/v2\/posts"}],"about":[{"href":"https:\/\/www.kunstwerkstatt.at\/wp\/index.php?rest_route=\/wp\/v2\/types\/post"}],"author":[{"embeddable":true,"href":"https:\/\/www.kunstwerkstatt.at\/wp\/index.php?rest_route=\/wp\/v2\/users\/4"}],"replies":[{"embeddable":true,"href":"https:\/\/www.kunstwerkstatt.at\/wp\/index.php?rest_route=%2Fwp%2Fv2%2Fcomments&post=5784"}],"version-history":[{"count":1,"href":"https:\/\/www.kunstwerkstatt.at\/wp\/index.php?rest_route=\/wp\/v2\/posts\/5784\/revisions"}],"predecessor-version":[{"id":5786,"href":"https:\/\/www.kunstwerkstatt.at\/wp\/index.php?rest_route=\/wp\/v2\/posts\/5784\/revisions\/5786"}],"wp:attachment":[{"href":"https:\/\/www.kunstwerkstatt.at\/wp\/index.php?rest_route=%2Fwp%2Fv2%2Fmedia&parent=5784"}],"wp:term":[{"taxonomy":"category","embeddable":true,"href":"https:\/\/www.kunstwerkstatt.at\/wp\/index.php?rest_route=%2Fwp%2Fv2%2Fcategories&post=5784"},{"taxonomy":"post_tag","embeddable":true,"href":"https:\/\/www.kunstwerkstatt.at\/wp\/index.php?rest_route=%2Fwp%2Fv2%2Ftags&post=5784"}],"curies":[{"name":"wp","href":"https:\/\/api.w.org\/{rel}","templated":true}]}}