{"id":5788,"date":"2012-03-22T10:28:29","date_gmt":"2012-03-22T09:28:29","guid":{"rendered":"http:\/\/www.kunstwerkstatt.at\/wp\/?p=5788"},"modified":"2015-06-22T10:16:18","modified_gmt":"2015-06-22T09:16:18","slug":"do-18-fr-19-juni-20h00-theaterperformance","status":"publish","type":"post","link":"https:\/\/www.kunstwerkstatt.at\/wp\/?p=5788","title":{"rendered":"do 18.+ fr 19. juni 20h00 theaterperformance"},"content":{"rendered":"<p><a href=\"https:\/\/www.youtube.com\/watch?v=NCu9afXPvPM&amp;feature=youtu.be\"><img loading=\"lazy\" decoding=\"async\" class=\"alignleft size-full wp-image-5789\" src=\"https:\/\/www.kunstwerkstatt.at\/wp\/wp-content\/uploads\/2015\/05\/flyer-loewen-schmetterlingeHP.jpg\" alt=\"flyer-loewen-schmetterlingeHP\" width=\"450\" height=\"150\" srcset=\"https:\/\/www.kunstwerkstatt.at\/wp\/wp-content\/uploads\/2015\/05\/flyer-loewen-schmetterlingeHP.jpg 450w, https:\/\/www.kunstwerkstatt.at\/wp\/wp-content\/uploads\/2015\/05\/flyer-loewen-schmetterlingeHP-300x100.jpg 300w\" sizes=\"auto, (max-width: 450px) 100vw, 450px\" \/><\/a>E: 12 Euro \/ 8 euro erm\u00e4\u00dfigt<br \/>\nDie L\u00f6wen sind den Schmetterlingen nicht l\u00e4stig<\/p>\n<p>Bildende Kunst, Schauspiel und Musik treffen dabei aufeinander und machen gemeinsam Theater!<br \/>\nvon\/mit Julia Pr\u00f6glh\u00f6f, Lukas Hochrieder<br \/>\nMusik: lelkem<br \/>\n<a href=\"http:\/\/www.lelkem.com\">www.lelkem.com<\/a><br \/>\n<a href=\"https:\/\/www.facebook.com\/tanda.radei.7\">https:\/\/www.facebook.com\/tanda.radei.7<\/a><br \/>\n<a href=\"https:\/\/www.youtube.com\/watch?v=NCu9afXPvPM&amp;feature=youtu.be\">https:\/\/www.youtube.com\/watch?v=NCu9afXPvPM&amp;feature=youtu.be<\/a><\/p>\n<p><!--more--><br \/>\nEine Raupe wird zum Schmetterling und dieses Bild zur Metapher f\u00fcr Ver\u00e4nderung.<br \/>\nDoch was passiert eigentlich dazwischen? Im Verborgenen? Was passiert bevor eine Ver\u00e4nderung sichtbar wird?<br \/>\nDie Theaterperformance interessiert sich f\u00fcr genau diese Prozesse; die Widerst\u00e4nde und Euphorie, das Unsagbare,\u00a0 jenes, das sich selbst erst als Realit\u00e4t begreifen muss.<\/p>\n","protected":false},"excerpt":{"rendered":"<p>E: 12 Euro \/ 8 euro erm\u00e4\u00dfigt Die L\u00f6wen sind den Schmetterlingen nicht l\u00e4stig Bildende Kunst, Schauspiel und Musik treffen&hellip;<\/p>\n","protected":false},"author":2,"featured_media":0,"comment_status":"open","ping_status":"closed","sticky":false,"template":"","format":"standard","meta":{"ngg_post_thumbnail":0,"footnotes":""},"categories":[12,13],"tags":[],"class_list":["post-5788","post","type-post","status-publish","format-standard","hentry","category-performances","category-theater"],"_links":{"self":[{"href":"https:\/\/www.kunstwerkstatt.at\/wp\/index.php?rest_route=\/wp\/v2\/posts\/5788","targetHints":{"allow":["GET"]}}],"collection":[{"href":"https:\/\/www.kunstwerkstatt.at\/wp\/index.php?rest_route=\/wp\/v2\/posts"}],"about":[{"href":"https:\/\/www.kunstwerkstatt.at\/wp\/index.php?rest_route=\/wp\/v2\/types\/post"}],"author":[{"embeddable":true,"href":"https:\/\/www.kunstwerkstatt.at\/wp\/index.php?rest_route=\/wp\/v2\/users\/2"}],"replies":[{"embeddable":true,"href":"https:\/\/www.kunstwerkstatt.at\/wp\/index.php?rest_route=%2Fwp%2Fv2%2Fcomments&post=5788"}],"version-history":[{"count":3,"href":"https:\/\/www.kunstwerkstatt.at\/wp\/index.php?rest_route=\/wp\/v2\/posts\/5788\/revisions"}],"predecessor-version":[{"id":5796,"href":"https:\/\/www.kunstwerkstatt.at\/wp\/index.php?rest_route=\/wp\/v2\/posts\/5788\/revisions\/5796"}],"wp:attachment":[{"href":"https:\/\/www.kunstwerkstatt.at\/wp\/index.php?rest_route=%2Fwp%2Fv2%2Fmedia&parent=5788"}],"wp:term":[{"taxonomy":"category","embeddable":true,"href":"https:\/\/www.kunstwerkstatt.at\/wp\/index.php?rest_route=%2Fwp%2Fv2%2Fcategories&post=5788"},{"taxonomy":"post_tag","embeddable":true,"href":"https:\/\/www.kunstwerkstatt.at\/wp\/index.php?rest_route=%2Fwp%2Fv2%2Ftags&post=5788"}],"curies":[{"name":"wp","href":"https:\/\/api.w.org\/{rel}","templated":true}]}}