{"id":5840,"date":"2012-04-12T15:35:33","date_gmt":"2012-04-12T14:35:33","guid":{"rendered":"http:\/\/www.kunstwerkstatt.at\/wp\/?p=5840"},"modified":"2015-11-02T11:20:37","modified_gmt":"2015-11-02T10:20:37","slug":"vernissage-16-okt-2015-19h00-fritz-ruprechter","status":"publish","type":"post","link":"https:\/\/www.kunstwerkstatt.at\/wp\/?p=5840","title":{"rendered":"laufende Ausstellung | FRITZ RUPRECHTER"},"content":{"rendered":"<p><a href=\"https:\/\/www.kunstwerkstatt.at\/wp\/wp-content\/uploads\/2015\/06\/tulln-1HP.jpg\"><img loading=\"lazy\" decoding=\"async\" class=\"alignleft size-full wp-image-5799\" src=\"https:\/\/www.kunstwerkstatt.at\/wp\/wp-content\/uploads\/2015\/06\/tulln-1HP.jpg\" alt=\"tulln 1HP\" width=\"450\" height=\"150\" srcset=\"https:\/\/www.kunstwerkstatt.at\/wp\/wp-content\/uploads\/2015\/06\/tulln-1HP.jpg 450w, https:\/\/www.kunstwerkstatt.at\/wp\/wp-content\/uploads\/2015\/06\/tulln-1HP-300x100.jpg 300w\" sizes=\"auto, (max-width: 450px) 100vw, 450px\" \/><\/a>vernissage: 16.10.2015\/ 19h00<br \/>\nausstellung bis 1. nov,<br \/>\n\u00f6ffnungszeiten: fr-so 14-18h00<\/p>\n<p>die Er\u00f6ffnung erfolgt durch Mag. Hartwig Knack (http:\/\/www.parnass.at\/autor\/hartwig-knack) und er wird uns einen Einblick in das Leben und die Entstehung der Werke von Fritz Ruprechter geben.<br \/>\nDer K\u00fcnstler ist pers\u00f6nlich anwesend.<\/p>\n<p><!--more--><\/p>\n<p><a href=\"http:\/\/www.fritzruprechter.at\">www.fritzruprechter.at<\/a><\/p>\n<p>Fritz Ruprechter lebt und arbeitet im S\u00fcden von Wien, wo er in einer<br \/>\nalten Textilm\u00fchle in Maria Lanzendorf Wohnung und Atelier hat. Er wurde<br \/>\n1950 in Matrei in Osttirol geboren, studierte an der Hochschule f\u00fcr<br \/>\nangewandte Kunst in Wien und vollendete sein Malerei- und Grafikstudium<br \/>\nan den Kunsthochschulen von Cork, Irland und Groningen in den Niederlanden.<\/p>\n<p><a href=\"https:\/\/www.kunstwerkstatt.at\/wp\/wp-content\/uploads\/2015\/06\/tulln-2-Port-HP..jpg\"><img loading=\"lazy\" decoding=\"async\" class=\"alignleft size-full wp-image-5802\" src=\"https:\/\/www.kunstwerkstatt.at\/wp\/wp-content\/uploads\/2015\/06\/tulln-2-Port-HP..jpg\" alt=\"tulln 2 Port HP.\" width=\"450\" height=\"450\" srcset=\"https:\/\/www.kunstwerkstatt.at\/wp\/wp-content\/uploads\/2015\/06\/tulln-2-Port-HP..jpg 450w, https:\/\/www.kunstwerkstatt.at\/wp\/wp-content\/uploads\/2015\/06\/tulln-2-Port-HP.-150x150.jpg 150w, https:\/\/www.kunstwerkstatt.at\/wp\/wp-content\/uploads\/2015\/06\/tulln-2-Port-HP.-300x300.jpg 300w\" sizes=\"auto, (max-width: 450px) 100vw, 450px\" \/><\/a>Foto: c\/ sonja d\u00fcrnberger<\/p>\n<p>Wie man unschwer erkennen kann, handelt es sich bei Ruprechters<br \/>\nPaneelen und Arbeiten auf Papier um Werke, die einer ruhigen Hand, eines<br \/>\ngenauen Auges und eines extrem wachen Geistes bed\u00fcrfen. Diesen widmet er<br \/>\nsich in fast m\u00f6nchischer Haltung, die wiederum in der kontemplativen<br \/>\nBetrachtung seiner Arbeiten ihren Widerhall findet.<\/p>\n<p>Ruprechters signifikantestes Gestaltungselement ist die Schr\u00e4ge in<br \/>\nLinie, Fl\u00e4che und r\u00e4umlicher \u00dcberschneidung. Seine Mittel sind sparsam:<br \/>\nAls Werkzeuge dienen ihm Bleistift und Kugelschreiber, ein Lineal f\u00fcr die Linienzeichnung und die Faltungen, Aquarellfarben und Industrielacke<br \/>\nf\u00fcr die auf Blau-, Gr\u00fcn- und Graut\u00f6ne reduzierte Farbgebung. Als Gr\u00fcnde verwendet er unter anderem gef\u00e4rbte und in Streifen geschnittene Kartons, deren Oberfl\u00e4chen oft fl\u00e4chig aufgerissen und zuletzt mit Wachs \u00fcberzogen werden. Die Wachsschicht bleibt auf den glatten und rauhen Fl\u00e4che, sowie den Spalten dazwischen unterschiedlich haften, wird zum Teil ganz aufgesogen und l\u00e4dt so zu einem vielf\u00e4ltigen Spiel des Lichtes ein.<\/p>\n<p>Bei Ruprechters Abstraktion steht nicht das Reduzieren von etwas Dinglichem, wie Natur oder Figur, zur Diskussion, sondern das Schaffen des Bildes um seiner selbst Willen. Bei ihm, wie bei anderen konkreten K\u00fcnstlern, manifestiert sich dies in minimalistischen Sch\u00f6pfungen.<\/p>\n<p>Die vierte Dimension, die Zeit, wird bei Ruprechter sowohl im Nachvollzug des langsamen Herstellungsprozesses sp\u00fcrbar, als auch im Verharren vor der zeitlosen Sch\u00f6nheit seiner Werke. Mein Kunsthistorikerkollege Florian Steininger hat sie einmal sehr treffend \u00bbTafeln der inneren Ruhe\u00ab genannt und sich damit auf den Philosophen Georg Frank bezogen, der meinte, dass sich das \u00bbGeistige in der Kunst\u00ab nicht herbeireden lie\u00dfe, sondern nur erschweigen und dass dies in der Abstraktion wohl am ehesten m\u00f6glich sei.<\/p>\n<p>\u00a9 Maria Christine Holter, 2011<\/p>\n","protected":false},"excerpt":{"rendered":"<p>vernissage: 16.10.2015\/ 19h00 ausstellung bis 1. nov, \u00f6ffnungszeiten: fr-so 14-18h00 die Er\u00f6ffnung erfolgt durch Mag. Hartwig Knack (http:\/\/www.parnass.at\/autor\/hartwig-knack) und er&hellip;<\/p>\n","protected":false},"author":2,"featured_media":0,"comment_status":"open","ping_status":"closed","sticky":false,"template":"","format":"standard","meta":{"ngg_post_thumbnail":0,"footnotes":""},"categories":[3],"tags":[],"class_list":["post-5840","post","type-post","status-publish","format-standard","hentry","category-ausstellung"],"_links":{"self":[{"href":"https:\/\/www.kunstwerkstatt.at\/wp\/index.php?rest_route=\/wp\/v2\/posts\/5840","targetHints":{"allow":["GET"]}}],"collection":[{"href":"https:\/\/www.kunstwerkstatt.at\/wp\/index.php?rest_route=\/wp\/v2\/posts"}],"about":[{"href":"https:\/\/www.kunstwerkstatt.at\/wp\/index.php?rest_route=\/wp\/v2\/types\/post"}],"author":[{"embeddable":true,"href":"https:\/\/www.kunstwerkstatt.at\/wp\/index.php?rest_route=\/wp\/v2\/users\/2"}],"replies":[{"embeddable":true,"href":"https:\/\/www.kunstwerkstatt.at\/wp\/index.php?rest_route=%2Fwp%2Fv2%2Fcomments&post=5840"}],"version-history":[{"count":9,"href":"https:\/\/www.kunstwerkstatt.at\/wp\/index.php?rest_route=\/wp\/v2\/posts\/5840\/revisions"}],"predecessor-version":[{"id":6040,"href":"https:\/\/www.kunstwerkstatt.at\/wp\/index.php?rest_route=\/wp\/v2\/posts\/5840\/revisions\/6040"}],"wp:attachment":[{"href":"https:\/\/www.kunstwerkstatt.at\/wp\/index.php?rest_route=%2Fwp%2Fv2%2Fmedia&parent=5840"}],"wp:term":[{"taxonomy":"category","embeddable":true,"href":"https:\/\/www.kunstwerkstatt.at\/wp\/index.php?rest_route=%2Fwp%2Fv2%2Fcategories&post=5840"},{"taxonomy":"post_tag","embeddable":true,"href":"https:\/\/www.kunstwerkstatt.at\/wp\/index.php?rest_route=%2Fwp%2Fv2%2Ftags&post=5840"}],"curies":[{"name":"wp","href":"https:\/\/api.w.org\/{rel}","templated":true}]}}