{"id":6046,"date":"2013-06-06T10:55:09","date_gmt":"2013-06-06T09:55:09","guid":{"rendered":"http:\/\/www.kunstwerkstatt.at\/wp\/?p=6046"},"modified":"2016-02-10T16:16:45","modified_gmt":"2016-02-10T15:16:45","slug":"sa-6-feb-20h00-dramulet-in-2-akten-falco-und-die-panne-beim-hosenkauf","status":"publish","type":"post","link":"https:\/\/www.kunstwerkstatt.at\/wp\/?p=6046","title":{"rendered":"sa 6.2. 20h: Falco und die Panne beim Hosenkauf"},"content":{"rendered":"<p><a href=\"https:\/\/www.youtube.com\/watch?v=4u1OAmMHaAA\"><img loading=\"lazy\" decoding=\"async\" class=\"alignleft size-full wp-image-6082\" src=\"https:\/\/www.kunstwerkstatt.at\/wp\/wp-content\/uploads\/2014\/04\/flyer-Dramolett-HP.jpg\" alt=\"flyer Dramolett-HP\" width=\"450\" height=\"166\" srcset=\"https:\/\/www.kunstwerkstatt.at\/wp\/wp-content\/uploads\/2014\/04\/flyer-Dramolett-HP.jpg 450w, https:\/\/www.kunstwerkstatt.at\/wp\/wp-content\/uploads\/2014\/04\/flyer-Dramolett-HP-300x110.jpg 300w\" sizes=\"auto, (max-width: 450px) 100vw, 450px\" \/><\/a>E: 12\u20ac, KWT-MG 9\u20ac<br \/>\nunter office@kunstwerkstatt.at, in der Trafik am Hauptplatz und bei der Easydrivers Fahrschuler Werzinger<\/p>\n<p>Drehbuch und Regie: Hans B. Schlosser<br \/>\nIdee: Manfred Distel<br \/>\nein ehemaliger Burgtheaterdirektor und ein Schriftsteller unterhalten sich in der H\u00f6lle \u00fcber die von ihnen geschaffene Kunstfigur Falco und deren unerwarteten Entwicklungen.<\/p>\n<p><a href=\"https:\/\/www.youtube.com\/watch?v=4u1OAmMHaAA\">zum Trailer hier klicken<\/a><\/p>\n<p><a href=\"https:\/\/www.youtube.com\/watch?v=4u1OAmMHaAA\"><!--more--><\/a><br \/>\nNach dem Tod des gr\u00f6\u00dften Popstars des Landes wurde eine Mythen- und Legendenbildung um Falco betrieben, wie sie nur in \u00d6sterreich m\u00f6glich ist.<\/p>\n<p>Bei einer launigen Zugfahrt beschlossen Manfred Antonius Distel und Hans B. Schlosser daher, dass dem noch nicht genug ist, und machten sich an die Arbeit an zwei kurzweiligen und abstrakt-surrealen Dramoletten, diese Mythenbildung in ein dadaistisches Korsett zu quetschen.<br \/>\nZiel ist es, die Zuschauer nach dem Abend so zu verwirren, dass sie nicht einmal mehr sicher sind, ob Falco \u00fcberhaupt je existiert hat.<\/p>\n<p>Schon in seinem ersten Werk zeigt der partieller Skeptiker und Zyniker Hans B. Schlosser seinen Hang zum Morbiden. Es scheint, dass er es nicht ertragen kann, lebende Figuren zu entwickeln: Er setzt seinen ersten Handlungsstrang in die H\u00f6lle, nimmt dabei geniale Anleihen bei Sartres \u201eHuis clos \u201c und ersetzt die Figuren durch \u00f6sterreichische und deutsche Lichtgestalten.<\/p>\n<p>Manfred Antonius Distel, im Tullnerfeld besser bekannt als Europas-Bester-Heinz-Erhardt-Darsteller, zeigt sich in dieser Inszenierung von seiner ernsten, nachdenklichen Seite und wird auf der B\u00fchne Rindsuppe essen und Champagner trinken, aber ohne der Brille ohne Gl\u00e4ser.<\/p>\n<p>Unterst\u00fctzt werden die zwei Initiatoren von \u201eFalco und die Panne beim Hosenkauf\u201c von dem aus \u201eEiner haarigen Geschichte\u201c bekannten Peter Feuchtinger. Jeder, der sich schon mal mit seinem Hauptwerk Haupt besch\u00e4ftigt hat, muss die Brillanz des eigentlichen Musicaldarstellers erkennen.<\/p>\n<p>In weiteren Rollen werden die charmante Ella Sunshine und der rotzfreche Mario \u201edmdgf\u201c Coyote bei ihren B\u00fchnendeb\u00fct zu sehen sein.<\/p>\n<p>Falco und die Panne beim Hosenkauf, der wahnwitzige Irrsinn f\u00fcr das Bildungsproletariat, wird am 6.Februar 2016 in der Kunstwerkstatt uraufgef\u00fchrt.<\/p>\n","protected":false},"excerpt":{"rendered":"<p>E: 12\u20ac, KWT-MG 9\u20ac unter office@kunstwerkstatt.at, in der Trafik am Hauptplatz und bei der Easydrivers Fahrschuler Werzinger Drehbuch und Regie:&hellip;<\/p>\n","protected":false},"author":2,"featured_media":0,"comment_status":"open","ping_status":"closed","sticky":false,"template":"","format":"standard","meta":{"ngg_post_thumbnail":0,"footnotes":""},"categories":[9,12,13],"tags":[],"class_list":["post-6046","post","type-post","status-publish","format-standard","hentry","category-lesung","category-performances","category-theater"],"_links":{"self":[{"href":"https:\/\/www.kunstwerkstatt.at\/wp\/index.php?rest_route=\/wp\/v2\/posts\/6046","targetHints":{"allow":["GET"]}}],"collection":[{"href":"https:\/\/www.kunstwerkstatt.at\/wp\/index.php?rest_route=\/wp\/v2\/posts"}],"about":[{"href":"https:\/\/www.kunstwerkstatt.at\/wp\/index.php?rest_route=\/wp\/v2\/types\/post"}],"author":[{"embeddable":true,"href":"https:\/\/www.kunstwerkstatt.at\/wp\/index.php?rest_route=\/wp\/v2\/users\/2"}],"replies":[{"embeddable":true,"href":"https:\/\/www.kunstwerkstatt.at\/wp\/index.php?rest_route=%2Fwp%2Fv2%2Fcomments&post=6046"}],"version-history":[{"count":13,"href":"https:\/\/www.kunstwerkstatt.at\/wp\/index.php?rest_route=\/wp\/v2\/posts\/6046\/revisions"}],"predecessor-version":[{"id":6236,"href":"https:\/\/www.kunstwerkstatt.at\/wp\/index.php?rest_route=\/wp\/v2\/posts\/6046\/revisions\/6236"}],"wp:attachment":[{"href":"https:\/\/www.kunstwerkstatt.at\/wp\/index.php?rest_route=%2Fwp%2Fv2%2Fmedia&parent=6046"}],"wp:term":[{"taxonomy":"category","embeddable":true,"href":"https:\/\/www.kunstwerkstatt.at\/wp\/index.php?rest_route=%2Fwp%2Fv2%2Fcategories&post=6046"},{"taxonomy":"post_tag","embeddable":true,"href":"https:\/\/www.kunstwerkstatt.at\/wp\/index.php?rest_route=%2Fwp%2Fv2%2Ftags&post=6046"}],"curies":[{"name":"wp","href":"https:\/\/api.w.org\/{rel}","templated":true}]}}