{"id":6201,"date":"2013-06-19T22:38:55","date_gmt":"2013-06-19T21:38:55","guid":{"rendered":"http:\/\/www.kunstwerkstatt.at\/wp\/?p=6201"},"modified":"2016-05-03T16:41:03","modified_gmt":"2016-05-03T15:41:03","slug":"do-7-4-vernissage-gisela-reimer-und-barbara-klampfl","status":"publish","type":"post","link":"https:\/\/www.kunstwerkstatt.at\/wp\/?p=6201","title":{"rendered":"Ausstellung: Linie im Raum &#8211; Gisela Reimer : Barbara Klampfl"},"content":{"rendered":"<p><a href=\"https:\/\/www.kunstwerkstatt.at\/wp\/wp-content\/uploads\/2014\/03\/KWT2016-2.jpg\"><img loading=\"lazy\" decoding=\"async\" class=\"alignleft size-large wp-image-6275\" src=\"https:\/\/www.kunstwerkstatt.at\/wp\/wp-content\/uploads\/2014\/03\/KWT2016-2-450x150.jpg\" alt=\"KWT2016-2\" width=\"450\" height=\"150\" srcset=\"https:\/\/www.kunstwerkstatt.at\/wp\/wp-content\/uploads\/2014\/03\/KWT2016-2-450x150.jpg 450w, https:\/\/www.kunstwerkstatt.at\/wp\/wp-content\/uploads\/2014\/03\/KWT2016-2-300x100.jpg 300w, https:\/\/www.kunstwerkstatt.at\/wp\/wp-content\/uploads\/2014\/03\/KWT2016-2.jpg 1794w\" sizes=\"auto, (max-width: 450px) 100vw, 450px\" \/><\/a>Vernissage: 7. April 19h00<br \/>\nAusstellung bis 24. April<br \/>\n\u00d6ffnungszeiten Fr-So 14-18h00<\/p>\n<p>Die beiden K\u00fcnstlerinnen stellen ihr Konzept vor, welches sie 2015 in Paliano &#8211; &#8222;Artists in Residence&#8220; &#8211; gef\u00f6rdert durch das Land Nieder\u00f6sterreich &#8211; entwickelt haben.<!--more--><\/p>\n<p>Spezial:<br \/>\ndie K\u00dcNSTLERINNEN f\u00fchren durch die Ausstellung am Sonntag den 10. April, Freitag den 15. April und Samstag den 16. April<br \/>\neine wunderbare Gelegenheit mehr \u00fcber das Gesehene zu erfahren!<\/p>\n","protected":false},"excerpt":{"rendered":"<p>Vernissage: 7. April 19h00 Ausstellung bis 24. April \u00d6ffnungszeiten Fr-So 14-18h00 Die beiden K\u00fcnstlerinnen stellen ihr Konzept vor, welches sie&hellip;<\/p>\n","protected":false},"author":2,"featured_media":0,"comment_status":"open","ping_status":"closed","sticky":false,"template":"","format":"standard","meta":{"ngg_post_thumbnail":0,"footnotes":""},"categories":[3],"tags":[],"class_list":["post-6201","post","type-post","status-publish","format-standard","hentry","category-ausstellung"],"_links":{"self":[{"href":"https:\/\/www.kunstwerkstatt.at\/wp\/index.php?rest_route=\/wp\/v2\/posts\/6201","targetHints":{"allow":["GET"]}}],"collection":[{"href":"https:\/\/www.kunstwerkstatt.at\/wp\/index.php?rest_route=\/wp\/v2\/posts"}],"about":[{"href":"https:\/\/www.kunstwerkstatt.at\/wp\/index.php?rest_route=\/wp\/v2\/types\/post"}],"author":[{"embeddable":true,"href":"https:\/\/www.kunstwerkstatt.at\/wp\/index.php?rest_route=\/wp\/v2\/users\/2"}],"replies":[{"embeddable":true,"href":"https:\/\/www.kunstwerkstatt.at\/wp\/index.php?rest_route=%2Fwp%2Fv2%2Fcomments&post=6201"}],"version-history":[{"count":8,"href":"https:\/\/www.kunstwerkstatt.at\/wp\/index.php?rest_route=\/wp\/v2\/posts\/6201\/revisions"}],"predecessor-version":[{"id":6357,"href":"https:\/\/www.kunstwerkstatt.at\/wp\/index.php?rest_route=\/wp\/v2\/posts\/6201\/revisions\/6357"}],"wp:attachment":[{"href":"https:\/\/www.kunstwerkstatt.at\/wp\/index.php?rest_route=%2Fwp%2Fv2%2Fmedia&parent=6201"}],"wp:term":[{"taxonomy":"category","embeddable":true,"href":"https:\/\/www.kunstwerkstatt.at\/wp\/index.php?rest_route=%2Fwp%2Fv2%2Fcategories&post=6201"},{"taxonomy":"post_tag","embeddable":true,"href":"https:\/\/www.kunstwerkstatt.at\/wp\/index.php?rest_route=%2Fwp%2Fv2%2Ftags&post=6201"}],"curies":[{"name":"wp","href":"https:\/\/api.w.org\/{rel}","templated":true}]}}